{"id":65252,"date":"2019-10-23T07:31:44","date_gmt":"2019-10-23T11:31:44","guid":{"rendered":"https:\/\/linitiative.ca\/International\/avec-dyalna-nous-deciderons-de-ce-que-nous-voulons-consommer\/"},"modified":"2019-10-23T07:31:44","modified_gmt":"2019-10-23T11:31:44","slug":"avec-dyalna-nous-deciderons-de-ce-que-nous-voulons-consommer","status":"publish","type":"post","link":"https:\/\/linitiative.ca\/International\/avec-dyalna-nous-deciderons-de-ce-que-nous-voulons-consommer\/","title":{"rendered":"\u00abAvec Dyalna, nous d\u00e9ciderons de ce que nous voulons consommer\u00bb"},"content":{"rendered":"<p class=\"has-text-color has-vivid-cyan-blue-color\"><strong>Les Marocains veulent d\u00e9sormais \u00eatre acteurs de leur consommation. A travers la nouvelle marque \u00abDyalna\u00bb, les consommateurs vont bient\u00f4t cr\u00e9er leurs propres produits, contr\u00f4ler les circuits de fabrication, veiller \u00e0 la tra\u00e7abilit\u00e9, en fixer eux-m\u00eames les prix\u2026<\/strong><\/p>\n<p><strong>Ne plus \u00eatre \u00e0 la merci des entreprises, dont ils d\u00e9pendent pour leur consommation, c\u2019est la vision de la marque de consommateurs \u00abDyalna\u00bb. A travers cette marque in\u00e9dite, les consommateurs du royaume voudraient d\u00e9sormais exercer leur pouvoir sur les produits et acheter en connaissance de cause.<\/strong><\/p>\n<p><strong>Dyalna, qui se veut une initiative citoyenne s\u2019inspire de \u00abC\u2019est qui le patron ?\u00bb lanc\u00e9e en 2016 en France, consiste \u00e0 inviter les consommateurs \u00e0 r\u00e9fl\u00e9chir collectivement sur le cahier des charges d\u2019un produit, \u00e0 le produire selon les normes d\u00e9finies et \u00e0 le commercialiser au juste prix, tout en r\u00e9mun\u00e9rant correctement tous les op\u00e9rateurs de la chaine.<\/strong><\/p>\n<p><strong>Le processus de cr\u00e9ation des produits est simple. Les consommateurs sont invit\u00e9s \u00e0 s\u2019inscrire sur la plateforme www.lamarqueduconsommateur.ma ou www.markatelmoustahlik.ma et \u00e0 voter pour les produits \u00e0 fabriquer sous la marque Dyalna. Pour l\u2019instant, trois produits ont \u00e9t\u00e9 largement vot\u00e9s par les consommateurs. Il s\u2019agit du lait, de l\u2019huile d\u2019olive et du fromage. Apr\u00e8s le choix des produits, la marque ira \u00e0 la recherche des partenaires en vue de la production desdits produits qui seront par la suite commercialis\u00e9s aux prix fix\u00e9s par les consommateurs selon des crit\u00e8res tenant en compte tous les op\u00e9rateurs de la chaine.<\/strong><\/p>\n<p><strong>Al Bayane\u00a0: Pourquoi une \u00abmarque de consommateurs\u00bb au Maroc?<\/strong><\/p>\n<p><strong>Nawal Slamti<\/strong>\u00a0: Une Marque de Consommateurs au Maroc est la r\u00e9ponse \u00e0 une volont\u00e9 commune d\u2019\u00eatre au fait du sujet de notre consommation. Aujourd\u2019hui, il est important pour nous consommateurs de savoir, avant d\u2019acheter un produit, quel impact il aura sur notre sant\u00e9, sur notre environnement \u00e9conomique, social et environnemental. Nous voulons savoir o\u00f9 va notre argent et comment chaque acteur de la cha\u00eene de valeur est r\u00e9mun\u00e9r\u00e9. Et le chemin le plus court est de nous impliquer, nous consommateurs, en amont de toute cr\u00e9ation de produit sous la d\u00e9nomination Dyalna en participant \u00e0 l\u2019\u00e9laboration de son cahier des charges.<\/p>\n<p>Dyalna est une initiative positive qui a pour ambition de r\u00e9unir et rapprocher les consommateurs, les futurs producteurs, industriels et distributeurs partenaires autour des m\u00eames valeurs de Responsabilit\u00e9, d\u2019Authencit\u00e9 et de transparence.<\/p>\n<p><strong>La marque Dyalna se base sur le concept de co-cr\u00e9ation et consom\u2019Acteurs, qui ne sont pas nouveaux, puisque certaines entreprises impliquaient d\u00e9j\u00e0 les consommateurs pour lancer de nouveaux produits. Qu\u2019est ce qui fait la diff\u00e9rence de Dyalna sur ce point ? Quelles sont les sp\u00e9cificit\u00e9s d\u2019une marque consommateur par rapport \u00e0 une marque produit?<\/strong><\/p>\n<p>Il est bien entendu vrai que les Marques font toutes sortes d\u2019\u00e9tudes consommateurs quantitatives ou qualitatives pour r\u00e9pondre au mieux \u00e0 nos attentes.<\/p>\n<p>Nous ne parlons pas de la m\u00eame chose. Avec Dyalna, nous d\u00e9ciderons de ce que nous voulons consommer, \u00e0 quel prix et o\u00f9 nous voulons que notre argent aille car nous participerons aux cahiers des charges des produits sous la d\u00e9nomination Dyalna. Ces choix se feront sur la base d\u2019une intelligence collective qui sera g\u00e9n\u00e9r\u00e9e par des questionnaires produits avec un nombre de th\u00e8mes et tr\u00e8s document\u00e9s sur la plateforme neutre qui est <a href=\"http:\/\/www.markatelmoustahlik.ma\">www.markatelmoustahlik.ma<\/a>. Nous pourrons choisir les crit\u00e8res qui nous conviennent en toute connaissance de causes, nous pourrons agir sur notre monde de demain en votant que ce soit d\u2019un point de vue environnemental, humain, \u00e9conomique, qualitatif.\u00a0 Enfin, nous nous assurerons que les engagements de nos futurs partenaires sont une r\u00e9alit\u00e9 v\u00e9rifiable \u00e0 tout moment.<\/p>\n<p><strong>La marque n\u2019est adoss\u00e9e \u00e0 aucune entreprise, mais plut\u00f4t \u00e0 une association. Quelle sera la sp\u00e9cificit\u00e9 de cette structure ? Comment les partenaires, distributeurs et producteurs seront-ils r\u00e9mun\u00e9r\u00e9s?<\/strong><\/p>\n<p>\u00abLa marque du Consommateur\u00bb est une structure compl\u00e8tement neutre et ind\u00e9pendante qui n\u2019est adoss\u00e9e \u00e0 aucune Entreprise existante. Cette structure garantira le respect de tous les processus d\u00e9crits pr\u00e9c\u00e9demment de la cr\u00e9ation du cahier des charges au contr\u00f4le des produits en passant par l\u2019animation de la communaut\u00e9 associ\u00e9e \u00e0 notre d\u00e9marche.<\/p>\n<p>Une structure associative (Consom\u2019acteurs et Consom\u2019actrices du Maroc) est en effet en cours de cr\u00e9ation. Elle a pour essence de rassembler les consommateurs qui souhaitent prendre une part active \u00e0 la cr\u00e9ation, au choix, \u00e0 la fabrication et au contr\u00f4le de l\u2019offre de produits alimentaires qui leur seront propos\u00e9s.<\/p>\n<p><strong>L\u2019initiative \u00e9tant citoyenne, les consommateurs qui y participent sont-ils r\u00e9mun\u00e9r\u00e9s ? Avez-vous des ambitions d\u2019exportation par la suite pour les produits \u00abDyalna\u00bb?<\/strong><\/p>\n<p>Il s\u2019agit d\u2019une Communaut\u00e9 de Consommateurs et citoyens responsables et engag\u00e9s, qui consomment de mani\u00e8re r\u00e9fl\u00e9chie, en adoptant des modes de consommations et de production respectueux de l\u2019humanit\u00e9, de l\u2019environnement et de valeurs fondamentales.<\/p>\n<p>Nous n\u2019avons pour le moment pas d\u2019ambitions d\u2019exporter car nous avons, en tant que Consommateurs du monde, certes des valeurs communes, mais avec chacun son histoire, sa culture, ses sp\u00e9cificit\u00e9s.<\/p>\n<p class=\"c2\"><strong>Propos recueillis par Danielle Engolo<\/strong><\/p>\n<p>Auteur: M&rsquo;hammed rahal<br \/>\n<a href=\"http:\/\/albayane.press.ma\/avec-dyalna-nous-deciderons-de-ce-que-nous-voulons-consommer.html\">Cliquez ici pour lire l&rsquo;article depuis sa source.<\/a><\/p>\n","protected":false},"excerpt":{"rendered":"<p>Les Marocains veulent d\u00e9sormais \u00eatre acteurs de leur consommation. A travers la nouvelle marque \u00abDyalna\u00bb, les consommateurs vont bient\u00f4t cr\u00e9er leurs propres produits, contr\u00f4ler les circuits de fabrication, veiller \u00e0 la tra\u00e7abilit\u00e9, en fixer eux-m\u00eames les prix\u2026 Ne plus \u00eatre \u00e0 la merci des entreprises, dont ils d\u00e9pendent pour leur consommation, c\u2019est la vision de [&hellip;]<\/p>\n","protected":false},"author":1760,"featured_media":0,"comment_status":"closed","ping_status":"closed","sticky":false,"template":"","format":"standard","meta":{"fifu_image_url":"","fifu_image_alt":"","footnotes":""},"categories":[73,54],"tags":[],"class_list":["post-65252","post","type-post","status-publish","format-standard","hentry","category-actualite","category-maroc"],"_links":{"self":[{"href":"https:\/\/linitiative.ca\/International\/wp-json\/wp\/v2\/posts\/65252","targetHints":{"allow":["GET"]}}],"collection":[{"href":"https:\/\/linitiative.ca\/International\/wp-json\/wp\/v2\/posts"}],"about":[{"href":"https:\/\/linitiative.ca\/International\/wp-json\/wp\/v2\/types\/post"}],"author":[{"embeddable":true,"href":"https:\/\/linitiative.ca\/International\/wp-json\/wp\/v2\/users\/1760"}],"replies":[{"embeddable":true,"href":"https:\/\/linitiative.ca\/International\/wp-json\/wp\/v2\/comments?post=65252"}],"version-history":[{"count":0,"href":"https:\/\/linitiative.ca\/International\/wp-json\/wp\/v2\/posts\/65252\/revisions"}],"wp:attachment":[{"href":"https:\/\/linitiative.ca\/International\/wp-json\/wp\/v2\/media?parent=65252"}],"wp:term":[{"taxonomy":"category","embeddable":true,"href":"https:\/\/linitiative.ca\/International\/wp-json\/wp\/v2\/categories?post=65252"},{"taxonomy":"post_tag","embeddable":true,"href":"https:\/\/linitiative.ca\/International\/wp-json\/wp\/v2\/tags?post=65252"}],"curies":[{"name":"wp","href":"https:\/\/api.w.org\/{rel}","templated":true}]}}