{"id":65256,"date":"2019-10-23T08:10:37","date_gmt":"2019-10-23T12:10:37","guid":{"rendered":"https:\/\/linitiative.ca\/International\/japon-le-nouvel-empereur-proclame-son-intronisation\/"},"modified":"2019-10-23T08:10:37","modified_gmt":"2019-10-23T12:10:37","slug":"japon-le-nouvel-empereur-proclame-son-intronisation","status":"publish","type":"post","link":"https:\/\/linitiative.ca\/International\/japon-le-nouvel-empereur-proclame-son-intronisation\/","title":{"rendered":"Japon: le nouvel empereur proclame son intronisation"},"content":{"rendered":"<p class=\"has-text-color has-vivid-red-color c2\"><strong>SAR le Prince Moulay Rachid repr\u00e9sente SM le Roi \u00e0 la c\u00e9r\u00e9monie officielle<\/strong><\/p>\n<p class=\"has-text-color has-vivid-cyan-blue-color\"><strong>Le nouvel empereur du Japon Naruhito a proclam\u00e9 son intronisation au cours d\u2019une c\u00e9r\u00e9monie solennelle qui s\u2019est d\u00e9roul\u00e9e mardi au Palais imp\u00e9rial de Tokyo.<\/strong><\/p>\n<p>La c\u00e9r\u00e9monie a commenc\u00e9 avec l\u2019entr\u00e9e en salle, \u00e0 pas lents, des membres de la famille imp\u00e9riale, tous v\u00eatus de somptueux costumes traditionnels sp\u00e9cialement confectionn\u00e9s pour la circonstance.<\/p>\n<div class=\"wp-block-image\"><img decoding=\"async\" src=\"http:\/\/albayane.press.ma\/wp-content\/uploads\/Japans-Emperor-Naruhito-.jpg\" alt=\"\" class=\"wp-image-82346\"\/><\/div>\n<p>Les rideaux ont \u00e9t\u00e9 lev\u00e9s ensuite sur les tr\u00f4nes du Souverain Naruhito et de son \u00e9pouse l\u2019imp\u00e9ratrice Masako, le Takamikura et le Michodai, dispos\u00e9s sur des estrades sp\u00e9ciales d\u2019or et de laque.<\/p>\n<p>\u00ab\u00a0A l\u2019adresse du pays et du monde, je proclame mon intronisation\u00a0\u00bb, a lanc\u00e9 le nouvel empereur en lisant la d\u00e9claration de son accession au tr\u00f4ne.<\/p>\n<p>\u00ab\u00a0Je promets ici que je prierai toujours pour le bonheur du peuple japonais et la paix mondiale\u00a0\u00bb, a soulign\u00e9 le nouveau souverain, 59 ans, qui est devenu le 126e empereur du Japon le 1er mai dernier, au lendemain de l\u2019abdication de son p\u00e8re Akihito, 85 ans, une premi\u00e8re dans cette dynastie depuis plus de deux si\u00e8cles.<\/p>\n<p>Le Premier ministre japonais, Shinzo Abe, a ensuite pr\u00e9sent\u00e9 ses f\u00e9licitations \u00e0 l\u2019Empereur Naruhito, \u00ab\u00a0symbole de l\u2019Etat et de l\u2019unit\u00e9 du peuple \u00bb japonais, s\u2019engageant \u00e0 \u0153uvrer pour \u00abun avenir radieux pour le Japon\u00bb. Puis trois banza\u00ef (litt\u00e9ralement \u00ab\u00a0dix mille ans de vie\u00a0\u00bb) ont salu\u00e9 le nouveau couple imp\u00e9rial, qui a quitt\u00e9 ensuite la salle.<\/p>\n<p>Plus de 2.500 invit\u00e9s de 190 pays, parmi lesquels des dignitaires \u00e9trangers et des membres des familles royales \u00e0 travers le monde. SAR le Prince Moulay Rachid a repr\u00e9sent\u00e9 SM le Roi Mohammed VI \u00e0 cette c\u00e9r\u00e9monie qui s\u2019est d\u00e9roul\u00e9e dans la salle des Pins, situ\u00e9e au c\u0153ur du palais imp\u00e9rial.<\/p>\n<p>SAR le Prince Moulay Rachid a repr\u00e9sent\u00e9 SM le Roi Mohammed VI \u00e0 la c\u00e9r\u00e9monie d\u2019intronisation du nouvel empereur du Japon, Naruhito, qui s\u2019est d\u00e9roul\u00e9e mardi dans le palais imp\u00e9rial \u00e0 Tokyo.<\/p>\n<p>SAR le Prince Moulay Rachid a pris part \u00e0 une c\u00e9r\u00e9monie solennelle de trente minutes, durant laquelle le nouveau souverain de 59 ans, v\u00eatu d\u2019un costume traditionnel de cour de l\u2019\u00e9poque Heian (VIIIe \u2013 XIIe si\u00e8cle) a act\u00e9 son accession au tr\u00f4ne du Chrysanth\u00e8me.<\/p>\n<p>La c\u00e9r\u00e9monie a commenc\u00e9 avec l\u2019entr\u00e9e en salle, \u00e0 pas lents, des membres de la famille imp\u00e9riale, tous v\u00eatus de somptueux costumes traditionnels sp\u00e9cialement confectionn\u00e9s pour la circonstance.<\/p>\n<p>Apr\u00e8s les rideaux ont \u00e9t\u00e9 lev\u00e9s sur les tr\u00f4nes respectifs du souverain Naruhito et son \u00e9pouse l\u2019imp\u00e9ratrice Masako, le Takamikura et le Michodai, dispos\u00e9s sur des estrades sp\u00e9ciales d\u2019or et de laque. \u00ab\u00a0A l\u2019adresse du pays et du monde, je proclame mon intronisation\u00a0\u00bb, a soulign\u00e9 le nouvel empereur en lisant la d\u00e9claration de son accession au tr\u00f4ne.<\/p>\n<p>Le premier ministre japonais Shinzo Abe a exprim\u00e9 ses f\u00e9licitations \u00e0 l\u2019Empereur Naruhito, \u00absymbole de l\u2019Etat et de l\u2019unit\u00e9 du peuple\u00bb japonais, s\u2019engageant \u00e0 \u0153uvrer pour \u00abun avenir radieux pour le Japon\u00bb.<\/p>\n<p>Puis trois banza\u00ef (litt\u00e9ralement \u00ab\u00a0dix mille ans de vie\u00a0\u00bb) ont salu\u00e9 le nouveau couple souverain, qui a quitt\u00e9 ensuite la salle.Plus de 2.500 invit\u00e9s de 190 pays, parmi lesquels des dignitaires \u00e9trangers et des membres de la royaut\u00e9, ont assist\u00e9 \u00e0 cette c\u00e9r\u00e9monie d\u2019intronisation dans la salle des Pins, situ\u00e9e au c\u0153ur du palais imp\u00e9rial.<\/p>\n<p>SM le Roi Mohammed VI avait adress\u00e9 un message de f\u00e9licitations \u00e0 l\u2019Empereur Naruhito du Japon, \u00e0 l\u2019occasion de son accession au tr\u00f4ne, dans lequel le Souverain avait exprim\u00e9 Ses chaleureuses f\u00e9licitations \u00e0 l\u2019Empereur Naruhito, lui souhaitant plein succ\u00e8s dans son action pour conduire le peuple japonais vers davantage de progr\u00e8s et de prosp\u00e9rit\u00e9. Le Souverain avait exprim\u00e9, par la m\u00eame occasion, Son appr\u00e9ciation des liens \u00e9troits d\u2019amiti\u00e9 et d\u2019estime mutuelle unissant les deux familles royales, et des relations solides de coop\u00e9ration et de solidarit\u00e9 agissante entre le Maroc et le Japon, faisant part de Sa d\u00e9termination \u00e0 \u0153uvrer, de concert avec l\u2019Empereur Naruhito, pour maintenir et consolider les relations sp\u00e9ciales entre le Maroc et le Japon, au service des int\u00e9r\u00eats des deux peuples.<\/p>\n<p>Auteur: M&rsquo;hammed rahal<br \/>\n<a href=\"http:\/\/albayane.press.ma\/japon-le-nouvel-empereur-proclame-son-intronisation.html\">Cliquez ici pour lire l&rsquo;article depuis sa source.<\/a><\/p>\n","protected":false},"excerpt":{"rendered":"<p>SAR le Prince Moulay Rachid repr\u00e9sente SM le Roi \u00e0 la c\u00e9r\u00e9monie officielle Le nouvel empereur du Japon Naruhito a proclam\u00e9 son intronisation au cours d\u2019une c\u00e9r\u00e9monie solennelle qui s\u2019est d\u00e9roul\u00e9e mardi au Palais imp\u00e9rial de Tokyo. La c\u00e9r\u00e9monie a commenc\u00e9 avec l\u2019entr\u00e9e en salle, \u00e0 pas lents, des membres de la famille imp\u00e9riale, tous [&hellip;]<\/p>\n","protected":false},"author":1760,"featured_media":65257,"comment_status":"closed","ping_status":"closed","sticky":false,"template":"","format":"standard","meta":{"fifu_image_url":"","fifu_image_alt":"","footnotes":""},"categories":[73,54],"tags":[],"class_list":["post-65256","post","type-post","status-publish","format-standard","has-post-thumbnail","hentry","category-actualite","category-maroc"],"_links":{"self":[{"href":"https:\/\/linitiative.ca\/International\/wp-json\/wp\/v2\/posts\/65256","targetHints":{"allow":["GET"]}}],"collection":[{"href":"https:\/\/linitiative.ca\/International\/wp-json\/wp\/v2\/posts"}],"about":[{"href":"https:\/\/linitiative.ca\/International\/wp-json\/wp\/v2\/types\/post"}],"author":[{"embeddable":true,"href":"https:\/\/linitiative.ca\/International\/wp-json\/wp\/v2\/users\/1760"}],"replies":[{"embeddable":true,"href":"https:\/\/linitiative.ca\/International\/wp-json\/wp\/v2\/comments?post=65256"}],"version-history":[{"count":0,"href":"https:\/\/linitiative.ca\/International\/wp-json\/wp\/v2\/posts\/65256\/revisions"}],"wp:featuredmedia":[{"embeddable":true,"href":"https:\/\/linitiative.ca\/International\/wp-json\/"}],"wp:attachment":[{"href":"https:\/\/linitiative.ca\/International\/wp-json\/wp\/v2\/media?parent=65256"}],"wp:term":[{"taxonomy":"category","embeddable":true,"href":"https:\/\/linitiative.ca\/International\/wp-json\/wp\/v2\/categories?post=65256"},{"taxonomy":"post_tag","embeddable":true,"href":"https:\/\/linitiative.ca\/International\/wp-json\/wp\/v2\/tags?post=65256"}],"curies":[{"name":"wp","href":"https:\/\/api.w.org\/{rel}","templated":true}]}}