{"id":65258,"date":"2019-10-23T13:04:04","date_gmt":"2019-10-23T17:04:04","guid":{"rendered":"https:\/\/linitiative.ca\/International\/festival-de-la-poesie-feminine-appel-a-la-creation-dune-anthologie-de-poesie-maghrebine\/"},"modified":"2019-10-23T13:04:04","modified_gmt":"2019-10-23T17:04:04","slug":"festival-de-la-poesie-feminine-appel-a-la-creation-dune-anthologie-de-poesie-maghrebine","status":"publish","type":"post","link":"https:\/\/linitiative.ca\/International\/festival-de-la-poesie-feminine-appel-a-la-creation-dune-anthologie-de-poesie-maghrebine\/","title":{"rendered":"Festival de la po\u00e9sie f\u00e9minine : appel \u00e0 la cr\u00e9ation d&rsquo;une anthologie de po\u00e9sie maghr\u00e9bine"},"content":{"rendered":"<div readability=\"35\">\n<p><strong>CONSTANTINE &#8211; Les participants \u00e0 la 11\u00e8me \u00e9dition du Festival culturel national de po\u00e9sie f\u00e9minine ont pr\u00e9conis\u00e9 au terme de leurs travaux mardi \u00e0 la maison de la culture Malek Haddad de Constantine la cr\u00e9ation d&rsquo;une anthologie de po\u00e9sie f\u00e9minine maghr\u00e9bine et la mise en place d&rsquo;ateliers d&rsquo;\u00e9criture po\u00e9tique et litt\u00e9raire.<\/strong><\/p>\n<\/div>\n<div readability=\"75\">\n<p>Les pr\u00e9sents ont \u00e9galement ont appel\u00e9, \u00e0 l\u2019issue de cette \u00e9dition, \u00e0 \u00e9diter les \u0153uvres prim\u00e9es du festival et \u00e0 internationaliser cette manifestation.<\/p>\n<p>Le rideau est tomb\u00e9 sur cette 11e \u00e9dition du festival culturel national de po\u00e9sie f\u00e9minine dans un climat convivial combinant musique et po\u00e9sie au grand bonheur du nombreux public ayant fait le d\u00e9placement.<\/p>\n<blockquote readability=\"9\">\n<p><em><strong>A l&rsquo;instar des pr\u00e9c\u00e9dentes \u00e9ditions du festival national de po\u00e9sie f\u00e9minine, la cl\u00f4ture de ce 11\u00e8 acte s&rsquo;est voulue festive \u00e0 souhait sous l&rsquo;impulsion du chanteur Djamil Bey et de son orchestre qui ont revisit\u00e9 des classiques de la chanson alg\u00e9rienne sur des rythmes entrainant aux influences vari\u00e9es.<\/strong><\/em><\/p>\n<\/blockquote>\n<p>Des r\u00e9citals po\u00e9tiques ont \u00e9t\u00e9 donn\u00e9s par les po\u00e9tesses Sofia Menghour et la palestinienne Ala El Qatraoui pour d\u00e9clamer l&rsquo;amour inconditionnel de la M\u00e8re et le soutien ind\u00e9fectible de l&rsquo;Alg\u00e9rie \u00e0 la cause palestinienne, avant d&rsquo;\u00eatre honor\u00e9es par le commissariat du festival.<\/p>\n<p>La commissaire du festival, Amira Delliou , a remerci\u00e9, dans une allocution prononc\u00e9e \u00e0 cette occasion, les po\u00e9tesses qui ont particip\u00e9 \u00e0 cette manifestation, ainsi que \u00ab\u00a0toutes celles et ceux qui ont contribu\u00e9 de pr\u00e8s ou de loin \u00e0 la r\u00e9ussite de ce rendez-vous, po\u00e9tique, culturel, mais \u00e9galement touristique\u00a0\u00bb.<\/p>\n<blockquote readability=\"13\">\n<p><em><strong>Ouverte samedi dernier, la 11e \u00e9dition du festival national de po\u00e9sie f\u00e9minine a enregistr\u00e9 la participation de plus d\u2019une quarantaine de po\u00e9tesses venues de tout le pays et de de Tunisie, du Maroc, d\u2019Egypte, du Liban, du Soudan, de Palestine et des Emirats arabes unis.<\/strong><\/em><\/p>\n<\/blockquote>\n<p>En plus des r\u00e9citals po\u00e9tiques, des concerts et des conf\u00e9rences programm\u00e9s au caf\u00e9 culturel \u00ab\u00a0Halima Touati\u00a0\u00bb du palais de la culture Malek Haddad, les invit\u00e9s de cette \u00e9dition ont b\u00e9n\u00e9fici\u00e9 d\u2019une sortie touristique au site antique de Tiddis.<\/p>\n<p>Il est \u00e0 noter que plusieurs journalistes locaux ont \u00e9t\u00e9 honor\u00e9s par le commissariat du festival lors de cette c\u00e9r\u00e9monie de cl\u00f4ture co\u00efncidant avec la c\u00e9l\u00e9bration de la Journ\u00e9e nationale de la presse.<\/p>\n<\/div>\n<p>Auteur:<br \/>\n<a href=\"http:\/\/www.aps.dz\/culture\/96118-festival-de-la-poesie-feminine-appel-a-la-creation-d-une-anthologie-de-poesie-maghrebine\">Cliquez ici pour lire l&rsquo;article depuis sa source.<\/a><\/p>\n","protected":false},"excerpt":{"rendered":"<p>CONSTANTINE &#8211; Les participants \u00e0 la 11\u00e8me \u00e9dition du Festival culturel national de po\u00e9sie f\u00e9minine ont pr\u00e9conis\u00e9 au terme de leurs travaux mardi \u00e0 la maison de la culture Malek Haddad de Constantine la cr\u00e9ation d&rsquo;une anthologie de po\u00e9sie f\u00e9minine maghr\u00e9bine et la mise en place d&rsquo;ateliers d&rsquo;\u00e9criture po\u00e9tique et litt\u00e9raire. Les pr\u00e9sents ont \u00e9galement [&hellip;]<\/p>\n","protected":false},"author":1790,"featured_media":0,"comment_status":"closed","ping_status":"closed","sticky":false,"template":"","format":"standard","meta":{"fifu_image_url":"","fifu_image_alt":"","footnotes":""},"categories":[53,79],"tags":[],"class_list":["post-65258","post","type-post","status-publish","format-standard","hentry","category-algerie","category-culture"],"_links":{"self":[{"href":"https:\/\/linitiative.ca\/International\/wp-json\/wp\/v2\/posts\/65258","targetHints":{"allow":["GET"]}}],"collection":[{"href":"https:\/\/linitiative.ca\/International\/wp-json\/wp\/v2\/posts"}],"about":[{"href":"https:\/\/linitiative.ca\/International\/wp-json\/wp\/v2\/types\/post"}],"author":[{"embeddable":true,"href":"https:\/\/linitiative.ca\/International\/wp-json\/wp\/v2\/users\/1790"}],"replies":[{"embeddable":true,"href":"https:\/\/linitiative.ca\/International\/wp-json\/wp\/v2\/comments?post=65258"}],"version-history":[{"count":0,"href":"https:\/\/linitiative.ca\/International\/wp-json\/wp\/v2\/posts\/65258\/revisions"}],"wp:attachment":[{"href":"https:\/\/linitiative.ca\/International\/wp-json\/wp\/v2\/media?parent=65258"}],"wp:term":[{"taxonomy":"category","embeddable":true,"href":"https:\/\/linitiative.ca\/International\/wp-json\/wp\/v2\/categories?post=65258"},{"taxonomy":"post_tag","embeddable":true,"href":"https:\/\/linitiative.ca\/International\/wp-json\/wp\/v2\/tags?post=65258"}],"curies":[{"name":"wp","href":"https:\/\/api.w.org\/{rel}","templated":true}]}}