{"id":65259,"date":"2019-10-23T13:04:09","date_gmt":"2019-10-23T17:04:09","guid":{"rendered":"https:\/\/linitiative.ca\/International\/el-tarf-classification-prochaine-de-ksar-lalla-fatma-en-site-archeologique-national\/"},"modified":"2019-10-23T13:04:09","modified_gmt":"2019-10-23T17:04:09","slug":"el-tarf-classification-prochaine-de-ksar-lalla-fatma-en-site-archeologique-national","status":"publish","type":"post","link":"https:\/\/linitiative.ca\/International\/el-tarf-classification-prochaine-de-ksar-lalla-fatma-en-site-archeologique-national\/","title":{"rendered":"El Tarf : classification \u00ab\u00a0prochaine\u00a0\u00bb de Ksar Lalla Fatma en site arch\u00e9ologique national"},"content":{"rendered":"<div readability=\"41\">\n<p><strong>EL TARF- Ksar Lalla Fatma, un site arch\u00e9ologique datant de l\u2019\u00e9poque romaine, situ\u00e9 au c\u0153ur de l\u2019agglom\u00e9ration d\u2019Oued Djenane, relevant de la commune frontali\u00e8re d\u2019El Ayoune (40 kilom\u00e8tres du chef-lieu de la wilaya d\u2019El Tarf) sera \u00ab\u00a0prochainement\u00a0\u00bb class\u00e9 sur la liste nationale des biens culturels prot\u00e9g\u00e9s par la loi, a indiqu\u00e9, mercredi, le directeur local de la culture.<\/strong><\/p>\n<\/div>\n<div readability=\"89.9753509072\">\n<p>Gard\u00e9 jalousement au beau milieu d\u2019une for\u00eat de ch\u00eanes li\u00e8ge, se trouvant aux fronti\u00e8res alg\u00e9ro-tunisiennes, ce site sera bient\u00f4t class\u00e9, a ajout\u00e9 M.Safi Adel, pr\u00e9cisant que le dossier de sa classification sur la liste des monuments historiques et sites arch\u00e9ologiques est actuellement soumis \u00e0 la commission nationale des sites et monuments qui rel\u00e8ve du minist\u00e8re de la Culture.<\/p>\n<p>Ladite commission avait demand\u00e9, en mars 2018, des compl\u00e9ments sur ce site arch\u00e9ologique eu \u00e9gard \u00e0 son \u00ab\u00a0importance historique\u00a0\u00bb, a ajout\u00e9 la m\u00eame source, signalant que l\u2019ensemble des informations suppl\u00e9mentaires ont \u00e9t\u00e9 transmises, durant l\u2019exercice en cours, \u00e0 la tutelle pour une nouvelle approbation du dossier.<\/p>\n<p>Au cours d\u2019une visite \u00e0 ksar Lalla Fatma, organis\u00e9 par la wilaya au profit des journalistes et correspondants de presse \u00e0 l\u2019occasion de la journ\u00e9e nationale de la presse, le chef de l\u2019ex\u00e9cutif Harfouche Benarar a soulign\u00e9 l\u2019imp\u00e9ratif de la pr\u00e9servation de ce site arch\u00e9ologique insistant\u00a0 sur les efforts \u00e0 consentir pour la r\u00e9habilitation et la valorisation des lieux enchanteurs et leur exploitation \u00e0 des fins touristiques.<\/p>\n<hr\/>\n<hr\/>\n<p>Dans cette optique, R\u00e9dha Attoui, un architecte agr\u00e9e par la tutelle et enseignant \u00e0 l\u2019universit\u00e9 Badji Mokhtar a pr\u00e9sent\u00e9, sur place, un expos\u00e9 d\u00e9di\u00e9 \u00e0 la panoplie de pi\u00e8ces et ruines arch\u00e9ologiques diss\u00e9min\u00e9s au niveau de ce site et dont les fouilles, effectu\u00e9es entre 2011\u00a0 et 2016, ont permis de lever le voile sur un pan de l\u2019histoire de cette r\u00e9gion.<\/p>\n<blockquote readability=\"7\">\n<p><em><strong>L\u2019accent a \u00e9t\u00e9 \u00e0 cette occasion mis sur le r\u00f4le des m\u00e9dias dans la sensibilisation sur l\u2019importance de la pr\u00e9servation de ces sites du vandalisme et \u00ab\u00a0leur exploitation valorisante par les riverains\u00a0\u00bb.<\/strong><\/em><\/p>\n<\/blockquote>\n<p>De son c\u00f4t\u00e9, le responsable du bureau d\u2019\u00e9tude Abdelaziz Samir charg\u00e9 du plan de protection et de mise en valeur du site Lalla Fatma a \u00ab\u00a0rappel\u00e9 que cette \u00e9tude finalis\u00e9e en 2016 a\u00a0 n\u00e9cessit\u00e9 une enveloppe financi\u00e8re de l\u2019ordre de 54 millions de dinars relevant que les travaux de r\u00e9habilitation et de mise en valeur du site seront entam\u00e9s apr\u00e8s sa classification.<\/p>\n<blockquote readability=\"11\">\n<p><em><strong>Ksar Lalla Fatma, situ\u00e9 au c\u0153ur d\u2019une for\u00eat de ch\u00eane-li\u00e8ge, est un \u00e9difice \u00e0 deux \u00e9tages.Un pan de mur de huit m\u00e8tres de haut, une villa et un ensemble de fermes, d\u2019huileries et d\u2019ateliers de transformation de produits agricoles peuvent y \u00eatre admir\u00e9s.<\/strong><\/em><\/p>\n<\/blockquote>\n<p>De nombreuses pi\u00e8ces arch\u00e9ologiques sont \u00e9galement dispers\u00e9es tout autour du Ksar, dont des pressoirs d\u2019olives et de grains, des roues, des pierres taill\u00e9es agenc\u00e9es et un aqueduc de 900 m encore intact.<\/p>\n<p>Ce site, objet de nombreuses fouilles arch\u00e9ologiques, est class\u00e9 patrimoine national. Il renferme aussi plusieurs fragments de c\u00e9ramique, des tuiles et des bains chauff\u00e9s par le sol.<\/p>\n<\/div>\n<p>Auteur:<br \/>\n<a href=\"http:\/\/www.aps.dz\/culture\/96178-el-tarf-classification-prochaine-de-ksar-lalla-fatma-en-site-archeologique-national\">Cliquez ici pour lire l&rsquo;article depuis sa source.<\/a><\/p>\n","protected":false},"excerpt":{"rendered":"<p>EL TARF- Ksar Lalla Fatma, un site arch\u00e9ologique datant de l\u2019\u00e9poque romaine, situ\u00e9 au c\u0153ur de l\u2019agglom\u00e9ration d\u2019Oued Djenane, relevant de la commune frontali\u00e8re d\u2019El Ayoune (40 kilom\u00e8tres du chef-lieu de la wilaya d\u2019El Tarf) sera \u00ab\u00a0prochainement\u00a0\u00bb class\u00e9 sur la liste nationale des biens culturels prot\u00e9g\u00e9s par la loi, a indiqu\u00e9, mercredi, le directeur local [&hellip;]<\/p>\n","protected":false},"author":1790,"featured_media":0,"comment_status":"closed","ping_status":"closed","sticky":false,"template":"","format":"standard","meta":{"fifu_image_url":"","fifu_image_alt":"","footnotes":""},"categories":[53,79],"tags":[],"class_list":["post-65259","post","type-post","status-publish","format-standard","hentry","category-algerie","category-culture"],"_links":{"self":[{"href":"https:\/\/linitiative.ca\/International\/wp-json\/wp\/v2\/posts\/65259","targetHints":{"allow":["GET"]}}],"collection":[{"href":"https:\/\/linitiative.ca\/International\/wp-json\/wp\/v2\/posts"}],"about":[{"href":"https:\/\/linitiative.ca\/International\/wp-json\/wp\/v2\/types\/post"}],"author":[{"embeddable":true,"href":"https:\/\/linitiative.ca\/International\/wp-json\/wp\/v2\/users\/1790"}],"replies":[{"embeddable":true,"href":"https:\/\/linitiative.ca\/International\/wp-json\/wp\/v2\/comments?post=65259"}],"version-history":[{"count":0,"href":"https:\/\/linitiative.ca\/International\/wp-json\/wp\/v2\/posts\/65259\/revisions"}],"wp:attachment":[{"href":"https:\/\/linitiative.ca\/International\/wp-json\/wp\/v2\/media?parent=65259"}],"wp:term":[{"taxonomy":"category","embeddable":true,"href":"https:\/\/linitiative.ca\/International\/wp-json\/wp\/v2\/categories?post=65259"},{"taxonomy":"post_tag","embeddable":true,"href":"https:\/\/linitiative.ca\/International\/wp-json\/wp\/v2\/tags?post=65259"}],"curies":[{"name":"wp","href":"https:\/\/api.w.org\/{rel}","templated":true}]}}