{"id":65262,"date":"2019-10-23T08:35:00","date_gmt":"2019-10-23T12:35:00","guid":{"rendered":"https:\/\/linitiative.ca\/International\/18-mois-de-prison-ferme-requis-contre-cinq-detenus\/"},"modified":"2019-10-23T08:35:00","modified_gmt":"2019-10-23T12:35:00","slug":"18-mois-de-prison-ferme-requis-contre-cinq-detenus","status":"publish","type":"post","link":"https:\/\/linitiative.ca\/International\/18-mois-de-prison-ferme-requis-contre-cinq-detenus\/","title":{"rendered":"18 mois de prison ferme requis contre cinq d\u00e9tenus"},"content":{"rendered":"<div id=\"originalText\" readability=\"49.5537848606\">\n<p>Le procureur pr\u00e8s le tribunal de Bainem \u00e0 Alger, a requis, ce mercredi, une peine de 18 mois de prison ferme et cinquante mille dinars d\u2019amende \u00e0 l\u2019encontre de cinq d\u00e9tenus, arr\u00eat\u00e9s pour port de l&#8217;embl\u00e8me amazigh.<\/p>\n<p>Le proc\u00e8s\u00a0s\u2019est d\u00e9roul\u00e9 en pr\u00e9sence des familles des d\u00e9tenus et d\u2019une dizaine d\u2019avocats. Les concern\u00e9s sont,\u00a0Ali idir, Boudjemil Mohand, Karoun Hamza, Belakhal Kamal et Okbi Akli, et ils sont\u00a0poursuivis pour \u00ab atteinte \u00e0 l\u2019unit\u00e9 nationale \u00bb pour port de l\u2019embl\u00e8me amazigh. Le verdict sera prononc\u00e9 mercredi prochain.<\/p>\n<p>Pour rappel, le tribunal de Sidi M\u2019hamed a requis, hier, <a href=\"https:\/\/www.liberte-algerie.com\/actualite\/embleme-amazigh-les-detenus-font-le-proces-de-laccusation-326574\" target=\"_blank\" rel=\"noopener noreferrer\"><span class=\"c10\">une peine de deux ans de prison ferme et 100 000 DA d\u2019amende<\/span><\/a> contre six d\u00e9tenus arr\u00eat\u00e9s pour port de l\u2019embl\u00e8me amazigh.<\/p>\n<\/div>\n<div id=\"text_core\" readability=\"49.5537848606\">\n<p>Le procureur pr\u00e8s le tribunal de Bainem \u00e0 Alger, a requis, ce mercredi, une peine de 18 mois de prison ferme et cinquante mille dinars d\u2019amende \u00e0 l\u2019encontre de cinq d\u00e9tenus, arr\u00eat\u00e9s pour port de l&#8217;embl\u00e8me amazigh.<\/p>\n<p>Le proc\u00e8s\u00a0s\u2019est d\u00e9roul\u00e9 en pr\u00e9sence des familles des d\u00e9tenus et d\u2019une dizaine d\u2019avocats. Les concern\u00e9s sont,\u00a0Ali idir, Boudjemil Mohand, Karoun Hamza, Belakhal Kamal et Okbi Akli, et ils sont\u00a0poursuivis pour \u00ab atteinte \u00e0 l\u2019unit\u00e9 nationale \u00bb pour port de l\u2019embl\u00e8me amazigh. Le verdict sera prononc\u00e9 mercredi prochain.<\/p>\n<p>Pour rappel, le tribunal de Sidi M\u2019hamed a requis, hier, <a href=\"https:\/\/www.liberte-algerie.com\/actualite\/embleme-amazigh-les-detenus-font-le-proces-de-laccusation-326574\" target=\"_blank\" rel=\"noopener noreferrer\"><span class=\"c10\">une peine de deux ans de prison ferme et 100 000 DA d\u2019amende<\/span><\/a> contre six d\u00e9tenus arr\u00eat\u00e9s pour port de l\u2019embl\u00e8me amazigh.<\/p>\n<\/div>\n<p>Auteur:<br \/>\n<a href=\"https:\/\/www.liberte-algerie.com\/actualite\/18-mois-de-prison-ferme-requis-contre-cinq-detenus-326582\">Cliquez ici pour lire l&rsquo;article depuis sa source.<\/a><\/p>\n","protected":false},"excerpt":{"rendered":"<p>Le procureur pr\u00e8s le tribunal de Bainem \u00e0 Alger, a requis, ce mercredi, une peine de 18 mois de prison ferme et cinquante mille dinars d\u2019amende \u00e0 l\u2019encontre de cinq d\u00e9tenus, arr\u00eat\u00e9s pour port de l&#8217;embl\u00e8me amazigh. Le proc\u00e8s\u00a0s\u2019est d\u00e9roul\u00e9 en pr\u00e9sence des familles des d\u00e9tenus et d\u2019une dizaine d\u2019avocats. Les concern\u00e9s sont,\u00a0Ali idir, Boudjemil [&hellip;]<\/p>\n","protected":false},"author":1742,"featured_media":0,"comment_status":"closed","ping_status":"closed","sticky":false,"template":"","format":"standard","meta":{"fifu_image_url":"","fifu_image_alt":"","footnotes":""},"categories":[73,53],"tags":[],"class_list":["post-65262","post","type-post","status-publish","format-standard","hentry","category-actualite","category-algerie"],"_links":{"self":[{"href":"https:\/\/linitiative.ca\/International\/wp-json\/wp\/v2\/posts\/65262","targetHints":{"allow":["GET"]}}],"collection":[{"href":"https:\/\/linitiative.ca\/International\/wp-json\/wp\/v2\/posts"}],"about":[{"href":"https:\/\/linitiative.ca\/International\/wp-json\/wp\/v2\/types\/post"}],"author":[{"embeddable":true,"href":"https:\/\/linitiative.ca\/International\/wp-json\/wp\/v2\/users\/1742"}],"replies":[{"embeddable":true,"href":"https:\/\/linitiative.ca\/International\/wp-json\/wp\/v2\/comments?post=65262"}],"version-history":[{"count":0,"href":"https:\/\/linitiative.ca\/International\/wp-json\/wp\/v2\/posts\/65262\/revisions"}],"wp:attachment":[{"href":"https:\/\/linitiative.ca\/International\/wp-json\/wp\/v2\/media?parent=65262"}],"wp:term":[{"taxonomy":"category","embeddable":true,"href":"https:\/\/linitiative.ca\/International\/wp-json\/wp\/v2\/categories?post=65262"},{"taxonomy":"post_tag","embeddable":true,"href":"https:\/\/linitiative.ca\/International\/wp-json\/wp\/v2\/tags?post=65262"}],"curies":[{"name":"wp","href":"https:\/\/api.w.org\/{rel}","templated":true}]}}