{"id":65266,"date":"2019-10-23T07:36:54","date_gmt":"2019-10-23T11:36:54","guid":{"rendered":"https:\/\/linitiative.ca\/International\/reunion-sur-la-reduction-des-disparites-en-milieu-rural\/"},"modified":"2019-10-23T07:36:54","modified_gmt":"2019-10-23T11:36:54","slug":"reunion-sur-la-reduction-des-disparites-en-milieu-rural","status":"publish","type":"post","link":"https:\/\/linitiative.ca\/International\/reunion-sur-la-reduction-des-disparites-en-milieu-rural\/","title":{"rendered":"R\u00e9union sur la r\u00e9duction des disparit\u00e9s en milieu rural"},"content":{"rendered":"<div class=\"single-featured\"><img alt=\"\" data-src=\"http:\/\/www.mapmarrakech.ma\/map\/uploads\/2019\/10\/youssoufia-copier.jpg\"\/><\/div>\n<div class=\"single-post-excerpt post-excerpt-bc\" readability=\"36\">\n<p>El Youssoufia \u2013 Le bilan du programme de r\u00e9duction des disparit\u00e9s sociales et territoriales en milieu rural ainsi que les programmes parall\u00e8les ont \u00e9t\u00e9 au centre d\u2019une r\u00e9union tenue, mardi, au si\u00e8ge de la pr\u00e9fecture de la province d\u2019El Youssoufia.<\/p>\n<\/div>\n<div class=\"entry-content clearfix single-post-content\" readability=\"66\">\n<p>Cette rencontre a \u00e9t\u00e9 ainsi l\u2019occasion pour la pr\u00e9sentation, par les services de la pr\u00e9fecture, du bilan de ce programme pour la p\u00e9riode 2017-2019.<\/p>\n<p>Intervenant \u00e0 cette occasion, le pr\u00e9sident de la r\u00e9gion Marrakech-Safi, Ahmed Akhchichine a indiqu\u00e9 que le conseil r\u00e9gional a pr\u00f4n\u00e9 une nouvelle approche pour la mise en \u0153uvre du programme de r\u00e9duction des disparit\u00e9s sociales et territoriales en milieu rural, ainsi que les programmes parall\u00e8les et ce, en oeuvrant \u00e0 pallier le d\u00e9ficit accus\u00e9 dans des domaines prioritaires et pressants pour la population, notamment en ce qui concerne le d\u00e9senclavement en milieu rural et l\u2019approvisionnement en eau potable et en \u00e9lectricit\u00e9, ce qui a permis \u00e0 plusieurs communes de b\u00e9n\u00e9ficier de 33 camions-citernes.<\/p>\n<p>A l\u2019issue de cette r\u00e9union, des v\u00e9hicules de transport scolaire ont \u00e9t\u00e9 remis \u00e0 10 communes rurales de la province, dans le cadre des efforts et de la contribution du conseil r\u00e9gional au renforcement de la scolarisation et \u00e0 la lutte contre la d\u00e9perdition scolaire.<\/p>\n<p>A noter que la province d\u2019El Youssoufia a b\u00e9n\u00e9fici\u00e9 de financements de l\u2019ordre de 150 millions de DH depuis 2016, r\u00e9partis entre le programme de r\u00e9duction des disparit\u00e9s sociales et territoriales en milieu rural et les programmes propres \u00e0 caract\u00e8re social, comme la sant\u00e9 et l\u2019enseignement.<\/p>\n<p>Outre le pr\u00e9sident de la r\u00e9gion et le gouverneur de la province, ont pris part \u00e0 cette rencontre notamment le pr\u00e9sident du conseil provincial, les membres repr\u00e9sentant la province d\u2019El Youssoufia au conseil r\u00e9gional, des parlementaires et des chefs des services ext\u00e9rieurs.<\/p>\n<\/div>\n<p>Auteur: Meriem IGASS<br \/>\n<a href=\"http:\/\/www.mapmarrakech.ma\/fr\/bilan\/\">Cliquez ici pour lire l&rsquo;article depuis sa source.<\/a><\/p>\n","protected":false},"excerpt":{"rendered":"<p>El Youssoufia \u2013 Le bilan du programme de r\u00e9duction des disparit\u00e9s sociales et territoriales en milieu rural ainsi que les programmes parall\u00e8les ont \u00e9t\u00e9 au centre d\u2019une r\u00e9union tenue, mardi, au si\u00e8ge de la pr\u00e9fecture de la province d\u2019El Youssoufia. Cette rencontre a \u00e9t\u00e9 ainsi l\u2019occasion pour la pr\u00e9sentation, par les services de la pr\u00e9fecture, [&hellip;]<\/p>\n","protected":false},"author":1788,"featured_media":65267,"comment_status":"closed","ping_status":"closed","sticky":false,"template":"","format":"standard","meta":{"fifu_image_url":"","fifu_image_alt":"","footnotes":""},"categories":[54,76],"tags":[],"class_list":["post-65266","post","type-post","status-publish","format-standard","has-post-thumbnail","hentry","category-maroc","category-regions"],"_links":{"self":[{"href":"https:\/\/linitiative.ca\/International\/wp-json\/wp\/v2\/posts\/65266","targetHints":{"allow":["GET"]}}],"collection":[{"href":"https:\/\/linitiative.ca\/International\/wp-json\/wp\/v2\/posts"}],"about":[{"href":"https:\/\/linitiative.ca\/International\/wp-json\/wp\/v2\/types\/post"}],"author":[{"embeddable":true,"href":"https:\/\/linitiative.ca\/International\/wp-json\/wp\/v2\/users\/1788"}],"replies":[{"embeddable":true,"href":"https:\/\/linitiative.ca\/International\/wp-json\/wp\/v2\/comments?post=65266"}],"version-history":[{"count":0,"href":"https:\/\/linitiative.ca\/International\/wp-json\/wp\/v2\/posts\/65266\/revisions"}],"wp:featuredmedia":[{"embeddable":true,"href":"https:\/\/linitiative.ca\/International\/wp-json\/"}],"wp:attachment":[{"href":"https:\/\/linitiative.ca\/International\/wp-json\/wp\/v2\/media?parent=65266"}],"wp:term":[{"taxonomy":"category","embeddable":true,"href":"https:\/\/linitiative.ca\/International\/wp-json\/wp\/v2\/categories?post=65266"},{"taxonomy":"post_tag","embeddable":true,"href":"https:\/\/linitiative.ca\/International\/wp-json\/wp\/v2\/tags?post=65266"}],"curies":[{"name":"wp","href":"https:\/\/api.w.org\/{rel}","templated":true}]}}