{"id":65280,"date":"2019-10-23T15:14:56","date_gmt":"2019-10-23T19:14:56","guid":{"rendered":"https:\/\/linitiative.ca\/International\/pros-saint-etienne-boudebouz-larrivee-du-nouveau-coach-me-fait-beaucoup-de-bien\/"},"modified":"2019-10-23T15:14:56","modified_gmt":"2019-10-23T19:14:56","slug":"pros-saint-etienne-boudebouz-larrivee-du-nouveau-coach-me-fait-beaucoup-de-bien","status":"publish","type":"post","link":"https:\/\/linitiative.ca\/International\/pros-saint-etienne-boudebouz-larrivee-du-nouveau-coach-me-fait-beaucoup-de-bien\/","title":{"rendered":"Pros : Saint-Etienne &#8211; Boudebouz : \u00ab\u00a0l\u2019arriv\u00e9e du nouveau coach me fait beaucoup de bien\u00a0\u00bb"},"content":{"rendered":"<div readability=\"32\">\n<p>Auteur : <span class=\"time\">mercredi 23 octobre 2019 14:12<\/span><\/p>\n<\/div>\n<div id=\"post_core\" readability=\"54\">\n<p>Dans un entretien accord\u00e9 \u00e0 \u200b\u200bFoot Express\u200b, le joueur alg\u00e9rien est revenu sur son d\u00e9but d&rsquo;aventure avec les\u00a0\u200bVerts, marqu\u00e9 par l&rsquo;arriv\u00e9e de Claude Puel sur le banc et une tendance qui s&rsquo;est invers\u00e9e apr\u00e8s avoir m\u00eame \u00e9t\u00e9 class\u00e9 18 \u00e8me du championnat :<\/p>\n<p>\u00ab\u00a0La m\u00e9thode Puel c\u2019est de marquer \u00e0 la 90\u00e8me, c\u2019est \u00e7a ?\u00a0On essaye de bien d\u00e9fendre en bloc, de bien respecter les consignes et pour l\u2019instant \u00e7a paie. C\u2019est sur qu\u2019on peut s\u2019am\u00e9liorer avec le temps car on a les joueurs pour. \u00e7a ne fait qu\u2019une quinzaine de jours que le coach est arriv\u00e9, c\u2019est d\u00e9j\u00e0 bien on a pris 6 points dont 3 points dans le derby.\u00a0\u00bb<\/p>\n<p>Concernant ses objectifs personnels, Boudebouz souhaite forc\u00e9ment retrouver son niveau. Il est conscient que cela passera par le travail :<\/p>\n<p>\u00ab\u00a0Je veux retrouver mon niveau. je sais que je dois travailler parce qu\u2019on m\u2019attend \u00e0 mon meilleur niveau ici. Moi-m\u00eame j\u2019ai envie de m\u2019\u00e9panouir. Aujourd\u2019hui, l\u2019arriv\u00e9e du nouveau coach me fait beaucoup de bien. Il m\u2019a remis en confiance et je travaille tous les jours pour \u00eatre le plus efficace possible. J\u2019esp\u00e8re que \u00e7a va venir le plus rapidement possible.\u00a0\u00bb Des propos relay\u00e9s par 90min.<\/p>\n<p><strong>Publi\u00e9 dans :<\/strong> <span>boudebouz<\/span><\/p>\n<\/div>\n<p>Auteur:<br \/>\n<a href=\"http:\/\/www.lebuteur.com\/article\/detail?titre=saint-etienne-boudebouz-larrivee-du-nouveau-coach-me-fait-beaucoup-de-bien&#038;id=92500&#038;utm_source=feedburner&#038;utm_medium=feed&#038;utm_campaign=Feed%3A+GalerieFArtciles+%28Les+derniers+articles++-+lebuteur.com%29\">Cliquez ici pour lire l&rsquo;article depuis sa source.<\/a><\/p>\n","protected":false},"excerpt":{"rendered":"<p>Auteur : mercredi 23 octobre 2019 14:12 Dans un entretien accord\u00e9 \u00e0 \u200b\u200bFoot Express\u200b, le joueur alg\u00e9rien est revenu sur son d\u00e9but d&rsquo;aventure avec les\u00a0\u200bVerts, marqu\u00e9 par l&rsquo;arriv\u00e9e de Claude Puel sur le banc et une tendance qui s&rsquo;est invers\u00e9e apr\u00e8s avoir m\u00eame \u00e9t\u00e9 class\u00e9 18 \u00e8me du championnat : \u00ab\u00a0La m\u00e9thode Puel c\u2019est de [&hellip;]<\/p>\n","protected":false},"author":1738,"featured_media":65281,"comment_status":"closed","ping_status":"closed","sticky":false,"template":"","format":"standard","meta":{"fifu_image_url":"","fifu_image_alt":"","footnotes":""},"categories":[53,75],"tags":[],"class_list":["post-65280","post","type-post","status-publish","format-standard","has-post-thumbnail","hentry","category-algerie","category-sport"],"_links":{"self":[{"href":"https:\/\/linitiative.ca\/International\/wp-json\/wp\/v2\/posts\/65280","targetHints":{"allow":["GET"]}}],"collection":[{"href":"https:\/\/linitiative.ca\/International\/wp-json\/wp\/v2\/posts"}],"about":[{"href":"https:\/\/linitiative.ca\/International\/wp-json\/wp\/v2\/types\/post"}],"author":[{"embeddable":true,"href":"https:\/\/linitiative.ca\/International\/wp-json\/wp\/v2\/users\/1738"}],"replies":[{"embeddable":true,"href":"https:\/\/linitiative.ca\/International\/wp-json\/wp\/v2\/comments?post=65280"}],"version-history":[{"count":0,"href":"https:\/\/linitiative.ca\/International\/wp-json\/wp\/v2\/posts\/65280\/revisions"}],"wp:featuredmedia":[{"embeddable":true,"href":"https:\/\/linitiative.ca\/International\/wp-json\/"}],"wp:attachment":[{"href":"https:\/\/linitiative.ca\/International\/wp-json\/wp\/v2\/media?parent=65280"}],"wp:term":[{"taxonomy":"category","embeddable":true,"href":"https:\/\/linitiative.ca\/International\/wp-json\/wp\/v2\/categories?post=65280"},{"taxonomy":"post_tag","embeddable":true,"href":"https:\/\/linitiative.ca\/International\/wp-json\/wp\/v2\/tags?post=65280"}],"curies":[{"name":"wp","href":"https:\/\/api.w.org\/{rel}","templated":true}]}}