{"id":65282,"date":"2019-10-23T15:14:59","date_gmt":"2019-10-23T19:14:59","guid":{"rendered":"https:\/\/linitiative.ca\/International\/pros-as-monaco-slimani-doute-sur-loption-dachat\/"},"modified":"2019-10-23T15:14:59","modified_gmt":"2019-10-23T19:14:59","slug":"pros-as-monaco-slimani-doute-sur-loption-dachat","status":"publish","type":"post","link":"https:\/\/linitiative.ca\/International\/pros-as-monaco-slimani-doute-sur-loption-dachat\/","title":{"rendered":"Pros : AS Monaco: Slimani, doute sur l&rsquo;option d&rsquo;achat ?"},"content":{"rendered":"<div readability=\"32\">\n<p>Auteur : <span class=\"time\">mercredi 23 octobre 2019 15:29<\/span><\/p>\n<\/div>\n<div id=\"post_core\" readability=\"41\">\n<p>Auteur d&rsquo;excellents d\u00e9buts sous les couleurs de l&rsquo;AS Monaco, l&rsquo;avant-centre Islam Slimani fait l&rsquo;objet d&rsquo;un pr\u00eat au sein du club de la Principaut\u00e9 en provenance de Leicester. D\u00e9but octobre, le m\u00e9dia France Football \u00e9voquait une option d&rsquo;achat de 10 millions d&rsquo;euros pour l&rsquo;ASM concernant l&rsquo;international alg\u00e9rien. Ce mercredi, Sky Sports confirme quasiment cette information en indiquant une option d&rsquo;achat fix\u00e9e \u00e0 9 millions d&rsquo;euros ! Mais en r\u00e9action, certains membres des Foxes ont d\u00e9menti cette nouvelle et ont expliqu\u00e9 qu&rsquo;un d\u00e9part de Slimani se n\u00e9gocierait pour un montant bien plus important. Un dossier \u00e0 suivre avec attention rapporte Maxifoot.fr.<\/p>\n<p><strong>Publi\u00e9 dans :<\/strong> <span>slimani<\/span> <span>as monaco<\/span><\/p>\n<\/div>\n<p>Auteur:<br \/>\n<a href=\"http:\/\/www.lebuteur.com\/article\/detail?titre=as-monaco-slimani-doute-sur-loption-dachat&#038;id=92504&#038;utm_source=feedburner&#038;utm_medium=feed&#038;utm_campaign=Feed%3A+GalerieFArtciles+%28Les+derniers+articles++-+lebuteur.com%29\">Cliquez ici pour lire l&rsquo;article depuis sa source.<\/a><\/p>\n","protected":false},"excerpt":{"rendered":"<p>Auteur : mercredi 23 octobre 2019 15:29 Auteur d&rsquo;excellents d\u00e9buts sous les couleurs de l&rsquo;AS Monaco, l&rsquo;avant-centre Islam Slimani fait l&rsquo;objet d&rsquo;un pr\u00eat au sein du club de la Principaut\u00e9 en provenance de Leicester. D\u00e9but octobre, le m\u00e9dia France Football \u00e9voquait une option d&rsquo;achat de 10 millions d&rsquo;euros pour l&rsquo;ASM concernant l&rsquo;international alg\u00e9rien. Ce mercredi, [&hellip;]<\/p>\n","protected":false},"author":1738,"featured_media":65283,"comment_status":"closed","ping_status":"closed","sticky":false,"template":"","format":"standard","meta":{"fifu_image_url":"","fifu_image_alt":"","footnotes":""},"categories":[53,75],"tags":[],"class_list":["post-65282","post","type-post","status-publish","format-standard","has-post-thumbnail","hentry","category-algerie","category-sport"],"_links":{"self":[{"href":"https:\/\/linitiative.ca\/International\/wp-json\/wp\/v2\/posts\/65282","targetHints":{"allow":["GET"]}}],"collection":[{"href":"https:\/\/linitiative.ca\/International\/wp-json\/wp\/v2\/posts"}],"about":[{"href":"https:\/\/linitiative.ca\/International\/wp-json\/wp\/v2\/types\/post"}],"author":[{"embeddable":true,"href":"https:\/\/linitiative.ca\/International\/wp-json\/wp\/v2\/users\/1738"}],"replies":[{"embeddable":true,"href":"https:\/\/linitiative.ca\/International\/wp-json\/wp\/v2\/comments?post=65282"}],"version-history":[{"count":0,"href":"https:\/\/linitiative.ca\/International\/wp-json\/wp\/v2\/posts\/65282\/revisions"}],"wp:featuredmedia":[{"embeddable":true,"href":"https:\/\/linitiative.ca\/International\/wp-json\/"}],"wp:attachment":[{"href":"https:\/\/linitiative.ca\/International\/wp-json\/wp\/v2\/media?parent=65282"}],"wp:term":[{"taxonomy":"category","embeddable":true,"href":"https:\/\/linitiative.ca\/International\/wp-json\/wp\/v2\/categories?post=65282"},{"taxonomy":"post_tag","embeddable":true,"href":"https:\/\/linitiative.ca\/International\/wp-json\/wp\/v2\/tags?post=65282"}],"curies":[{"name":"wp","href":"https:\/\/api.w.org\/{rel}","templated":true}]}}