{"id":65284,"date":"2019-10-22T20:00:00","date_gmt":"2019-10-23T00:00:00","guid":{"rendered":"https:\/\/linitiative.ca\/International\/m-salah-eddine-dahmoune-nous-navons-pas-ferme-deglises\/"},"modified":"2019-10-22T20:00:00","modified_gmt":"2019-10-23T00:00:00","slug":"m-salah-eddine-dahmoune-nous-navons-pas-ferme-deglises","status":"publish","type":"post","link":"https:\/\/linitiative.ca\/International\/m-salah-eddine-dahmoune-nous-navons-pas-ferme-deglises\/","title":{"rendered":"M. Salah Eddine Dahmoune : \u00ab Nous n\u2019avons pas ferm\u00e9 d\u2019\u00e9glises \u00bb"},"content":{"rendered":"<p>\u00ab Aucune instruction n&rsquo;a \u00e9t\u00e9 donn\u00e9e pour la fermeture d\u2019\u00e9glises activant de mani\u00e8re l\u00e9gale\u00bb, a soulign\u00e9 le ministre de l\u2019Int\u00e9rieur, des Collectivit\u00e9s locales et de l\u2019Am\u00e9nagement du territoire. M. Salah Eddine Dahmoune, qui a accord\u00e9, lundi soir, une d\u00e9claration \u00e0 la presse nationale, en marge de la mise en service d\u2019une unit\u00e9 secondaire de la protection civile \u00e0 la commune d\u2019El Hamma, dans la wilaya de Khenchela, a cependant expliqu\u00e9 que \u00ables services du minist\u00e8re de l\u2019Int\u00e9rieur ont proc\u00e9d\u00e9 r\u00e9cemment \u00e0 la fermeture de hangars convertis en \u00e9glises, activant ill\u00e9galement dans quelques wilayas du pays\u00bb. Donnant de plus amples d\u00e9tails et d\u2019\u00e9clairages \u00e0 ce sujet, il affirme que \u00ab12 sur 49 hangars transform\u00e9s en \u00e9glises et activant de mani\u00e8re ill\u00e9gale ont \u00e9t\u00e9 ferm\u00e9s\u00bb, notant par la m\u00eame que \u00ables mesures coercitives n\u00e9cessaires seront prises \u00e0 l\u2019encontre des gestionnaires et ceux qui fr\u00e9quentaient ces \u00e9glises ill\u00e9gales\u00bb.<br \/>Le ministre de l\u2019Int\u00e9rieur a, d\u2019autre part, mis en relief que \u00abl\u2019Alg\u00e9rie fait partie des pays pionniers dans le domaine du respect de la libert\u00e9 d\u2019opinion et de croyance\u00bb. Aussi et tout en relevant que \u00abl\u2019Alg\u00e9rie n\u2019a pas besoin de le\u00e7on dans ce domaine\u00bb, le ministre fera remarquer que notre pays est \u00abconnu pour le respect de la libert\u00e9 de culte dans des cadres l\u00e9gaux et organis\u00e9s\u00bb. Poursuivant ses propos, il rappelle que l\u2019Etat alg\u00e9rien avait \u00abfinanc\u00e9 durant ces derni\u00e8res ann\u00e9es des dizaines d\u2019op\u00e9rations d\u2019am\u00e9nagement et de mise \u00e0 niveau d\u2019\u00e9glises catholiques situ\u00e9es dans les wilayas de Tizi-Ouzou, Bouira, Annaba et Oran\u00bb. L\u2019on peut citer, \u00e0 titre d\u2019exemple, la r\u00e9ouverture, en d\u00e9cembre dernier, de la chapelle de Notre-Dame Santa Cruz (Oran), apr\u00e8s sa restauration, la c\u00e9r\u00e9monie organis\u00e9e dans ce cadre s\u2019\u00e9tant d\u00e9roul\u00e9e en pr\u00e9sence de l\u2019envoy\u00e9 du Pape Fran\u00e7ois, le cardinal Giovanni Angelo Becciu. Il faut dire que la r\u00e9ouverture de cette \u00e9glise est en effet intervenue apr\u00e8s une op\u00e9ration de restauration et de r\u00e9habilitation, \u00e0 laquelle l\u2019Etat alg\u00e9rien a consacr\u00e9 un financement \u00e0 hauteur de 60% du co\u00fbt, estim\u00e9 \u00e0 340 millions de DA. Ce qu\u2019il faut savoir \u00e9galement \u00e0 propos des hangars transform\u00e9s en \u00e9glises et activant de mani\u00e8re ill\u00e9gale, c\u2019est que l\u2019intervention des services du minist\u00e8re de l\u2019Int\u00e9rieur, des Collectivit\u00e9s locales et de l\u2019Am\u00e9nagement du territoire pour fermer ces sites ill\u00e9gaux s\u2019est faite suite \u00e0 \u00ab des plaintes d\u00e9pos\u00e9es par des citoyens sur des activit\u00e9s suspectes dans ces hangars\u00bb, a indiqu\u00e9 M. Dahmoune. Il est utile de souligner, dans ce contexte, qu\u2019en Alg\u00e9rie, la libert\u00e9 d&rsquo;exercice d\u2019un culte est garantie par la Constitution et les lois de la R\u00e9publique. De m\u00eame qu\u2019elle est soutenue et prot\u00e9g\u00e9e par l&rsquo;Etat, \u00abcependant tout un chacun, y compris des associations religieuses activant en Alg\u00e9rie, doivent se conformer \u00e0 ces lois\u00bb, a indiqu\u00e9 le ministre. Depuis la promulgation de la loi de 2006 fixant les conditions et r\u00e8gles d&rsquo;exercice des cultes autres que musulman, l&rsquo;Etat a constamment appel\u00e9 les associations religieuses activant en Alg\u00e9rie \u00e0 se conformer aux lois de la R\u00e9publique, et au cours des derni\u00e8res ann\u00e9es \u00abbon nombre de ces associations, notamment catholiques, ont r\u00e9pondu \u00e0 ces appels\u00bb. N\u00e9anmoins, force est de constater que ce qui est ferm\u00e9 ces derni\u00e8res ann\u00e9es, ce sont des \u00e9tablissements \u00e9ducatifs, des logements ou des locaux commerciaux transform\u00e9s, unilat\u00e9ralement par certaines associations, en lieux de culte et non pas des \u00e9glises au sens de la loi, et ce, parall\u00e8lement \u00e0 une recrudescence du courant \u00e9vang\u00e9liste et des prolongements ext\u00e9rieurs \u00absans respect des lois de la R\u00e9publique\u00bb. Partant de l\u00e0, les pouvoirs publics avaient affirm\u00e9 \u00e0 maintes reprises que la loi s&rsquo;applique \u00e0 tous, et que \u00abcelui qui refuse de s&rsquo;y soumettre ouvre la voie au recours \u00e0 la force publique pour l&rsquo;imposer\u00bb, ceci d\u2019autant que la loi d\u00e9finit les conditions d&rsquo;ouverture d&rsquo;\u00e9glises, et que l&rsquo;Alg\u00e9rie \u00abest souveraine de ses d\u00e9cisions en d\u00e9pit des critiques\u00bb. Par ailleurs, et sur un autre volet, le ministre a affirm\u00e9 que la g\u00e9n\u00e9ralisation de l\u2019\u00e9nergie solaire aux \u00e9tablissements scolaires \u00e0 travers le pays s\u2019inscrit \u00abparmi les priorit\u00e9s du programme de l\u2019Etat alg\u00e9rien\u00bb. Lors de la c\u00e9r\u00e9monie de mise en service de l\u2019\u00e9cole primaire Siad-Belkacem, \u00e0 Khenchela, le ministre a indiqu\u00e9 que les efforts de l\u2019Etat sont poursuivis pour mettre \u00e0 la disposition des \u00e9tablissements scolaires tout ce qui est n\u00e9cessaire, notamment en mati\u00e8re d\u2019\u00e9nergies renouvelables, dont le solaire. M. Dahmoune a donn\u00e9 des instructions aux responsables du secteur des \u00e9quipements publics pour encourager le recours \u00e0 l\u2019\u00e9nergie solaire en introduisant une clause dans les cahiers des charges sur l\u2019exploitation de cette \u00e9nergie dans les projets des \u00e9tablissements en cours de r\u00e9alisation. Il a \u00e9galement ajout\u00e9 qu\u2019\u00e0 l\u2019avenir, une grande importance sera accord\u00e9e \u00e0 l\u2019\u00e9ducation physique, et partant, en faire une mati\u00e8re fondamentale dans le programme p\u00e9dagogique du palier primaire.<br \/><strong>Soraya Guemmouri<\/strong><br \/>\u00a0<\/p>\n<p>Auteur: elmoudjahid<br \/>\n<a href=\"http:\/\/www.elmoudjahid.com\/fr\/actualites\/143519\">Cliquez ici pour lire l&rsquo;article depuis sa source.<\/a><\/p>\n","protected":false},"excerpt":{"rendered":"<p>\u00ab Aucune instruction n&rsquo;a \u00e9t\u00e9 donn\u00e9e pour la fermeture d\u2019\u00e9glises activant de mani\u00e8re l\u00e9gale\u00bb, a soulign\u00e9 le ministre de l\u2019Int\u00e9rieur, des Collectivit\u00e9s locales et de l\u2019Am\u00e9nagement du territoire. M. Salah Eddine Dahmoune, qui a accord\u00e9, lundi soir, une d\u00e9claration \u00e0 la presse nationale, en marge de la mise en service d\u2019une unit\u00e9 secondaire de la [&hellip;]<\/p>\n","protected":false},"author":1744,"featured_media":0,"comment_status":"closed","ping_status":"closed","sticky":false,"template":"","format":"standard","meta":{"fifu_image_url":"","fifu_image_alt":"","footnotes":""},"categories":[73,53],"tags":[],"class_list":["post-65284","post","type-post","status-publish","format-standard","hentry","category-actualite","category-algerie"],"_links":{"self":[{"href":"https:\/\/linitiative.ca\/International\/wp-json\/wp\/v2\/posts\/65284","targetHints":{"allow":["GET"]}}],"collection":[{"href":"https:\/\/linitiative.ca\/International\/wp-json\/wp\/v2\/posts"}],"about":[{"href":"https:\/\/linitiative.ca\/International\/wp-json\/wp\/v2\/types\/post"}],"author":[{"embeddable":true,"href":"https:\/\/linitiative.ca\/International\/wp-json\/wp\/v2\/users\/1744"}],"replies":[{"embeddable":true,"href":"https:\/\/linitiative.ca\/International\/wp-json\/wp\/v2\/comments?post=65284"}],"version-history":[{"count":0,"href":"https:\/\/linitiative.ca\/International\/wp-json\/wp\/v2\/posts\/65284\/revisions"}],"wp:attachment":[{"href":"https:\/\/linitiative.ca\/International\/wp-json\/wp\/v2\/media?parent=65284"}],"wp:term":[{"taxonomy":"category","embeddable":true,"href":"https:\/\/linitiative.ca\/International\/wp-json\/wp\/v2\/categories?post=65284"},{"taxonomy":"post_tag","embeddable":true,"href":"https:\/\/linitiative.ca\/International\/wp-json\/wp\/v2\/tags?post=65284"}],"curies":[{"name":"wp","href":"https:\/\/api.w.org\/{rel}","templated":true}]}}