{"id":65286,"date":"2019-10-22T20:00:00","date_gmt":"2019-10-23T00:00:00","guid":{"rendered":"https:\/\/linitiative.ca\/International\/cause-sahraouie-lalgerie-reitere-son-soutien-clair-et-sans-equivoque\/"},"modified":"2019-10-22T20:00:00","modified_gmt":"2019-10-23T00:00:00","slug":"cause-sahraouie-lalgerie-reitere-son-soutien-clair-et-sans-equivoque","status":"publish","type":"post","link":"https:\/\/linitiative.ca\/International\/cause-sahraouie-lalgerie-reitere-son-soutien-clair-et-sans-equivoque\/","title":{"rendered":"Cause sahraouie  :  L&rsquo;Alg\u00e9rie r\u00e9it\u00e8re son soutien clair et sans \u00e9quivoque"},"content":{"rendered":"<p>L&rsquo;Alg\u00e9rie a r\u00e9it\u00e9r\u00e9 son attachement \u00e0 sa position \u00abclair\u00bb et \u00absans \u00e9quivoque\u00bb de soutien \u00e0 la cause sahraouie et au droit du peuple sahraoui d&rsquo;exercer son droit \u00e0 l&rsquo;autod\u00e9termination dans le cadre du processus de r\u00e8glement onusien conform\u00e9ment aux chartes et lois internationales adopt\u00e9es par l&rsquo;ONU dont la r\u00e9solution 1514 du Conseil de s\u00e9curit\u00e9. S&rsquo;exprimant dans ce contexte, le ministre de la Communication, porte-parole du Gouvernement et ministre de la Culture par int\u00e9rim, Hassan Rabehi, a r\u00e9affirm\u00e9 lundi la position \u00abclaire et sans \u00e9quivoque\u00bb de l&rsquo;Alg\u00e9rie et \u00abson soutien ind\u00e9fectible au droit du peuple sahraoui \u00e0 l&rsquo;autod\u00e9termination\u00bb, r\u00e9pondant \u00e0 une question en marge du forum du quotidien Echaa\u00bb sur les r\u00e9centes d\u00e9clarations de Amar Saadani concernant la question du Sahara occidental. Pr\u00e9cisant que ces d\u00e9clarations \u00abinsignifiantes\u00bb n&rsquo;engageaient que leur auteur, M. Rabehi a nonobstant rappel\u00e9 que \u00abla question sahraouie dont la l\u00e9gitimit\u00e9 est reconnue par plusieurs pays, est inscrite \u00e0 l&rsquo;ordre du jour de l&rsquo;ONU\u00bb. Il a salu\u00e9 \u00e0 l&rsquo;occasion \u00able haut sens de responsabilit\u00e9 avec lequel l&rsquo;ONU traite la question du Sahara occidental\u00bb, avant de r\u00e9affirmer que le r\u00e8glement de cette question passe imp\u00e9rativement par un r\u00e9f\u00e9rendum d&rsquo;autod\u00e9termination qui permettra au peuple sahraoui de d\u00e9cider de son avenir conform\u00e9ment aux chartes et lois internationales adopt\u00e9es par l&rsquo;ONU. \u00a0<\/p>\n<p><strong>\u00a0Le conflit du Sahara occidental est une question de d\u00e9colonisation<\/strong><\/p>\n<p>De son c\u00f4t\u00e9, l&rsquo;Ambassadeur d&rsquo;Alg\u00e9rie \u00e0 l&rsquo;ONU, Soufiane Mimouni, s&rsquo;exprimant devant la quatri\u00e8me commission de l&rsquo;ONU, charg\u00e9e de la d\u00e9colonisation, \u00e0 New York, a r\u00e9it\u00e9r\u00e9 que le conflit du Sahara occidental est \u00abune question de d\u00e9colonisation inachev\u00e9e\u00bb, r\u00e9affirmant le droit inali\u00e9nable du peuple sahraoui \u00e0 l&rsquo;autod\u00e9termination. \u00abC\u2019est dire donc qu\u2019aucun doute ne p\u00e8se sur la nature de ce conflit qui reste une question de d\u00e9colonisation inachev\u00e9e\u00bb, a indiqu\u00e9 le repr\u00e9sentant de l&rsquo;Alg\u00e9rie, avant d&rsquo;ajouter que \u00abl&rsquo;ONU tout comme l&rsquo;Union africaine, consid\u00e8rent que la seule solution, juste et durable \u00e0 ce conflit est celle qui permettrait au peuple du Sahara occidental d&rsquo;exercer librement son droit \u00e0 l&rsquo;autod\u00e9termination conform\u00e9ment \u00e0 la r\u00e9solution 1514 (XV)\u00bb. Il a d&rsquo;ailleurs rappel\u00e9 que \u00ables initi\u00e9s de ce dossier se rappelleront que l\u2019Assembl\u00e9e g\u00e9n\u00e9rale avait, d\u00e8s 1966, reconnu le droit du peuple sahraoui \u00e0 l\u2019autod\u00e9termination et affirm\u00e9 depuis, son droit inali\u00e9nable \u00e0 l\u2019autod\u00e9termination et \u00e0 l\u2019ind\u00e9pendance conform\u00e9ment \u00e0 la r\u00e9solution 1514 (XV)\u00bb. L&rsquo;ambassadeur a relev\u00e9 que l&rsquo;examen de cette question s&rsquo;inscrivait clairement dans le cadre des attributions de la quatri\u00e8me commission de l&rsquo;ONU charg\u00e9e de la d\u00e9colonisation tel que soulign\u00e9 par le SG de l&rsquo;ONU dans son dernier rapport sur le Sahara occidental. Soulignant que le peuple sahraoui attend toujours d&rsquo;exercer son droit inali\u00e9nable \u00e0 l&rsquo;autod\u00e9termination, M. Mimouni a assur\u00e9 que les efforts du secr\u00e9taire g\u00e9n\u00e9ral des Nations unies et du Conseil de s\u00e9curit\u00e9 en faveur du parach\u00e8vement du processus de d\u00e9colonisation du Sahara occidental \u00abb\u00e9n\u00e9ficient du soutien de l&rsquo;Alg\u00e9rie\u00bb, en rendant hommage \u00e0 l\u2019ancien envoy\u00e9 personnel Horst Kohler qui avait r\u00e9ussi \u00e0 insuffler une nouvelle dynamique au processus politique. \u00a0<\/p>\n<p><strong>La position alg\u00e9rienne \u00e9mane d&rsquo;une conviction historique et juridique<\/strong><\/p>\n<p>Par ailleurs, dans un communiqu\u00e9, le groupe parlementaire d&rsquo;amiti\u00e9 et de fraternit\u00e9 Alg\u00e9rie-Sahara occidental, a remis \u00e0 l&rsquo;\u00e9vidence que la position de l&rsquo;Alg\u00e9rie vis-\u00e0-vis de la cause sahraouie \u00ab\u00e9mane de convictions historiques et juridiques conform\u00e9ment \u00e0 la l\u00e9galit\u00e9 internationale et toutes les r\u00e9solutions onusiennes pertinentes\u00bb. \u00abLa position constante de l&rsquo;Alg\u00e9rie vis-\u00e0-vis des mouvements de lib\u00e9ration rejetant le colonialisme en Afrique et en Asie d\u00e9coule de notre exp\u00e9rience de lib\u00e9ration nationale ayant permis \u00e0 l&rsquo;Alg\u00e9rie de recouvrer sa souverainet\u00e9 apr\u00e8s 132 ans d&rsquo;occupation fran\u00e7aise. Elle \u00e9mane \u00e9galement de son attachement au respect du droit international\u00bb, a-t-il soutenu. \u00abDerni\u00e8re colonie en Afrique\u00bb, le Sahara Occidental, rappelle le groupe, est \u00abune cause humaine et politique juste qui a \u00e9t\u00e9 adopt\u00e9e par les Etats, les peuples, les Parlements nationaux et les organisations gouvernementales et non gouvernementales eu \u00e9gard de sa l\u00e9gitimit\u00e9 historique et juridique\u00bb. Le territoire du Sahara occidental est la derni\u00e8re colonie d&rsquo;Afrique occup\u00e9 par le Maroc en 1975 et reste \u00e0 ce jour inscrit \u00e0 l&rsquo;ONU au chapitre des territoires colonis\u00e9s selon les r\u00e8gles du droit international en la mati\u00e8re. En outre, le Comit\u00e9 national alg\u00e9rien de solidarit\u00e9 avec le Peuple sahraoui (CNASPS) a soulign\u00e9 que les propos d&rsquo;Amar Saadani, sur le Sahara occidental, font \u00abla promotion de l\u2019occupation et du colonialisme\u00bb et \u00abqui sont diam\u00e9tralement oppos\u00e9s \u00e0 la position officielle de l\u2019Alg\u00e9rie et au soutien populaire et unanime des Alg\u00e9riennes et Alg\u00e9riens \u00e0 la cause sahraouie\u00bb. Le CNASPS a \u00e9galement soulign\u00e9 que \u00able Front Polisario a d\u2019abord m\u00e9rit\u00e9 ses titres de noblesse et la reconnaissance internationale sur le terrain des batailles militaires qu\u2019il a livr\u00e9es et gagn\u00e9es face aux forces d\u2019occupation marocaines, obligeant le gouvernement marocain \u00e0 solliciter un cessez-le-feu en septembre 1991\u00bb. \u00abLa RASD, n&rsquo;en d\u00e9plaise \u00e0 ses commanditaires et \u00e0 lui-m\u00eame, est membre fondateur de l\u2019UA, admise d\u00e9j\u00e0 en 1984 comme membre \u00e0 part enti\u00e8re de l\u2019OUA, et ayant entra\u00een\u00e9 le Maroc \u00e0 s\u2019absenter 32 ann\u00e9es durant des rangs de l\u2019Organisation Continentale\u00bb, a relev\u00e9 le pr\u00e9sident du CNASPS, Said Ayachi. Et d\u2019encha\u00eener \u00abce m\u00eame Maroc qui aujourd\u2019hui n\u2019a d\u2019autres choix et alternative que de si\u00e9ger \u00e0 la m\u00eame table que les Sahraouis, subissant ainsi la r\u00e9alit\u00e9 des r\u00e9sultats et des d\u00e9veloppements de la lutte du Peuple Sahraoui\u00bb.<br \/>\u00a0<\/p>\n<p>Auteur: elmoudjahid<br \/>\n<a href=\"http:\/\/www.elmoudjahid.com\/fr\/actualites\/143521\">Cliquez ici pour lire l&rsquo;article depuis sa source.<\/a><\/p>\n","protected":false},"excerpt":{"rendered":"<p>L&rsquo;Alg\u00e9rie a r\u00e9it\u00e9r\u00e9 son attachement \u00e0 sa position \u00abclair\u00bb et \u00absans \u00e9quivoque\u00bb de soutien \u00e0 la cause sahraouie et au droit du peuple sahraoui d&rsquo;exercer son droit \u00e0 l&rsquo;autod\u00e9termination dans le cadre du processus de r\u00e8glement onusien conform\u00e9ment aux chartes et lois internationales adopt\u00e9es par l&rsquo;ONU dont la r\u00e9solution 1514 du Conseil de s\u00e9curit\u00e9. S&rsquo;exprimant [&hellip;]<\/p>\n","protected":false},"author":1744,"featured_media":0,"comment_status":"closed","ping_status":"closed","sticky":false,"template":"","format":"standard","meta":{"fifu_image_url":"","fifu_image_alt":"","footnotes":""},"categories":[73,53],"tags":[],"class_list":["post-65286","post","type-post","status-publish","format-standard","hentry","category-actualite","category-algerie"],"_links":{"self":[{"href":"https:\/\/linitiative.ca\/International\/wp-json\/wp\/v2\/posts\/65286","targetHints":{"allow":["GET"]}}],"collection":[{"href":"https:\/\/linitiative.ca\/International\/wp-json\/wp\/v2\/posts"}],"about":[{"href":"https:\/\/linitiative.ca\/International\/wp-json\/wp\/v2\/types\/post"}],"author":[{"embeddable":true,"href":"https:\/\/linitiative.ca\/International\/wp-json\/wp\/v2\/users\/1744"}],"replies":[{"embeddable":true,"href":"https:\/\/linitiative.ca\/International\/wp-json\/wp\/v2\/comments?post=65286"}],"version-history":[{"count":0,"href":"https:\/\/linitiative.ca\/International\/wp-json\/wp\/v2\/posts\/65286\/revisions"}],"wp:attachment":[{"href":"https:\/\/linitiative.ca\/International\/wp-json\/wp\/v2\/media?parent=65286"}],"wp:term":[{"taxonomy":"category","embeddable":true,"href":"https:\/\/linitiative.ca\/International\/wp-json\/wp\/v2\/categories?post=65286"},{"taxonomy":"post_tag","embeddable":true,"href":"https:\/\/linitiative.ca\/International\/wp-json\/wp\/v2\/tags?post=65286"}],"curies":[{"name":"wp","href":"https:\/\/api.w.org\/{rel}","templated":true}]}}