{"id":65288,"date":"2019-10-22T20:00:00","date_gmt":"2019-10-23T00:00:00","guid":{"rendered":"https:\/\/linitiative.ca\/International\/attribution-hier-du-prix-du-president-de-la-republique-du-journaliste-professionnel-dialogue-inclusion-et-professionnalisme\/"},"modified":"2019-10-22T20:00:00","modified_gmt":"2019-10-23T00:00:00","slug":"attribution-hier-du-prix-du-president-de-la-republique-du-journaliste-professionnel-dialogue-inclusion-et-professionnalisme","status":"publish","type":"post","link":"https:\/\/linitiative.ca\/International\/attribution-hier-du-prix-du-president-de-la-republique-du-journaliste-professionnel-dialogue-inclusion-et-professionnalisme\/","title":{"rendered":"Attribution hier du  \u00ab Prix du Pr\u00e9sident de la R\u00e9publique du journaliste professionnel \u00bb  : Dialogue, inclusion  et professionnalisme"},"content":{"rendered":"<p>C&rsquo;est lors d&rsquo;une c\u00e9r\u00e9monie solennelle, tenue sous l&rsquo;\u00e9gide du chef de l&rsquo;\u00c9tat et rehauss\u00e9e par la pr\u00e9sence des membres du gouvernement, qu&rsquo;ont \u00e9t\u00e9 distingu\u00e9s les heureux laur\u00e9ats de la 5e \u00e9dition du \u00abPrix du pr\u00e9sident de la R\u00e9publique du journaliste professionnel\u00bb, \u00e0 l\u2019occasion de la comm\u00e9moration de la Journ\u00e9e nationale de la presse, le 22 octobre de chaque ann\u00e9e. \u00abLes vertus du dialogue\u00bb a \u00e9t\u00e9 le th\u00e8me choisi pour cette 5e \u00e9dition, un choix qui co\u00efncide avec la conjoncture cruciale que vit le pays, r\u00e9solument engag\u00e9 sur la voie de l&rsquo;instauration d&rsquo;une v\u00e9ritable d\u00e9mocratie, \u00e0 la faveur de la pr\u00e9sidentielle du 12 d\u00e9cembre prochain.<br \/>Ce scrutin d\u00e9cisif a \u00e9t\u00e9 soulign\u00e9 dans le discours du chef de l&rsquo;\u00c9tat, Abdelkader Bensalah, lu par le ministre de la Communication, porte-parole du gouvernement et ministre de la Culture par int\u00e9rim, Hassane Rabehi. Dans ce message, le chef de l&rsquo;\u00c9tat est, notamment, revenu sur les \u00e9tapes phare du processus \u00e9lectoral pour la pr\u00e9sidentielle. Mettant en relief le caract\u00e8re d\u00e9cisif de cette \u00e9lection, le chef de l&rsquo;\u00c9tat fera aussi savoir que celle-ci intervient \u00e0 un moment o\u00f9 la majorit\u00e9 des revendications soulev\u00e9es par le mouvement populaire ont \u00e9t\u00e9 satisfaites, par le biais d&rsquo;une r\u00e9elle prise en charge des institutions de l&rsquo;\u00c9tat, ainsi que l&rsquo;accompagnement du haut commandement de l&rsquo;institution militaire ayant assum\u00e9 un r\u00f4le majeur dans la r\u00e9solution de la crise dans le respect absolu des principes constitutionnels. Le chef de l&rsquo;\u00c9tat a aussi appel\u00e9 la presse nationale \u00e0 ne m\u00e9nager aucun effort pour contribuer au succ\u00e8s de la prochaine pr\u00e9sidentielle. Une participation appr\u00e9ciable des repr\u00e9sentants des m\u00e9dias a \u00e9t\u00e9 enregistr\u00e9e, \u00e0 l&rsquo;occasion de cette 5e \u00e9dition. Un total de 126 \u0153uvres a \u00e9t\u00e9 soumis en effet \u00e0 l&rsquo;appr\u00e9ciation du jury, a r\u00e9v\u00e9l\u00e9 son pr\u00e9sident, le Pr Abdeslam Benzaoui. Les laur\u00e9ats ont \u00e9t\u00e9 s\u00e9lectionn\u00e9s dans les diff\u00e9rentes cat\u00e9gories m\u00e9diatiques, \u00e0 savoir la presse \u00e9crite, l&rsquo;audiovisuel, les \u00e9missions radiophoniques, la presse \u00e9lectronique, ainsi que la caricature. Pour la cat\u00e9gorie presse \u00e9crite, le premier prix a \u00e9t\u00e9 attribu\u00e9 \u00e0 la journaliste du quotidien Ennasr, Boudjadri Yasmine, le deuxi\u00e8me prix est revenu au correspondant d&rsquo;Horizons dans la wilaya de Tlemcen, Mohamed Medjahdi, alors que le troisi\u00e8me prix a \u00e9t\u00e9 attribu\u00e9 \u00e0 la journaliste d&rsquo;El-Hiwar, Malika Yenoun. Dans la cat\u00e9gorie de l&rsquo;audiovisuel, l&rsquo;EPtv a rafl\u00e9 deux prix, le premier est revenu \u00e0 la journaliste Badr Djaouida et le second \u00e0 Tahar Hallis, alors que le troisi\u00e8me prix a \u00e9t\u00e9 supprim\u00e9. S&rsquo;agissant des prix r\u00e9compensant les \u00e9missions radiophoniques, le 3e prix a \u00e9t\u00e9 obtenu par le journaliste Hassan Zitouni, de Radio-Tipasa, le 2e par Ramdane Dja\u00e2fri, de Radio-Adrar, tandis que le 1er prix est revenu \u00e0 Khadidja Senouci, de Radio-Relizane. S&rsquo;agissant de la presse \u00e9lectronique, Hanane Charef, de Radio Multim\u00e9dia, a obtenu le 1er prix, le 2e prix a \u00e9t\u00e9 supprim\u00e9 par le jury et le 3e est revenu \u00e0 Bahlouli Asma, de Chourouk Net. Le prix de la meilleure caricature a \u00e9t\u00e9 remis \u00e0 Ghani Mohamed Salim, du quotidien El-Djoumhouria, alors que le prix sp\u00e9cial jury a distingu\u00e9 le journaliste du Jeune Ind\u00e9pendant, Kamel Chiriki.<br \/><strong>Karim Aoudia<\/strong><br \/>\u00a0<\/p>\n<p>Auteur: elmoudjahid<br \/>\n<a href=\"http:\/\/www.elmoudjahid.com\/fr\/actualites\/143523\">Cliquez ici pour lire l&rsquo;article depuis sa source.<\/a><\/p>\n","protected":false},"excerpt":{"rendered":"<p>C&rsquo;est lors d&rsquo;une c\u00e9r\u00e9monie solennelle, tenue sous l&rsquo;\u00e9gide du chef de l&rsquo;\u00c9tat et rehauss\u00e9e par la pr\u00e9sence des membres du gouvernement, qu&rsquo;ont \u00e9t\u00e9 distingu\u00e9s les heureux laur\u00e9ats de la 5e \u00e9dition du \u00abPrix du pr\u00e9sident de la R\u00e9publique du journaliste professionnel\u00bb, \u00e0 l\u2019occasion de la comm\u00e9moration de la Journ\u00e9e nationale de la presse, le 22 [&hellip;]<\/p>\n","protected":false},"author":1744,"featured_media":0,"comment_status":"closed","ping_status":"closed","sticky":false,"template":"","format":"standard","meta":{"fifu_image_url":"","fifu_image_alt":"","footnotes":""},"categories":[73,53],"tags":[],"class_list":["post-65288","post","type-post","status-publish","format-standard","hentry","category-actualite","category-algerie"],"_links":{"self":[{"href":"https:\/\/linitiative.ca\/International\/wp-json\/wp\/v2\/posts\/65288","targetHints":{"allow":["GET"]}}],"collection":[{"href":"https:\/\/linitiative.ca\/International\/wp-json\/wp\/v2\/posts"}],"about":[{"href":"https:\/\/linitiative.ca\/International\/wp-json\/wp\/v2\/types\/post"}],"author":[{"embeddable":true,"href":"https:\/\/linitiative.ca\/International\/wp-json\/wp\/v2\/users\/1744"}],"replies":[{"embeddable":true,"href":"https:\/\/linitiative.ca\/International\/wp-json\/wp\/v2\/comments?post=65288"}],"version-history":[{"count":0,"href":"https:\/\/linitiative.ca\/International\/wp-json\/wp\/v2\/posts\/65288\/revisions"}],"wp:attachment":[{"href":"https:\/\/linitiative.ca\/International\/wp-json\/wp\/v2\/media?parent=65288"}],"wp:term":[{"taxonomy":"category","embeddable":true,"href":"https:\/\/linitiative.ca\/International\/wp-json\/wp\/v2\/categories?post=65288"},{"taxonomy":"post_tag","embeddable":true,"href":"https:\/\/linitiative.ca\/International\/wp-json\/wp\/v2\/tags?post=65288"}],"curies":[{"name":"wp","href":"https:\/\/api.w.org\/{rel}","templated":true}]}}