{"id":65289,"date":"2019-10-23T08:15:42","date_gmt":"2019-10-23T12:15:42","guid":{"rendered":"https:\/\/linitiative.ca\/International\/96157-hand-as-castors-oran-club-cherche-salle-d-entrainement-desesperement\/"},"modified":"2019-10-23T08:15:42","modified_gmt":"2019-10-23T12:15:42","slug":"96157-hand-as-castors-oran-club-cherche-salle-d-entrainement-desesperement","status":"publish","type":"post","link":"https:\/\/linitiative.ca\/International\/96157-hand-as-castors-oran-club-cherche-salle-d-entrainement-desesperement\/","title":{"rendered":"Hand\/AS Castors (Oran): club cherche salle d\u2019entra\u00eenement d\u00e9sesp\u00e9r\u00e9ment"},"content":{"rendered":"<div readability=\"39\">\n<p><strong>ORAN &#8211; L\u2019AS Castors, l\u2019un des clubs oeuvrant pour la relance du handball oranais, ne parvient pas \u00e0 d\u00e9nicher une salle o\u00f9 s\u2019entra\u00eener, ce qui rend d\u00e9licate la r\u00e9alisation des objectifs assign\u00e9s \u00e0 ses neufs cat\u00e9gories cette saison, a d\u00e9plor\u00e9 son pr\u00e9sident, Abdelkrim Bendjemil.<\/strong><\/p>\n<\/div>\n<div readability=\"96\">\n<p>\u00ab\u00a0Figurez-vous que depuis le d\u00e9but de la pr\u00e9paration d\u2019intersaison, on ne s&rsquo;est pas encore entra\u00een\u00e9s dans une salle, nous nous sommes content\u00e9s de travailler au niveau du stade d\u2019athl\u00e9tisme des Castors o\u00f9 on se limite \u00e0 effectuer un travail physique en particulier\u00a0\u00bb, a d\u00e9clar\u00e9 Bendjemil \u00e0 l\u2019APS.<\/p>\n<p>Cette situation dure depuis pratiquement la fin du mois d\u2019ao\u00fbt dernier, date de la reprise des entra\u00eenements dans ce club, ce qui porte pr\u00e9judice notamment \u00e0 l\u2019\u00e9quipe seniors dames surtout qu\u2019elle aspire \u00e0 acc\u00e9der en Nationale 1 la saison prochaine, a encore fait savoir l\u2019ancien international alg\u00e9rien.<\/p>\n<blockquote readability=\"10\">\n<p><em><strong>\u00ab\u00a0Outre le peu de moyens financiers dont nous disposons et qu&rsquo;on tente tant bien que mal de\u00a0 r\u00e9soudre \u00e0 notre mani\u00e8re, le manque d\u2019outils de travail nous joue un mauvais tour. Ce n\u2019est certainement pas de cette mani\u00e8re que nous allons redorer le blason terni de la petite balle alg\u00e9rienne\u00a0\u00bb, a regrett\u00e9 le pr\u00e9sident de l\u2019AS Castors.<\/strong><\/em><\/p>\n<\/blockquote>\n<p>L\u2019ancienne figure de proue du handball national dit parler en connaissance de cause, puisqu\u2019il a d\u00fb constater de visu la r\u00e9gression de cette discipline, notamment chez les filles, apr\u00e8s avoir entra\u00een\u00e9 derni\u00e8rement la s\u00e9lection alg\u00e9rienne des dames avec laquelle il n&rsquo;a pas fait long feu.<\/p>\n<p>\u00ab\u00a0Nous avons le talent au niveau de la cat\u00e9gorie f\u00e9minine, sauf que les joueuses ne sont pas bien prises en charge. L\u2019exemple de notre \u00e9quipe des seniors dames en est la parfaite illustration, car ce n\u2019est pas normal qu\u2019elle soit priv\u00e9e d\u2019une salle o\u00f9 s\u2019entra\u00eener depuis plusieurs semaines\u00a0\u00bb, a affirm\u00e9 le m\u00eame responsable.<\/p>\n<p class=\"c30\"><strong>\u00ab\u00a0Le forfait menace certains clubs\u00a0\u00bb<\/strong><\/p>\n<p>Rappelant qu\u2019il avait d\u00e9missionn\u00e9 de son poste \u00e0 la t\u00eate de la s\u00e9lection nationale des dames apr\u00e8s avoir constat\u00e9 que la F\u00e9d\u00e9ration alg\u00e9rienne de la discipline \u00ab\u00a0n\u2019\u00e9tait pas pr\u00eate \u00e0 mettre les moyens n\u00e9cessaires pour r\u00e9aliser un travail de fond\u00a0\u00bb, Bendjemil tire la sonnette d\u2019alarme concernant la situation pr\u00e9valant dans le handball oranais, aussi bien en mati\u00e8re de finances qu&rsquo;en infrastructures.<\/p>\n<blockquote readability=\"12\">\n<p><em><strong>\u00ab\u00a0La plupart des clubs oranais trouvent du mal pour rassembler l\u2019argent n\u00e9cessaire afin de payer les frais d\u2019engagement. Certains d\u2019entre eux risquent tout simplement d\u2019\u00eatre \u00e9cart\u00e9s de la comp\u00e9tition \u00e0 cause justement de ce probl\u00e8me, au moment o\u00f9 le manque se fait de plus en plus ressentir dans le domaine des infrastructures, surtout apr\u00e8s la fermeture du Palais des sports Hamou-Boutelilis, qui fait actuellement l\u2019objet de travaux de r\u00e9habilitation en pr\u00e9vision des Jeux m\u00e9diterran\u00e9ens-2021 \u00e0 Oran\u00a0\u00bb, a-t-il expliqu\u00e9.<\/strong><\/em><\/p>\n<\/blockquote>\n<p>Dans la foul\u00e9e, le m\u00eame responsable s\u2019est d\u00e9clar\u00e9 \u00ab\u00a0exacerb\u00e9\u00a0\u00bb par le comportement de certaines formations de l\u2019\u00e9lite qui n\u2019h\u00e9sitent pas \u00e0 faire \u00ab\u00a0leurs emplettes\u00a0\u00bb lors de chaque mercato au sein de son \u00e9quipe.<\/p>\n<p>C\u2019est le cas cet \u00e9t\u00e9 aussi, puisque la direction de la formation oranaise trouve toutes les peines du monde pour pr\u00e9server ses meilleures joueuses de l\u2019\u00e9quipe seniors qui font l\u2019objet de convoitises des clubs de l\u2019Excellence, selon Bendjemil, d\u00e9non\u00e7ant fermement ce comportement.<\/p>\n<p>\u00ab\u00a0Les clubs concern\u00e9s jouent la carte financi\u00e8re pour convaincre les joueuses cibl\u00e9es de les rejoindre, car ils savent pertinemment que nous n\u2019avons pas les moyens pour leur \u00e9tablir des salaires\u00a0\u00bb, a-t-il conclu.<\/p>\n<\/div>\n<p>Auteur:<br \/>\n<a href=\"http:\/\/www.aps.dz\/sport\/96157-hand-as-castors-oran-club-cherche-salle-d-entrainement-desesperement?utm_source=feedburner&#038;utm_medium=feed&#038;utm_campaign=Feed%3A+aps-sport+%28APS+-+SPORT%29\">Cliquez ici pour lire l&rsquo;article depuis sa source.<\/a><\/p>\n","protected":false},"excerpt":{"rendered":"<p>ORAN &#8211; L\u2019AS Castors, l\u2019un des clubs oeuvrant pour la relance du handball oranais, ne parvient pas \u00e0 d\u00e9nicher une salle o\u00f9 s\u2019entra\u00eener, ce qui rend d\u00e9licate la r\u00e9alisation des objectifs assign\u00e9s \u00e0 ses neufs cat\u00e9gories cette saison, a d\u00e9plor\u00e9 son pr\u00e9sident, Abdelkrim Bendjemil. \u00ab\u00a0Figurez-vous que depuis le d\u00e9but de la pr\u00e9paration d\u2019intersaison, on ne [&hellip;]<\/p>\n","protected":false},"author":1790,"featured_media":0,"comment_status":"closed","ping_status":"closed","sticky":false,"template":"","format":"standard","meta":{"fifu_image_url":"","fifu_image_alt":"","footnotes":""},"categories":[53,75],"tags":[],"class_list":["post-65289","post","type-post","status-publish","format-standard","hentry","category-algerie","category-sport"],"_links":{"self":[{"href":"https:\/\/linitiative.ca\/International\/wp-json\/wp\/v2\/posts\/65289","targetHints":{"allow":["GET"]}}],"collection":[{"href":"https:\/\/linitiative.ca\/International\/wp-json\/wp\/v2\/posts"}],"about":[{"href":"https:\/\/linitiative.ca\/International\/wp-json\/wp\/v2\/types\/post"}],"author":[{"embeddable":true,"href":"https:\/\/linitiative.ca\/International\/wp-json\/wp\/v2\/users\/1790"}],"replies":[{"embeddable":true,"href":"https:\/\/linitiative.ca\/International\/wp-json\/wp\/v2\/comments?post=65289"}],"version-history":[{"count":0,"href":"https:\/\/linitiative.ca\/International\/wp-json\/wp\/v2\/posts\/65289\/revisions"}],"wp:attachment":[{"href":"https:\/\/linitiative.ca\/International\/wp-json\/wp\/v2\/media?parent=65289"}],"wp:term":[{"taxonomy":"category","embeddable":true,"href":"https:\/\/linitiative.ca\/International\/wp-json\/wp\/v2\/categories?post=65289"},{"taxonomy":"post_tag","embeddable":true,"href":"https:\/\/linitiative.ca\/International\/wp-json\/wp\/v2\/tags?post=65289"}],"curies":[{"name":"wp","href":"https:\/\/api.w.org\/{rel}","templated":true}]}}