{"id":65291,"date":"2019-10-23T08:23:42","date_gmt":"2019-10-23T12:23:42","guid":{"rendered":"https:\/\/linitiative.ca\/International\/96161-futsal-qualifications-can-2020-nous-ne-sommes-pas-favoris-contre-la-libye\/"},"modified":"2019-10-23T08:23:42","modified_gmt":"2019-10-23T12:23:42","slug":"96161-futsal-qualifications-can-2020-nous-ne-sommes-pas-favoris-contre-la-libye","status":"publish","type":"post","link":"https:\/\/linitiative.ca\/International\/96161-futsal-qualifications-can-2020-nous-ne-sommes-pas-favoris-contre-la-libye\/","title":{"rendered":"Futsal\/Qualifications CAN-2020: \u00ab\u00a0nous ne sommes pas favoris contre la Libye\u00a0\u00bb"},"content":{"rendered":"<div readability=\"39\">\n<p><strong>ALGER &#8211; L&rsquo;entra\u00eeneur de la s\u00e9lection alg\u00e9rienne de futsal, Nordine Benamrouche, a estim\u00e9 que son \u00e9quipe n&rsquo;\u00e9tait pas favorite contre la Libye, samedi (19h00) \u00e0 la Coupole (Alger) dans le cadre des qualifications \u00e0 la CAN-2020, assurant toutefois que les \u00ab\u00a0Verts\u00a0\u00bb joueront leurs chances \u00e0 fond.<\/strong><\/p>\n<\/div>\n<div readability=\"105\">\n<p>\u00ab\u00a0Dans la vie, il ne faut pas \u00eatre d\u00e9faitiste, autrement, il vaudrait mieux rester chez soi. Donc, m\u00eame si nous ne sommes pas favoris contre la Libye, nous ferons le maximum pour essayer de passer\u00a0\u00bb, a d\u00e9clar\u00e9 Benamrouche \u00e0 l&rsquo;APS en marge de la s\u00e9ance d&rsquo;entra\u00eenement effectu\u00e9e \u00e0 la Coupole du complexe olympique Mohamed-Boudiaf.<\/p>\n<p>La cr\u00e9ation de la s\u00e9lection alg\u00e9rienne de futsal est en effet toute r\u00e9cente, contrairement \u00e0 son homologue libyenne, nettement plus aguerrie et qui compte parmi les meilleures nations africaines dans cette discipline.<\/p>\n<p>Certes, le staff technique national a fait appel \u00e0 des joueurs chevronn\u00e9s, form\u00e9s en futsal et \u00e9voluant \u00e0 l&rsquo;\u00e9tranger, toujours est-il que ces \u00e9l\u00e9ments, aussi talentueux soient-ils, ne composent pas encore un groupe homog\u00e8ne.<\/p>\n<p>Ainsi, le duo Nordine Benamrouche &#8211; Abdenour Addani a convoqu\u00e9 14 joueurs dont 12 exer\u00e7ant en France. Le joueur du MC B\u00e9ja\u00efa, Chams-Eddine Ramdane, bless\u00e9 \u00e0 la cuisse droite, est incertain pour cette rencontre.<\/p>\n<p>Pour Benamrouche, \u00ab\u00a0le soutien de la F\u00e9d\u00e9ration alg\u00e9rienne de football et de la Direction technique nationale a permis aux Verts de progresser relativement vite, faisant qu&rsquo;il y a de quoi esp\u00e9rer de cette \u00e9quipe\u00a0\u00bb, \u00e0 commencer par le match de samedi dans le cadre des \u00e9liminatoires de la Coupe d&rsquo;Afrique des nations-2020 (CAN-2020).<\/p>\n<p>\u00ab\u00a0Nous disputerons ce tour qualificatif dans la peau de l&rsquo;outsider. Donc, sans trop de pression. L&rsquo;autre avantage pour nous sera peut-\u00eatre de disputer le match retour en Egypte, ce qui est bien mieux que si nous devions affronter la Libye chez-elle, devant son public\u00a0\u00bb a-t-il positiv\u00e9.<\/p>\n<p>La CAN de futsal est une \u00e9preuve quadriennale opposant les huit meilleures s\u00e9lections du continent dans cette discipline.<\/p>\n<p>Depuis le lancement de cette \u00e9preuve, c&rsquo;est l\u2019Egypte qui s&rsquo;est impos\u00e9e comme le pays dominant, car toujours pr\u00e9sente dans le duo de t\u00eate en cinq \u00e9ditions.<\/p>\n<p>Les \u00ab\u00a0Pharaons\u00a0\u00bb ont ainsi conquis trois m\u00e9dailles d&rsquo;or cons\u00e9cutives, dont deux devant leur public, en 1996 et 2000, ainsi que deux m\u00e9dailles d&rsquo;argent, en 2008 et 2016. L\u2019Egypte est d&rsquo;ailleurs le seul pays comptant plus d&rsquo;un sacre continental en football en salle.<\/p>\n<p>Le Maroc attend de pied ferme la prochaine \u00e9dition de CAN qu&rsquo;il abritera en 2020, car nourrissant l&rsquo;ambition de confirmer son sacre de 2016, obtenu \u00e0 l&rsquo;issue d&rsquo;une victoire finale contre l&rsquo;Egypte (3-2).<\/p>\n<p>La CAN-2020 est qualificative \u00e0 la Coupe du monde 2020 de futsal, pr\u00e9vue en Lituanie du 12 septembre au 4 octobre. L&rsquo;Afrique sera repr\u00e9sent\u00e9e par trois s\u00e9lections.<\/p>\n<\/div>\n<p>Auteur:<br \/>\n<a href=\"http:\/\/www.aps.dz\/sport\/96161-futsal-qualifications-can-2020-nous-ne-sommes-pas-favoris-contre-la-libye?utm_source=feedburner&#038;utm_medium=feed&#038;utm_campaign=Feed%3A+aps-sport+%28APS+-+SPORT%29\">Cliquez ici pour lire l&rsquo;article depuis sa source.<\/a><\/p>\n","protected":false},"excerpt":{"rendered":"<p>ALGER &#8211; L&rsquo;entra\u00eeneur de la s\u00e9lection alg\u00e9rienne de futsal, Nordine Benamrouche, a estim\u00e9 que son \u00e9quipe n&rsquo;\u00e9tait pas favorite contre la Libye, samedi (19h00) \u00e0 la Coupole (Alger) dans le cadre des qualifications \u00e0 la CAN-2020, assurant toutefois que les \u00ab\u00a0Verts\u00a0\u00bb joueront leurs chances \u00e0 fond. \u00ab\u00a0Dans la vie, il ne faut pas \u00eatre d\u00e9faitiste, [&hellip;]<\/p>\n","protected":false},"author":1790,"featured_media":0,"comment_status":"closed","ping_status":"closed","sticky":false,"template":"","format":"standard","meta":{"fifu_image_url":"","fifu_image_alt":"","footnotes":""},"categories":[53,75],"tags":[],"class_list":["post-65291","post","type-post","status-publish","format-standard","hentry","category-algerie","category-sport"],"_links":{"self":[{"href":"https:\/\/linitiative.ca\/International\/wp-json\/wp\/v2\/posts\/65291","targetHints":{"allow":["GET"]}}],"collection":[{"href":"https:\/\/linitiative.ca\/International\/wp-json\/wp\/v2\/posts"}],"about":[{"href":"https:\/\/linitiative.ca\/International\/wp-json\/wp\/v2\/types\/post"}],"author":[{"embeddable":true,"href":"https:\/\/linitiative.ca\/International\/wp-json\/wp\/v2\/users\/1790"}],"replies":[{"embeddable":true,"href":"https:\/\/linitiative.ca\/International\/wp-json\/wp\/v2\/comments?post=65291"}],"version-history":[{"count":0,"href":"https:\/\/linitiative.ca\/International\/wp-json\/wp\/v2\/posts\/65291\/revisions"}],"wp:attachment":[{"href":"https:\/\/linitiative.ca\/International\/wp-json\/wp\/v2\/media?parent=65291"}],"wp:term":[{"taxonomy":"category","embeddable":true,"href":"https:\/\/linitiative.ca\/International\/wp-json\/wp\/v2\/categories?post=65291"},{"taxonomy":"post_tag","embeddable":true,"href":"https:\/\/linitiative.ca\/International\/wp-json\/wp\/v2\/tags?post=65291"}],"curies":[{"name":"wp","href":"https:\/\/api.w.org\/{rel}","templated":true}]}}