{"id":65301,"date":"2019-10-23T05:05:06","date_gmt":"2019-10-23T09:05:06","guid":{"rendered":"https:\/\/linitiative.ca\/International\/bouregaa-refuse-de-repondre-aux-questions-du-juge-le-systeme-qui-ma-mis-en-prison-est-illegitime\/"},"modified":"2019-10-23T05:05:06","modified_gmt":"2019-10-23T09:05:06","slug":"bouregaa-refuse-de-repondre-aux-questions-du-juge-le-systeme-qui-ma-mis-en-prison-est-illegitime","status":"publish","type":"post","link":"https:\/\/linitiative.ca\/International\/bouregaa-refuse-de-repondre-aux-questions-du-juge-le-systeme-qui-ma-mis-en-prison-est-illegitime\/","title":{"rendered":"Bourega\u00e2 refuse de r\u00e9pondre aux questions du juge : \u00abLe syst\u00e8me qui m\u2019a mis en prison est ill\u00e9gitime\u00bb"},"content":{"rendered":"<h4 class=\"title-14\"\/>\n<div class=\"featured_image\"><img width=\"1000\" height=\"1765\" data-cfsrc=\"https:\/\/www.elwatan.com\/wp-content\/uploads\/2019\/10\/Sans-titre-1-125.gif\" class=\"attachment-post-thumbnail size-post-thumbnail wp-post-image c2\" alt=\"\"\/><noscript><\/p>\n<p><img loading=\"lazy\" decoding=\"async\" width=\"1000\" height=\"1765\" src=\"https:\/\/www.elwatan.com\/wp-content\/uploads\/2019\/10\/Sans-titre-1-125.gif\" class=\"attachment-post-thumbnail size-post-thumbnail wp-post-image\" alt=\"\"\/><\/p>\n<p><\/noscript><\/div>\n<p class=\"p4\"><span class=\"s1\"><strong>D<\/strong><\/span><span class=\"s1\">roit dans ses bottes. Incarc\u00e9r\u00e9 depuis le 30 juin \u00e0 la maison d\u2019arr\u00eat d\u2019El Harrach, le commandant de la Wilaya IV historique, Lakhdar Bourega\u00e2, a refus\u00e9 d\u2019\u00eatre auditionn\u00e9 par le juge instructeur qui l\u2019a convoqu\u00e9, hier, dans son bureau. <em>\u00abBourega\u00e2 a refus\u00e9 de r\u00e9pondre aux questions du juge.<\/em><\/span><\/p>\n<p class=\"p4\"><span class=\"s1\"><em>Il lui a dit sans d\u00e9tour : \u2018\u2018Je refuse de r\u00e9pondre, car je ne reconnais pas votre justice. Je ne reconnais pas \u00e9galement le syst\u00e8me qui m\u2019a mis en prison, il est ill\u00e9gitime. Je ne peux pas trahir le hirak, je lui reste fid\u00e8le\u2019\u2019\u00bb<\/em>, rapporte M<sup>e<\/sup> Abdelghani Badi, membre du collectif de d\u00e9fense. Forte \u00e9motion chez les avocats. Surpris par cette r\u00e9action, ces derniers ont demand\u00e9 au juge du temps pour parler \u00e0 leur client. <em>\u00abLe juge est sorti de son bureau et nous a laiss\u00e9s avec M.\u00a0Bourega\u00e2.<\/em><\/span><\/p>\n<p class=\"p4\"><span class=\"s1\"><em>Nous avons cherch\u00e9 \u00e0 comprendre sa r\u00e9action. Mais Si Bourega\u00e2 a d\u00e9cid\u00e9 de maintenir sa position\u00bb<\/em>, pr\u00e9cise M<sup>e<\/sup> Badi accompagn\u00e9 d\u2019autres t\u00e9nors du barreau, \u00e0 l\u2019instar de Mustapha Bouchachi, Zoubida Assoul, Nabila Smail\u2026Le commandant Bourega\u00e2 \u00e9tait arriv\u00e9 le matin au bureau du juge avec l\u2019assurance de l\u2019ancien baroudeur intraitable de l\u2019ALN, que lui connaissent ses amis. <em>\u00abIl est venu saluer les avocats. Le commandant Bourega\u00e2 \u00e9tait s\u00fbr de lui. Il avait cette forte pr\u00e9sence d\u2019officier de l\u2019ALN. Il a parl\u00e9 avec correction au juge. Il n\u2019a essay\u00e9 d\u2019humilier personne\u00bb<\/em>, rel\u00e8ve M<sup>e<\/sup> Badi. Dans le bureau du juge, le commandant a refus\u00e9 de signer le PV. Il a \u00e9t\u00e9 reconduit \u00e0 la maison d\u2019arr\u00eat d\u2019El Harrach au bout de quelques minutes.<\/span><\/p>\n<p class=\"p6\"><span class=\"s1\"><strong>Le v\u0153u des avocats<\/strong><\/span><\/p>\n<p class=\"p5\"><span class=\"s1\">Interpell\u00e9 le 29 juin dernier devant sa maison au quartier Sellier, \u00e0 Hydra, l\u2019ancien officier de l\u2019ALN et fondateur du FFS a \u00e9t\u00e9 plac\u00e9 sous mandat de d\u00e9p\u00f4t par le juge d\u2019instruction pr\u00e8s le tribunal de Bir Mourad Ra\u00efs pour le chef d\u2019accusation de \u00abparticipation, en temps de paix, \u00e0 une entreprise de d\u00e9moralisation de l\u2019arm\u00e9e ayant pour objet de nuire \u00e0 la d\u00e9fense nationale et \u00e0 un corps constitu\u00e9\u00bb (articles 75, 144 bis et 146 du code p\u00e9nal).<\/span><\/p>\n<p class=\"p5\"><span class=\"s1\">Dans une r\u00e9cente d\u00e9claration \u00e0 ses avocats, il a affirm\u00e9 refuser toute initiative visant sa lib\u00e9ration avant celle de tous les d\u00e9tenus d\u2019opinion. <em>\u00abJe refuse toute d\u00e9marche pour ma lib\u00e9ration avant la lib\u00e9ration de tous les jeunes du hirak sans exception. M\u00eame si on me propose de me lib\u00e9rer, je vais refuser\u00bb<\/em>, informe M<sup>e<\/sup> Abdelghani Badi dans un post publi\u00e9 sur sa page Facebook.<\/span><\/p>\n<p class=\"p5\"><span class=\"s1\">L\u2019avocat veut toutefois croire \u00e0 <em>\u00abune volont\u00e9 d\u2019apaisement\u00bb<\/em> des autorit\u00e9s pour lib\u00e9rer tr\u00e8s rapidement le grand moudjahid. <em>\u00abLe juge d\u2019instruction du tribunal de Bir Mourad Ra\u00efs a la possibilit\u00e9 de prononcer d\u00e8s demain le non-lieu, il peut transf\u00e9rer son dossier ou le mettre sous contr\u00f4le judiciaire\u2026 Nous esp\u00e9rons que notre grand moudjahid sera remis en libert\u00e9 et qu\u2019il ne restera pas en prison vu son \u00e2g\u00e9 tr\u00e8s avanc\u00e9<\/em> (86 ans)<em>\u00bb<\/em>, souhaite-t-il.<\/span><\/p>\n<p class=\"p5\"><span class=\"s1\">Par ailleurs, hier, le juge instructeur pr\u00e8s le tribunal de Bir Mourad Ra\u00efs a auditionn\u00e9 le militant Samir Benlarbi, plac\u00e9 en d\u00e9tention le 17 septembre dernier pour \u00abatteinte \u00e0 l\u2019unit\u00e9 du territoire national\u00bb et \u00abdiffusion de tracts susceptibles de porter atteinte \u00e0 l\u2019int\u00e9r\u00eat national\u00bb. <em>\u00abCe dernier a r\u00e9pondu \u00e0 toutes les questions et s\u2019est d\u00e9fendu\u00bb<\/em>, pr\u00e9cise son avocat, M<sup>e<\/sup> Badi.<\/span><\/p>\n<blockquote readability=\"27\">\n<p class=\"p1\"><span class=\"s1\"><strong>\u2013 Gr\u00e8ve de la faim d\u2019un d\u00e9tenu \u00e0 Mostaganem<\/strong><\/span><\/p>\n<p class=\"p3\"><span class=\"s1\">L\u2019activiste Ibrahim Douadji, arr\u00eat\u00e9 le 12 octobre et incarc\u00e9r\u00e9 depuis, est en gr\u00e8ve de la faim depuis une dizaine de jours, a annonc\u00e9 son avocat Abdelghani Badi, qui lui a rendu visite. Ibrahim Douadji a \u00e9t\u00e9 interpell\u00e9 avec d\u2019autres personnes lors d\u2019un rassemblement contre la visite du ministre de la Jeunesse et des Sports, Raouf Bernaoui. Fait \u00e9tonnant : l\u2019activiste a \u00e9t\u00e9 retenu dans le commissariat avec son fils de trois ans, s\u2019est \u00e9mu le Comit\u00e9 national pour la lib\u00e9ration des d\u00e9tenus (CNLD).<\/span><\/p>\n<p class=\"p3\"><span class=\"s1\"><em>\u00abLe p\u00e8re d\u2019Ibrahim Daouadji a \u00e9t\u00e9 appel\u00e9 par la police du commissariat 7<sup>e<\/sup> (o\u00f9 son fils est transf\u00e9r\u00e9) pour lui proposer de signer un PV de bonne sant\u00e9 de son petit-fils de 3 ans, apr\u00e8s avoir \u00e9t\u00e9 s\u00e9questr\u00e9 avec son p\u00e8re dans les ge\u00f4les de la police pendant des heures et assist\u00e9 au kidnapping de son p\u00e8re dans une violence atroce\u00bb<\/em>, \u00e9crit le CNLD dans un communiqu\u00e9. Douadji est poursuivi pour des chefs d\u2019inculpation tr\u00e8s graves, \u00e0 savoir \u00abatteinte \u00e0 l\u2019unit\u00e9 nationale\u00bb, \u00abincitation \u00e0 attroupement\u00bb, etc. <em>\u00abDeux autres personnes sont en \u00e9tat de fuite dans cette affaire\u00bb<\/em>, signale l\u2019avocat.\u00a0<\/span><\/p>\n<\/blockquote>\n<p><span class=\"post-views-label\">Post Views:<\/span> <span class=\"post-views-count\">3\u00a0153<\/span><\/p>\n<p><br class=\"c4\"\/><\/p>\n<p>Auteur: Anis Khecheba<br \/>\n<a href=\"https:\/\/www.elwatan.com\/edition\/actualite\/le-systeme-qui-ma-mis-en-prison-est-illegitime-23-10-2019\">Cliquez ici pour lire l&rsquo;article depuis sa source.<\/a><\/p>\n","protected":false},"excerpt":{"rendered":"<p>Droit dans ses bottes. Incarc\u00e9r\u00e9 depuis le 30 juin \u00e0 la maison d\u2019arr\u00eat d\u2019El Harrach, le commandant de la Wilaya IV historique, Lakhdar Bourega\u00e2, a refus\u00e9 d\u2019\u00eatre auditionn\u00e9 par le juge instructeur qui l\u2019a convoqu\u00e9, hier, dans son bureau. \u00abBourega\u00e2 a refus\u00e9 de r\u00e9pondre aux questions du juge. Il lui a dit sans d\u00e9tour : [&hellip;]<\/p>\n","protected":false},"author":1743,"featured_media":65302,"comment_status":"closed","ping_status":"closed","sticky":false,"template":"","format":"standard","meta":{"fifu_image_url":"","fifu_image_alt":"","footnotes":""},"categories":[73,53],"tags":[],"class_list":["post-65301","post","type-post","status-publish","format-standard","has-post-thumbnail","hentry","category-actualite","category-algerie"],"_links":{"self":[{"href":"https:\/\/linitiative.ca\/International\/wp-json\/wp\/v2\/posts\/65301","targetHints":{"allow":["GET"]}}],"collection":[{"href":"https:\/\/linitiative.ca\/International\/wp-json\/wp\/v2\/posts"}],"about":[{"href":"https:\/\/linitiative.ca\/International\/wp-json\/wp\/v2\/types\/post"}],"author":[{"embeddable":true,"href":"https:\/\/linitiative.ca\/International\/wp-json\/wp\/v2\/users\/1743"}],"replies":[{"embeddable":true,"href":"https:\/\/linitiative.ca\/International\/wp-json\/wp\/v2\/comments?post=65301"}],"version-history":[{"count":0,"href":"https:\/\/linitiative.ca\/International\/wp-json\/wp\/v2\/posts\/65301\/revisions"}],"wp:featuredmedia":[{"embeddable":true,"href":"https:\/\/linitiative.ca\/International\/wp-json\/"}],"wp:attachment":[{"href":"https:\/\/linitiative.ca\/International\/wp-json\/wp\/v2\/media?parent=65301"}],"wp:term":[{"taxonomy":"category","embeddable":true,"href":"https:\/\/linitiative.ca\/International\/wp-json\/wp\/v2\/categories?post=65301"},{"taxonomy":"post_tag","embeddable":true,"href":"https:\/\/linitiative.ca\/International\/wp-json\/wp\/v2\/tags?post=65301"}],"curies":[{"name":"wp","href":"https:\/\/api.w.org\/{rel}","templated":true}]}}