{"id":65303,"date":"2019-10-23T05:08:00","date_gmt":"2019-10-23T09:08:00","guid":{"rendered":"https:\/\/linitiative.ca\/International\/35e-mardi-de-mobilisation-des-campus-huit-mois-de-resistance-les-etudiants-en-force\/"},"modified":"2019-10-23T05:08:00","modified_gmt":"2019-10-23T09:08:00","slug":"35e-mardi-de-mobilisation-des-campus-huit-mois-de-resistance-les-etudiants-en-force","status":"publish","type":"post","link":"https:\/\/linitiative.ca\/International\/35e-mardi-de-mobilisation-des-campus-huit-mois-de-resistance-les-etudiants-en-force\/","title":{"rendered":"35e mardi de mobilisation des campus :\u00a0\u00abHuit mois de r\u00e9sistance, les \u00e9tudiants en force\u00bb"},"content":{"rendered":"<h4 class=\"title-14\"\/>\n<div class=\"featured_image\"><img width=\"1000\" height=\"666\" data-cfsrc=\"https:\/\/www.elwatan.com\/wp-content\/uploads\/2019\/10\/Sans-titre-1-123.gif\" class=\"attachment-post-thumbnail size-post-thumbnail wp-post-image c2\" alt=\"\"\/><noscript><\/p>\n<p><img loading=\"lazy\" decoding=\"async\" width=\"1000\" height=\"666\" src=\"https:\/\/www.elwatan.com\/wp-content\/uploads\/2019\/10\/Sans-titre-1-123.gif\" class=\"attachment-post-thumbnail size-post-thumbnail wp-post-image\" alt=\"\"\/><\/p>\n<p><\/noscript><\/div>\n<p class=\"p4\"><span class=\"s2\"><strong>A<\/strong><\/span><span class=\"s2\">lger, 22 octobre. 35<sup>e<\/sup> mardi cons\u00e9cutif de la mobilisation estudiantine. Heureux hasard de calendrier : cette 35<sup>e<\/sup> marche co\u00efncide avec les 8 mois du hirak. Ce que souligne cette \u00e9tudiante qui brandit fi\u00e8rement une pancarte sur laquelle elle a \u00e9crit : \u00ab8 mois de r\u00e9sistance, les \u00e9tudiants en force.<\/span><\/p>\n<p class=\"p4\"><span class=\"s2\">La R\u00e9volution du Sourire avance et pi\u00e9tine vos complots et vos manigances\u00bb. La marche d\u2019hier a drain\u00e9 encore une fois des manifestants de tous bords. Il y avait m\u00eame des personnes \u00e0 mobilit\u00e9 r\u00e9duite et des personnes \u00e2g\u00e9es, fortement diminu\u00e9es. Un handicap\u00e9 en chaise roulante arborait ce message : \u00abQanoun el mahrouqate mayfoutche !\u00bb (La loi sur les hydrocarbures ne passera pas !).<\/span><\/p>\n<p class=\"p5\"><span class=\"s3\"><strong>L<\/strong><\/span><span class=\"s2\">a manif\u2019 a d\u00e9marr\u00e9 vers 10h30 de la place des Martyrs. Il fait frais. Un temps id\u00e9al pour battre le pav\u00e9. Quelques dizaines de manifestants avaient pris place d\u00e8s 10h15 \u00e0 proximit\u00e9 de la bouche de m\u00e9tro. 10h25. L\u2019assembl\u00e9e entonne <em>Qassaman<\/em>. Dans la foul\u00e9e, le premier slogan fuse\u00a0: \u00ab<em>Dawla madania, machi askaria !\u00bb<\/em> (Etat civil, pas militaire), suivi de <em>\u00abDjazair horra d\u00e9mocratia\u00a0!\u00bb<\/em> (Alg\u00e9rie libre et d\u00e9mocratique).<\/span><\/p>\n<p class=\"p5\"><span class=\"s2\">Le cort\u00e8ge s\u2019\u00e9branle aux cris de <em>\u00abMakache intikhabate ya el issabate\u00a0!\u00bb<\/em> (pas d\u2019\u00e9lections avec les gangs). En cette Journ\u00e9e nationale de la presse, la foule a plut\u00f4t une pens\u00e9e pour la cha\u00eene <em>El Magharibia<\/em> dont le signal a \u00e9t\u00e9 suspendu, en scandant\u00a0: \u00ab<em>Magharibia qanate echa\u00e2b\u00a0!\u00bb<\/em> (Magharibia cha\u00eene du peuple). Les manifestants encha\u00eenent par ce cri\u00a0lourd de sens\u00a0: \u00ab<em>Lib\u00e9rez l\u2019Alg\u00e9rie\u00a0!\u00bb<\/em> Le rejet de l\u2019\u00e9lection du 12 d\u00e9cembre est exprim\u00e9 une nouvelle fois avec force en r\u00e9p\u00e9tant\u00a0: <em>\u00abBye bye Ga\u00efd Salah, had el \u00e2me makache el vote<\/em> <em>!\u00bb<\/em> (Bye Bye Gaid Salah, pas de vote cette ann\u00e9e)\u00a0; \u00ab<em>Makache el vote w\u2019Allah ma n\u2019dirou, Bedoui w Bensalah lazem y tirou. Loukan berssass alina tirou, W\u2019Allah marana habssine\u00a0!\u00bb<\/em> (Pas de vote, je jure qu\u2019on ne le fera pas\u00a0; Bedoui et Bensalah doivent d\u00e9gager\u00a0; quand bien m\u00eame tireriez-vous sur nous \u00e0 balles r\u00e9elles, on jure qu\u2019on ne s\u2019arr\u00eatera pas\u00a0!). On pouvait entendre aussi\u00a0: \u00ab<em>H\u00e9 Ho, leblad bladna, w\u2019endirou raina makache el vote<\/em>\u00a0<em>!\u00bb<\/em> (Ce pays est le n\u00f4tre, on fera ce qui nous pla\u00eet, pas de vote\u00a0!).<\/span><\/p>\n<p class=\"p5\"><span class=\"s2\">Le cort\u00e8ge qui grossit au fil des minutes mart\u00e8le encore : \u00ab<em>Les g\u00e9n\u00e9raux \u00e0 la poubelle, wel Djazair teddi l\u2019istiqlal\u00bb\u00a0<\/em>(et l\u2019Alg\u00e9rie acc\u00e8dera \u00e0 l\u2019ind\u00e9pendance), <em>\u00abBaouha el khawana<\/em>\u00a0<em>!\u00bb<\/em> (Les tra\u00eetres ont vendu la patrie), \u00ab<em>Had el hirak wadjeb watani<\/em> <em>!\u00bb<\/em> (Le hirak est un devoir national). Il y avait, en outre, cette revendication cl\u00e9 qui revenait avec insistance\u00a0: \u00ab<em>Sahafa horra, adala moustaqilla<\/em> <em>!\u00bb<\/em> (Presse libre, justice ind\u00e9pendante).<\/span><\/p>\n<p class=\"p9\"><strong><span class=\"s2\">\u00abJourn\u00e9e nationale du black-out\u00bb<\/span><\/strong><\/p>\n<p class=\"p5\"><span class=\"s2\">En traversant la rue Bab Azzoun, la mar\u00e9e humaine ass\u00e8ne\u00a0: \u00ab<em>D\u00e9gage Ga\u00efd Salah, had el \u00e2me makache el vote<\/em> !\u00bb (Gaid Salah d\u00e9gage\u00a0! Pas de vote cette ann\u00e9e\u00a0!)\u00a0; \u00ab<em>Ya Ali Ammar, bladi fi danger. Nkemlou fiha la Bataille d\u2019Alger. Makache marche arri\u00e8re, eddoula fourri\u00e8re. El yed fel yed neddou l\u2019istiqlal<\/em> !\u00bb (Ali Ammar mon pays est en danger. Nous allons continuer la Bataille d\u2019Alger. Pas de marche arri\u00e8re, le gouvernement est \u00e0 la peine. Main dans la main, on arrachera l\u2019ind\u00e9pendance). Un homme s\u2019emporte\u00a0: \u00ab<em>Ils n\u2019ont aucune consid\u00e9ration pour ce peuple. Pour eux, on n\u2019existe pas\u00a0!<\/em>\u00bb Un citoyen rejoint la manif\u2019 en brandissant cette pancarte\u00a0: \u00abPeuple,\u00a0r\u00e9veille-toi, soul\u00e8ve-toi et lib\u00e8re la patrie\u00bb.<\/span><\/p>\n<p class=\"p5\"><span class=\"s2\">D\u2019autres pancartes vont arriver au fur et \u00e0 mesure que la procession avance. Floril\u00e8ge\u00a0: \u00abNON\u00a0! Dixit le peuple\u00bb\u00a0; \u00abNon \u00e0 la dictature\u00bb\u00a0; \u00abEl Istiqlal, la el istighlal\u00bb (L\u2019Ind\u00e9pendance, pas l\u2019exploitation)\u00a0; \u00abLe peuple est ma\u00eetre de son destin\u00a0; fini le temps des mascarades \u00e9lectorales\u00a0!\u00bb\u00a0; \u00abLa bande d\u00e9cide, le Parlement approuve et les mouches (\u00e9lectroniques) justifient\u00bb\u00a0; \u00ab7 + 8\u00a0: la volont\u00e9 populaire exige qu\u2019elle soit respect\u00e9e.<\/span><\/p>\n<p class=\"p5\"><span class=\"s2\">Nous sommes ici afin de d\u00e9noncer la violation de la citoyennet\u00e9. Le peuple veut un Etat de droit.\u00bb Une \u00e9tudiante soul\u00e8ve un \u00e9criteau avec ces mots\u00a0: \u00abOn ne peut pas construire un Etat sans une justice ind\u00e9pendante. Libert\u00e9 aux d\u00e9tenus d\u2019opinion et aux prisonniers politiques\u00a0!\u00bb Un manifestant \u00e9crit\u00a0: \u00abL\u2019histoire n\u2019est pas dans les mots, elle est dans la lutte.\u00bb Une citoyenne a cette r\u00e9flexion caustique \u00e0 l\u2019occasion de la Journ\u00e9e nationale de la presse\u00a0: \u00ab22 octobre, journ\u00e9e nationale du black-out\u00bb. Un manifestant pointe la duplicit\u00e9 du r\u00e9gime : \u00abArrestations, restrictions s\u00e9curitaires, et il te dit vote. On a dit pas d\u2019\u00e9lections avec les gangs\u00a0!\u00bb<\/span><\/p>\n<p class=\"p9\"><strong><span class=\"s2\">\u00abLib\u00e9rez les otages\u00a0!\u00bb<\/span><\/strong><\/p>\n<p class=\"p5\"><span class=\"s2\">A hauteur du TNA, la foule r\u00e9p\u00e8te\u00a0: \u00ab<em>Lib\u00e9rez les otages\u00a0!\u00bb<\/em> Le square Port-Sa\u00efd est quadrill\u00e9 par un dispositif de police avec tout l\u2019attirail habituel. Les forces de l\u2019ordre emp\u00eachent l\u2019acc\u00e8s \u00e0 la rue Abane et partant, au tribunal de Sidi M\u2019hamed, o\u00f9 devaient \u00eatre jug\u00e9s les premiers d\u00e9tenus du hirak. Justement, la foule ne les a pas oubli\u00e9s. On pouvait ainsi entendre \u00e0 plusieurs reprises\u00a0: \u00ab<em>Harrirou el mouataqaline<\/em>\u00a0!\u00bb (Lib\u00e9rez les d\u00e9tenus), \u00ab<em>Atalgou el massadjine, ma baouche el coca\u00efne<\/em>\u00a0!\u00bb (Rel\u00e2chez les prisonniers, c\u2019est pas des vendeurs de coca\u00efne), \u00ab<em>Ouled enness machi bandia<\/em> !\u00bb (C\u2019est pas des bandits), \u00ab<em>Eddouna ga\u00e2 lel habss, echa\u00e2b marahouche habess<\/em> !\u00bb (Jetez-nous tous en prison, le peuple ne s\u2019arr\u00eatera pas).<\/span><\/p>\n<p class=\"p5\"><span class=\"s2\">Le v\u00e9n\u00e9rable Lakhdar Bourega\u00e2 qui a refus\u00e9 de parler aux juges a \u00e9t\u00e9 cit\u00e9 et pl\u00e9biscit\u00e9 avec\u00a0ferveur en chantant : \u00ab<em>Ikhwani la tenssaw echouhada, lib\u00e9rez, lib\u00e9rez, Bourega\u00e2 !<\/em>\u00bb (Mes fr\u00e8res, n\u2019oubliez pas les martyrs. Lib\u00e9rez Bourega\u00e2). Les \u00e9tudiants ont exprim\u00e9 \u00e9galement une forte pens\u00e9e \u00e0 leur camarade Yasmine Dahmani, arr\u00eat\u00e9e le 18 septembre dernier, en scandant \u00e0 l\u2019unisson\u00a0: <em>\u00abLib\u00e9rez Yasmine Dahmani\u00a0!\u00bb<\/em><\/span><\/p>\n<p class=\"p5\"><span class=\"s2\">La foule traverse la rue Ali Boumendjel en r\u00e9p\u00e9tant en boucle les m\u00eames slogans, avec une foule d\u00e9sormais impressionnante, forte de plusieurs renforts.<\/span><\/p>\n<p class=\"p5\"><span class=\"s2\">La procession chamarr\u00e9e s\u2019\u00e9crie\u00a0: \u00ab<em>Silmiya silmiya, matalibna char\u00eeya<\/em>\u00bb (Pacifique, nos revendications sont l\u00e9gitimes). A la rue Larbi Ben M\u2019hidi, la mar\u00e9e humaine scande \u00e0 tout rompre\u00a0: \u00ab<em>Allah Akbar 1<sup>er<\/sup> Novembre\u00a0!<\/em>\u00bb Une femme distribue des bonbons aux manifestants. Plus tard, elle apportera des gobelets en plastique et offrira de l\u2019eau aux marcheurs.<\/span><\/p>\n<p class=\"p9\"><span class=\"s2\"><strong>Une seule \u00abstar\u00bb, le peuple<\/strong><\/span><\/p>\n<p class=\"p5\"><span class=\"s2\">Arriv\u00e9 pr\u00e8s de la statue de l\u2019Emir Abdelkader, le cort\u00e8ge tente de semer la police et s\u2019engouffrer dans la ruelle attenante \u00e0 la librairie du Tiers-Monde pour gagner l\u2019APN. Mais le cordon de police n\u2019a pas c\u00e9d\u00e9. La foule crie depuis l\u2019esplanade\u00a0sous la statue \u00e9questre : \u00ab<em>Entouma assou alihoum, wehnaya ennahouhoum\u00a0!<\/em>\u00bb (Vous, prot\u00e9gez-les, et nous, on les chassera). Le cort\u00e8ge a repris son itin\u00e9raire familier en allant au bout de la rue Larbi Ben M\u2019hidi avant d\u2019encha\u00eener sur l\u2019avenue Pasteur. Une haie des forces anti-\u00e9meute boucle l\u2019acc\u00e8s au tunnel des facult\u00e9s.<\/span><\/p>\n<p class=\"p5\"><span class=\"s2\">Des voix l\u00e2chent\u00a0: \u00ab<em>Assou Total machi la capitale<\/em> !\u00bb (Surveillez Total, pas la capitale). La manif\u2019 passe par la Fac centrale puis descend par la rue Sergent Addoun. Les clameurs font vibrer Alger. Un manifestant plein d\u2019esprit nous lance\u00a0: \u00ab<em>La prochaine fois, on t\u00e2chera de ramener avec nous des sp\u00e9cialistes en ORL. Si avec tout \u00e7a ils (nos dirigeants) n\u2019entendent pas, ils doivent s\u00fbrement avoir un probl\u00e8me d\u2019oreille<\/em>\u00bb, ironise-t-il.<\/span><\/p>\n<p class=\"p5\"><span class=\"s2\">La foule traverse ensuite le boulevard Amirouche et la rue Mustapha Ferroukhi. A l\u2019or\u00e9e de la place Audin, des cris stridents fusent en martelant plusieurs fois\u00a0: \u00ab<em>L\u2019istiqlal<\/em> !\u00bb (l\u2019ind\u00e9pendance). Le ciel s\u2019est assombri. Il commence \u00e0 pleuvoir. Bient\u00f4t, des averses inondent Alger, mais les manifestants tiennent bon. Rien ne semble pouvoir les d\u00e9courager.<\/span><\/p>\n<p class=\"p5\"><span class=\"s2\">Si l\u2019on devait ne retenir qu\u2019une image de cette journ\u00e9e, \u00e7a serait celle-l\u00e0\u00a0: sur les marches de la st\u00e8le \u00e9questre \u00e9rig\u00e9e \u00e0 la gloire de l\u2019Emir, \u00a0une for\u00eat d\u2019appareils photos se bousculent pour immortaliser ce fleuve humain qui se d\u00e9verse sur la capitale.<\/span><\/p>\n<p class=\"p5\"><span class=\"s2\">Ces marches et leurs cliquetis nous rappellent l\u2019ambiance palpitante des festivals de cin\u00e9ma, en particulier le Festival de Cannes et ses farandoles de stars qui prennent la pose devant les photographes. Sauf qu\u2019ici, la vedette, c\u2019est eux, les \u00e9tudiants et leurs protecteurs populaires. Une seule star, le peuple\u00a0!<\/span><\/p>\n<p><span class=\"post-views-label\">Post Views:<\/span> <span class=\"post-views-count\">716<\/span><\/p>\n<p><br class=\"c4\"\/><\/p>\n<p>Auteur: Anis Khecheba<br \/>\n<a href=\"https:\/\/www.elwatan.com\/edition\/actualite\/35e-mardi-de-mobilisation-des-campus-huit-mois-de-resistance-les-etudiants-en-force-23-10-2019\">Cliquez ici pour lire l&rsquo;article depuis sa source.<\/a><\/p>\n","protected":false},"excerpt":{"rendered":"<p>Alger, 22 octobre. 35e mardi cons\u00e9cutif de la mobilisation estudiantine. Heureux hasard de calendrier : cette 35e marche co\u00efncide avec les 8 mois du hirak. Ce que souligne cette \u00e9tudiante qui brandit fi\u00e8rement une pancarte sur laquelle elle a \u00e9crit : \u00ab8 mois de r\u00e9sistance, les \u00e9tudiants en force. La R\u00e9volution du Sourire avance et [&hellip;]<\/p>\n","protected":false},"author":1743,"featured_media":65304,"comment_status":"closed","ping_status":"closed","sticky":false,"template":"","format":"standard","meta":{"fifu_image_url":"","fifu_image_alt":"","footnotes":""},"categories":[73,53],"tags":[],"class_list":["post-65303","post","type-post","status-publish","format-standard","has-post-thumbnail","hentry","category-actualite","category-algerie"],"_links":{"self":[{"href":"https:\/\/linitiative.ca\/International\/wp-json\/wp\/v2\/posts\/65303","targetHints":{"allow":["GET"]}}],"collection":[{"href":"https:\/\/linitiative.ca\/International\/wp-json\/wp\/v2\/posts"}],"about":[{"href":"https:\/\/linitiative.ca\/International\/wp-json\/wp\/v2\/types\/post"}],"author":[{"embeddable":true,"href":"https:\/\/linitiative.ca\/International\/wp-json\/wp\/v2\/users\/1743"}],"replies":[{"embeddable":true,"href":"https:\/\/linitiative.ca\/International\/wp-json\/wp\/v2\/comments?post=65303"}],"version-history":[{"count":0,"href":"https:\/\/linitiative.ca\/International\/wp-json\/wp\/v2\/posts\/65303\/revisions"}],"wp:featuredmedia":[{"embeddable":true,"href":"https:\/\/linitiative.ca\/International\/wp-json\/"}],"wp:attachment":[{"href":"https:\/\/linitiative.ca\/International\/wp-json\/wp\/v2\/media?parent=65303"}],"wp:term":[{"taxonomy":"category","embeddable":true,"href":"https:\/\/linitiative.ca\/International\/wp-json\/wp\/v2\/categories?post=65303"},{"taxonomy":"post_tag","embeddable":true,"href":"https:\/\/linitiative.ca\/International\/wp-json\/wp\/v2\/tags?post=65303"}],"curies":[{"name":"wp","href":"https:\/\/api.w.org\/{rel}","templated":true}]}}