{"id":65305,"date":"2019-10-23T05:10:20","date_gmt":"2019-10-23T09:10:20","guid":{"rendered":"https:\/\/linitiative.ca\/International\/debut-des-proces-des-detenus-du-hirak-a-alger-ferveur-et-emotion-a-sidi-mhamed\/"},"modified":"2019-10-23T05:10:20","modified_gmt":"2019-10-23T09:10:20","slug":"debut-des-proces-des-detenus-du-hirak-a-alger-ferveur-et-emotion-a-sidi-mhamed","status":"publish","type":"post","link":"https:\/\/linitiative.ca\/International\/debut-des-proces-des-detenus-du-hirak-a-alger-ferveur-et-emotion-a-sidi-mhamed\/","title":{"rendered":"D\u00e9but des Proc\u00e8s des d\u00e9tenus du hirak \u00e0 Alger : Ferveur et \u00e9motion \u00e0 Sidi M\u2019hamed"},"content":{"rendered":"<h4 class=\"title-14\"\/>\n<div class=\"featured_image\"><img width=\"1200\" height=\"556\" data-cfsrc=\"https:\/\/www.elwatan.com\/wp-content\/uploads\/2019\/10\/UNEEEEEEEE.gif\" class=\"attachment-post-thumbnail size-post-thumbnail wp-post-image c2\" alt=\"\"\/><noscript><\/p>\n<p><img loading=\"lazy\" decoding=\"async\" width=\"1200\" height=\"556\" src=\"https:\/\/www.elwatan.com\/wp-content\/uploads\/2019\/10\/UNEEEEEEEE.gif\" class=\"attachment-post-thumbnail size-post-thumbnail wp-post-image\" alt=\"\"\/><\/p>\n<p><\/noscript><\/div>\n<p class=\"p4\"><span class=\"s1\"><strong>Tenus hier, les proc\u00e8s des six d\u00e9tenus poursuivis pour le port de l\u2019embl\u00e8me amazigh ont \u00e9t\u00e9 particuliers et empreints de fortes \u00e9motions. Les pr\u00e9venus se sont d\u00e9fendus de mani\u00e8re magistrale tout autant que leurs avocats, avant que le parquet ne requi\u00e8re une peine de 2 ans de prison ferme et que les trois premi\u00e8res affaires soient mises en d\u00e9lib\u00e9r\u00e9 pour le 29 octobre.<\/strong><\/span><\/p>\n<p class=\"p4\"><span class=\"s1\"><strong>I<\/strong><\/span><span class=\"s1\">l y avait beaucoup d\u2019\u00e9motion, d\u2019incertitude et de crainte en ce mardi 22 octobre lors du proc\u00e8s, au tribunal de Sidi M\u2019hamed, pr\u00e8s la cour d\u2019Alger, des six d\u00e9tenus arr\u00eat\u00e9s pendant les marches du vendredi avec l\u2019embl\u00e8me amazigh.<\/span><\/p>\n<p class=\"p7\"><span class=\"s1\">La salle d\u2019audience \u00e9tait bond\u00e9e d\u2019avocats mais aussi de familles, de militants et de citoyens venus nombreux exprimer leur solidarit\u00e9 aux six d\u00e9tenus, Khaled Oudihat, Billal Bacha, Messaoud Leftissi, Djaber Aibeche, Hamza Meharzi et Tahar Safi, qui ont fait leur apparition dans le box des accus\u00e9s, entour\u00e9s par des policiers, vers 12h30. Les yeux braqu\u00e9s sur la salle, certains un peu inquiets, d\u2019autres plut\u00f4t s\u00fbrs d\u2019eux, ils sont en tenue de sport, et l\u2019un d\u2019eux porte un tee-shirt noir sur lequel on peut lire en lettres blanches\u00a0: \u00abToutes les Alg\u00e9riennes et tous les Alg\u00e9riens pour une d\u00e9mocratie en Alg\u00e9rie.\u00bb<\/span><\/p>\n<p class=\"p7\"><span class=\"s1\">La discussion entre les avocats porte sur les circonstances de renvoi des trois dossiers devant le tribunal correctionnel. <em>\u00abIl y a trois jours, le juge a d\u00e9cid\u00e9 de prolonger le d\u00e9lai de d\u00e9tention provisoire, qui devait expirer aujourd\u2019hui (hier). Tous ont \u00e9t\u00e9 arr\u00eat\u00e9s durant la marche du 21 juin. Hier, on nous envoie des SMS pour nous dire que les affaires sont renvoy\u00e9es devant le tribunal. Pas seulement ces affaires, mais aussi de nombreuses autres pendantes aux tribunaux de Bab El Oued et de Sidi M\u2019hamed. C\u2019est du jamais-vu\u00bb<\/em>, nous lance M<sup>e<\/sup> Aouicha Bakhti. Pour bon nombre d\u2019avocats, parmi la quarantaine constitu\u00e9e, <em>\u00abil y a eu instruction pour faire juger les d\u00e9tenus\u00bb<\/em><\/span><span class=\"s3\">.<\/span><\/p>\n<p class=\"p7\"><span class=\"s1\">D\u00e8s l\u2019ouverture du proc\u00e8s, le collectif de la d\u00e9fense met en avant <em>\u00ables nombreuses violations de la proc\u00e9dure\u00bb<\/em> durant l\u2019arrestation, l\u2019interrogatoire et la garde \u00e0 vue au niveau de la police, et qui <em>\u00abdevraient susciter l\u2019annulation de la poursuite\u00bb<\/em>. Le procureur conteste et remet en cause les arguments des robes noires avant que la juge ne d\u00e9cide de joindre les demandes \u00e0 l\u2019examen du dossier. Elle appelle Billal Bacha et lui rappelle qu\u2019il est poursuivi pour \u00abatteinte \u00e0 l\u2019int\u00e9grit\u00e9 et \u00e0 l\u2019unit\u00e9 nationale\u00bb. Debout, respirant l\u2019assurance, il fixe la magistrate et lui lance\u00a0: <em>\u00abJe n\u2019arrive toujours pas \u00e0 croire que je puisse \u00eatre emprisonn\u00e9 pour une telle accusation. J\u2019ai senti tout le poids de cette injustice \u00e0 El Harrach durant les quatre mois de d\u00e9tention. L\u2019embl\u00e8me incarne mon identit\u00e9, et le drapeau est sacr\u00e9, parce qu\u2019il repr\u00e9sente ma patrie.\u00bb<\/em><\/span><\/p>\n<p class=\"p7\"><span class=\"s1\">La pr\u00e9sidente reste silencieuse durant toutes les d\u00e9clarations de Billal Bacha, puis donne la parole \u00e0 Djaber Aibeche. Tr\u00e8s inquiet et surtout \u00e9motif, il explique<\/span><span class=\"s3\">\u00a0:<\/span> <span class=\"s1\"><em>\u00abJ\u2019\u00e9tais \u00e0 la maison lorsque mon<\/em><\/span> <span class=\"s1\"><em>p\u00e8re, qui \u00e9tait \u00e0 Jijel, m\u2019a contact\u00e9 par<\/em><\/span> <span class=\"s1\"><em>t\u00e9l\u00e9phone pour me demander d\u2019aller remettre l\u2019embl\u00e8me amazigh \u00e0 un ami \u00e0 lui qui attendait dehors. J\u2019ai pris l\u2019embl\u00e8me et le drapeau national et je les ai mis dans un sac. En sortant de l\u2019immeuble, des agents en civil m\u2019ont interpell\u00e9. Ils m\u2019ont confisqu\u00e9 le sac et m\u2019ont emmen\u00e9 au commissariat\u2026\u00bb<\/em> La pr\u00e9sidente\u00a0: <em>\u00abPortiez-vous l\u2019embl\u00e8me lorsque vous avez \u00e9t\u00e9 arr\u00eat\u00e9\u00a0?\u00bb<\/em> Le pr\u00e9venu\u00a0: <em>\u00abPas du tout. Il \u00e9tait dans le sac.\u00bb<\/em><\/span><\/p>\n<p class=\"p8\"><strong><span class=\"s1\">\u00abVous pouvez me condamner ou me relaxer, cela ne signifie rien pour moi\u00bb<\/span><\/strong><\/p>\n<p class=\"p7\"><span class=\"s1\">La pr\u00e9sidente appelle Messaoud Leftissi, un jeune d\u2019une force de caract\u00e8re inou\u00efe et aux convictions dures comme fer, dont les propos tranchent totalement avec ceux de ses co-inculp\u00e9s. <em>\u00abPardonnez-moi, mais je ne vais pas justifier le fait que j\u2019ai port\u00e9 l\u2019embl\u00e8me amazigh. Ce n\u2019est pas un article de loi qui peut m\u2019emp\u00eacher d\u2019affirmer mon identit\u00e9. Je ne vais pas utiliser le tribunal comme tribune politique. Mais, je dois vous dire que je n\u2019ai rien commis d\u2019ill\u00e9gal en affirmant mon appartenance \u00e0 une identit\u00e9 et \u00e0 une culture ancestrales\u00bb<\/em>, lance le pr\u00e9venu avant que la pr\u00e9sidente ne l\u2019interrompt. <em>\u00abRestez dans le sujet\u00bb<\/em>, lui dit-elle, suscitant la r\u00e9action intempestive des avocats\u00a0: <em>\u00abLaissez-le se d\u00e9fendre.<\/em><\/span><\/p>\n<p class=\"p7\"><span class=\"s1\"><em>Il a droit \u00e0 la parole.\u00bb<\/em> Le pr\u00e9venu poursuit\u00a0: <em>\u00abCe que j\u2019ai fait ne constitue pas une violation de la loi. Je suis venu ici au tribunal, parce que j\u2019ai \u00e9t\u00e9 ramen\u00e9 de force de ma cellule. Je n\u2019ai pas \u00e0 me d\u00e9fendre d\u2019un d\u00e9lit que je n\u2019ai pas commis. Vous pouvez me condamner ou me relaxer, cela ne signifie rien pour moi.\u00bb<\/em> La salle d\u2019audience vibre sous les acclamations des avocats et de l\u2019assistance. Certains citoyens crient\u00a0: <em>\u00abAl<\/em>g<em>\u00e9rie libre et d\u00e9mocratique\u00a0!\u00bb<\/em> suscitant la r\u00e9probation des policiers et de la magistrate.<\/span><\/p>\n<p class=\"p7\"><span class=\"s1\">L\u2019ambiance est tr\u00e8s lourde et le procureur semble avoir du mal \u00e0 entrer en sc\u00e8ne. Il revient sur l\u2019historique de cet article 76 du code p\u00e9nal qui, dit-il, n\u2019a jamais chang\u00e9 depuis le premier code, puis se lance dans une long expos\u00e9 sur le drapeau national, sa sacralit\u00e9, sa symbolique et sa protection par la loi, tout autant que l\u2019hymne national, de toute atteinte, depuis sa confection jusqu\u2019\u00e0 son utilisation sur les frontons, puis termine en disant que dans les marches de protestation, les Alg\u00e9riens ont port\u00e9 le drapeau, parce qu\u2019ils se reconnaissent tous dans ses couleurs. <em>\u00abHisser un autre, c\u2019est lui porter atteinte.\u00bb<\/em> De ce fait, il requiert une peine de 2 ans de prison ferme assortie d\u2019une amende de 100\u00a0000\u00a0DA contre les trois inculp\u00e9s.<\/span><\/p>\n<p class=\"p7\"><span class=\"s1\">Une quarantaine d\u2019avocats des barreaux d\u2019Alger, de Tizi Ouzou, de B\u00e9ja\u00efa et de Boumerd\u00e8s se succ\u00e8dent \u00e0 la barre pour d\u00e9monter de mani\u00e8re d\u00e9taill\u00e9e l\u2019inculpation et r\u00e9clamer la relaxe. Le b\u00e2tonnier de Tizi Ouzou n\u2019y va pas avec le dos de la cuill\u00e8re. Pour lui, ces jeunes <em>\u00absavent tous faire la diff\u00e9rence entre le drapeau et l\u2019embl\u00e8me amazigh, qu\u2019ils portent depuis le 22 f\u00e9vrier durant les marches du vendredi. Pourquoi ont-ils \u00e9t\u00e9 arr\u00eat\u00e9s le 21 juin\u00a0? Tout simplement parce que le chef de l\u2019\u00e9tat-major de l\u2019Anp a prononc\u00e9 un discours dans une caserne, il n\u2019aurait pas d\u00fb le faire, pour interdire l\u2019embl\u00e8me amazigh.<\/em><\/span><\/p>\n<p class=\"p7\"><span class=\"s1\"><em>Ce dernier est hiss\u00e9 dans les stades durant les matchs de football et personne n\u2019est inqui\u00e9t\u00e9. Il n\u2019a jamais pos\u00e9 probl\u00e8me. Les d\u00e9tenus ne sont pas all\u00e9s arracher le drapeau national des frontons des institutions pour le remplacer par l\u2019embl\u00e8me amazigh. Aucun article de loi ne d\u00e9finit ce dernier comme un danger pour notre unit\u00e9 ou notre int\u00e9grit\u00e9 nationale. Assez des atteintes aux libert\u00e9s. Laissez le peuple respirer. Rendez-lui espoir\u00bb<\/em><\/span><span class=\"s3\">.<\/span><\/p>\n<p class=\"p8\"><strong><span class=\"s1\">\u00abEn emprisonnant ces jeunes, vous en avez fait des militants convaincus\u00bb<\/span><\/strong><\/p>\n<p class=\"p7\"><span class=\"s1\">Lui succ\u00e9dant \u00e0 la barre, un autre avocat tire de son cartable un embl\u00e8me amazigh et lance\u00a0: <em>\u00abDites-moi madame la pr\u00e9sidente, est-ce que ce bout de tissu peut constituer un danger pour le pays. Regardez ces couleurs et ces motifs qui renvoient \u00e0 notre identit\u00e9 mill\u00e9naire. Les magistrats de Annaba et de Mostaganem ont compris et d\u00e9cid\u00e9 en leur \u00e2me et conscience de relaxer les d\u00e9tenus. Ils sont entr\u00e9s dans l\u2019histoire. Faites comme eux, lib\u00e9rez ces jeunes.\u00bb<\/em> D\u2019autres avocats se demandent pourquoi avoir privil\u00e9gi\u00e9 l\u2019instruction et maintenu en d\u00e9tention les jeunes, alors qu\u2019on aurait pu, \u00e0 la limite, passer par une comparution imm\u00e9diate, surtout qu\u2019ils ont \u00e9t\u00e9 arr\u00eat\u00e9s avec l\u2019embl\u00e8me, donc en flagrant d\u00e9lit.<\/span><\/p>\n<p class=\"p7\"><span class=\"s1\"><em>\u00abQue veulent-ils faire, nous confisquer notre identit\u00e9\u00a0? De quel droit dit-on \u00e0 ces jeunes Alg\u00e9riens qu\u2019ils ne sont pas Alg\u00e9riens\u00bb<\/em>, d\u00e9clare un autre avocat, avant que les voix des manifestants brisent le silence de l\u2019audience. <em>\u00abLib\u00e9rez nos enfants\u00a0!\u00bb<\/em> Trois mot qui r\u00e9sonnent fort dans la salle. Les plaidoiries se poursuivent. <em>\u00abOnt-ils d\u00e9chir\u00e9 le drapeau, br\u00fbl\u00e9 ou march\u00e9 dessus\u00a0? Non. Ils le portaient tout comme l\u2019embl\u00e8me amazigh. Ils tiennent tous \u00e0 ce drapeau qui unit tous les Alg\u00e9riens.<\/em><\/span><\/p>\n<p class=\"p7\"><span class=\"s1\"><em>On veut confondre entre l\u2019embl\u00e8me des s\u00e9paratistes et celui amazigh. Non, la Kabylie est la r\u00e9gion qui a le plus donn\u00e9 \u00e0 la r\u00e9volution pour que ce drapeau soit hiss\u00e9 partout sur le territoire national. En emprisonnant ces jeunes, vous en avez fait des militants convaincus. Ce sont des affaires politiques et d\u2019opinion\u00bb<\/em>, plaide un jeune avocat.<\/span><\/p>\n<p class=\"p7\"><span class=\"s1\">Vers 16h, la pr\u00e9sidente demande au collectif de s\u2019entendre pour permettre aux trois autres pr\u00e9venus d\u2019\u00eatre jug\u00e9s. La cacophonie qui s\u2019en suit pousse la magistrate \u00e0 lever l\u2019audience. Vingt minutes plus tard, elle revient et entend les derniers avocats, avant de mettre, en fin de journ\u00e9e, l\u2019affaire en d\u00e9lib\u00e9r\u00e9. Le verdict sera connu le 29 octobre.<\/span> <span class=\"s1\">La pr\u00e9sidente appelle les trois autres pr\u00e9venus. Nous y reviendrons dans notre prochaine \u00e9dition.\u00a0<\/span><\/p>\n<p><span class=\"post-views-label\">Post Views:<\/span> <span class=\"post-views-count\">3\u00a0805<\/span><\/p>\n<p><br class=\"c4\"\/><\/p>\n<p>Auteur: Anis Khecheba<br \/>\n<a href=\"https:\/\/www.elwatan.com\/edition\/actualite\/ferveur-et-emotion-a-sidi-mhamed-23-10-2019\">Cliquez ici pour lire l&rsquo;article depuis sa source.<\/a><\/p>\n","protected":false},"excerpt":{"rendered":"<p>Tenus hier, les proc\u00e8s des six d\u00e9tenus poursuivis pour le port de l\u2019embl\u00e8me amazigh ont \u00e9t\u00e9 particuliers et empreints de fortes \u00e9motions. Les pr\u00e9venus se sont d\u00e9fendus de mani\u00e8re magistrale tout autant que leurs avocats, avant que le parquet ne requi\u00e8re une peine de 2 ans de prison ferme et que les trois premi\u00e8res affaires [&hellip;]<\/p>\n","protected":false},"author":1743,"featured_media":65306,"comment_status":"closed","ping_status":"closed","sticky":false,"template":"","format":"standard","meta":{"fifu_image_url":"","fifu_image_alt":"","footnotes":""},"categories":[73,53],"tags":[],"class_list":["post-65305","post","type-post","status-publish","format-standard","has-post-thumbnail","hentry","category-actualite","category-algerie"],"_links":{"self":[{"href":"https:\/\/linitiative.ca\/International\/wp-json\/wp\/v2\/posts\/65305","targetHints":{"allow":["GET"]}}],"collection":[{"href":"https:\/\/linitiative.ca\/International\/wp-json\/wp\/v2\/posts"}],"about":[{"href":"https:\/\/linitiative.ca\/International\/wp-json\/wp\/v2\/types\/post"}],"author":[{"embeddable":true,"href":"https:\/\/linitiative.ca\/International\/wp-json\/wp\/v2\/users\/1743"}],"replies":[{"embeddable":true,"href":"https:\/\/linitiative.ca\/International\/wp-json\/wp\/v2\/comments?post=65305"}],"version-history":[{"count":0,"href":"https:\/\/linitiative.ca\/International\/wp-json\/wp\/v2\/posts\/65305\/revisions"}],"wp:featuredmedia":[{"embeddable":true,"href":"https:\/\/linitiative.ca\/International\/wp-json\/"}],"wp:attachment":[{"href":"https:\/\/linitiative.ca\/International\/wp-json\/wp\/v2\/media?parent=65305"}],"wp:term":[{"taxonomy":"category","embeddable":true,"href":"https:\/\/linitiative.ca\/International\/wp-json\/wp\/v2\/categories?post=65305"},{"taxonomy":"post_tag","embeddable":true,"href":"https:\/\/linitiative.ca\/International\/wp-json\/wp\/v2\/tags?post=65305"}],"curies":[{"name":"wp","href":"https:\/\/api.w.org\/{rel}","templated":true}]}}