{"id":65307,"date":"2019-10-23T10:26:51","date_gmt":"2019-10-23T14:26:51","guid":{"rendered":"https:\/\/linitiative.ca\/International\/tribunal-de-bab-el-oued-18-mois-de-prison-ferme-requis-contre-5-detenus-du-drapeau-amazigh\/"},"modified":"2019-10-23T10:26:51","modified_gmt":"2019-10-23T14:26:51","slug":"tribunal-de-bab-el-oued-18-mois-de-prison-ferme-requis-contre-5-detenus-du-drapeau-amazigh","status":"publish","type":"post","link":"https:\/\/linitiative.ca\/International\/tribunal-de-bab-el-oued-18-mois-de-prison-ferme-requis-contre-5-detenus-du-drapeau-amazigh\/","title":{"rendered":"Tribunal de Bab El Oued : 18 mois de prison ferme requis contre 5 d\u00e9tenus du drapeau amazigh"},"content":{"rendered":"<h4 class=\"title-14\"\/>\n<div class=\"featured_image\"><img width=\"800\" height=\"532\" data-cfsrc=\"https:\/\/www.elwatan.com\/wp-content\/uploads\/2019\/10\/drapeau.jpg\" class=\"attachment-post-thumbnail size-post-thumbnail wp-post-image c2\" alt=\"\" srcset=\"https:\/\/www.elwatan.com\/wp-content\/uploads\/2019\/10\/drapeau.jpg 800w, https:\/\/www.elwatan.com\/wp-content\/uploads\/2019\/10\/drapeau-300x200.jpg 300w, https:\/\/www.elwatan.com\/wp-content\/uploads\/2019\/10\/drapeau-768x511.jpg 768w\" sizes=\"(max-width: 800px) 100vw, 800px\"\/><noscript><\/p>\n<p><img loading=\"lazy\" decoding=\"async\" width=\"800\" height=\"532\" src=\"https:\/\/www.elwatan.com\/wp-content\/uploads\/2019\/10\/drapeau.jpg\" class=\"attachment-post-thumbnail size-post-thumbnail wp-post-image\" alt=\"\" srcset=\"https:\/\/www.elwatan.com\/wp-content\/uploads\/2019\/10\/drapeau.jpg 800w, https:\/\/www.elwatan.com\/wp-content\/uploads\/2019\/10\/drapeau-300x200.jpg 300w, https:\/\/www.elwatan.com\/wp-content\/uploads\/2019\/10\/drapeau-768x511.jpg 768w\" sizes=\"auto, (max-width: 800px) 100vw, 800px\"\/><\/p>\n<p><\/noscript><\/div>\n<p>Le procureur de la R\u00e9publique pr\u00e8s le tribunal de Bab El Oued (Alger) a requis, aujourd\u2019hui mercredi, une peine de 18 mois de prison ferme et une amende de 100\u00a0000 dinars, \u00e0 l\u2019encontre de cinq d\u00e9tenus, arr\u00eat\u00e9s \u00e0 Alger pour port du drapeau amazigh. Le verdict sera prononc\u00e9 le 30 octobre.<\/p>\n<p>Boudjemil Mohand, Idir Ali, Karoun Hamza, Lekhel Kamel et Okbi Akli, incarc\u00e9r\u00e9s \u00e0 la prison d\u2019El Harrach depuis juin dernier, ont comparu ce matin devant le juge du tribunal correctionnel de Bab El Oued (Alger). Ils sont accus\u00e9s de porter \u00ab\u00a0atteinte \u00e0 l\u2019unit\u00e9 nationale\u00a0\u00bb, parce qu\u2019ils \u00e9taient arr\u00eat\u00e9s en possession d\u2019un drapeau amazigh\u00a0! \u00ab\u00a0Le proc\u00e8s s\u2019est d\u00e9roul\u00e9 en pr\u00e9sence des familles des d\u00e9tenus et un collectif de d\u00e9fense compos\u00e9 de 14 avocats\u00a0\u00bb, a indiqu\u00e9 Me Seddik Mouhous, dans une d\u00e9claration <strong>\u00e0 elwatan.com<\/strong>. \u00ab Le juge a \u00e9cout\u00e9 attentivement les 5 pr\u00e9venus et les plaidoiries des avocats. Les pr\u00e9venus ont expliqu\u00e9 au juge qu\u2019ils n\u2019avaient nullement l\u2019intention de diviser le pays, mais qu\u2019ils ont port\u00e9 le drapeau amazigh parce qu\u2019il repr\u00e9sente leur identit\u00e9\u00a0\u00bb, pr\u00e9cise l\u2019avocat.<\/p>\n<p>Le procureur de la R\u00e9publique a requis une peine de 18 mois de prison ferme assortie d\u2019une amende de 100\u00a0000 dinars, \u00e0 l\u2019encontre de chacun des cinq d\u00e9tenus, qui croupissent dans la prison d\u2019El Harrach depuis pr\u00e8s de quatre mois. Le verdict sera prononc\u00e9 le 30 octobre prochain, a indiqu\u00e9 Me Seddik Mouhous qui s\u2019est montr\u00e9 confiant et optimiste.<\/p>\n<p>Lire aussi : <a href=\"https:\/\/www.elwatan.com\/edition\/actualite\/ferveur-et-emotion-a-sidi-mhamed-23-10-2019\">D\u00e9but des Proc\u00e8s des d\u00e9tenus du hirak \u00e0 Alger<\/a><\/p>\n<p><span class=\"post-views-label\">Post Views:<\/span> <span class=\"post-views-count\">1\u00a0097<\/span><\/p>\n<p><br class=\"c4\"\/><\/p>\n<p>Auteur: Farouk Djouadi<br \/>\n<a href=\"https:\/\/www.elwatan.com\/edition\/actualite\/tribunal-de-bab-el-oued-18-mois-de-prison-ferme-requis-contre-5-detenus-du-drapeau-amazigh-23-10-2019\">Cliquez ici pour lire l&rsquo;article depuis sa source.<\/a><\/p>\n","protected":false},"excerpt":{"rendered":"<p>Le procureur de la R\u00e9publique pr\u00e8s le tribunal de Bab El Oued (Alger) a requis, aujourd\u2019hui mercredi, une peine de 18 mois de prison ferme et une amende de 100\u00a0000 dinars, \u00e0 l\u2019encontre de cinq d\u00e9tenus, arr\u00eat\u00e9s \u00e0 Alger pour port du drapeau amazigh. Le verdict sera prononc\u00e9 le 30 octobre. Boudjemil Mohand, Idir Ali, [&hellip;]<\/p>\n","protected":false},"author":1743,"featured_media":65308,"comment_status":"closed","ping_status":"closed","sticky":false,"template":"","format":"standard","meta":{"fifu_image_url":"","fifu_image_alt":"","footnotes":""},"categories":[73,53],"tags":[],"class_list":["post-65307","post","type-post","status-publish","format-standard","has-post-thumbnail","hentry","category-actualite","category-algerie"],"_links":{"self":[{"href":"https:\/\/linitiative.ca\/International\/wp-json\/wp\/v2\/posts\/65307","targetHints":{"allow":["GET"]}}],"collection":[{"href":"https:\/\/linitiative.ca\/International\/wp-json\/wp\/v2\/posts"}],"about":[{"href":"https:\/\/linitiative.ca\/International\/wp-json\/wp\/v2\/types\/post"}],"author":[{"embeddable":true,"href":"https:\/\/linitiative.ca\/International\/wp-json\/wp\/v2\/users\/1743"}],"replies":[{"embeddable":true,"href":"https:\/\/linitiative.ca\/International\/wp-json\/wp\/v2\/comments?post=65307"}],"version-history":[{"count":0,"href":"https:\/\/linitiative.ca\/International\/wp-json\/wp\/v2\/posts\/65307\/revisions"}],"wp:featuredmedia":[{"embeddable":true,"href":"https:\/\/linitiative.ca\/International\/wp-json\/"}],"wp:attachment":[{"href":"https:\/\/linitiative.ca\/International\/wp-json\/wp\/v2\/media?parent=65307"}],"wp:term":[{"taxonomy":"category","embeddable":true,"href":"https:\/\/linitiative.ca\/International\/wp-json\/wp\/v2\/categories?post=65307"},{"taxonomy":"post_tag","embeddable":true,"href":"https:\/\/linitiative.ca\/International\/wp-json\/wp\/v2\/tags?post=65307"}],"curies":[{"name":"wp","href":"https:\/\/api.w.org\/{rel}","templated":true}]}}