{"id":65309,"date":"2019-10-23T12:22:08","date_gmt":"2019-10-23T16:22:08","guid":{"rendered":"https:\/\/linitiative.ca\/International\/soiree-live-hommage-a-rachid-taha-a-la-bellevilloise-mercredi-23-octobre-2019-a-20h\/"},"modified":"2019-10-23T12:22:08","modified_gmt":"2019-10-23T16:22:08","slug":"soiree-live-hommage-a-rachid-taha-a-la-bellevilloise-mercredi-23-octobre-2019-a-20h","status":"publish","type":"post","link":"https:\/\/linitiative.ca\/International\/soiree-live-hommage-a-rachid-taha-a-la-bellevilloise-mercredi-23-octobre-2019-a-20h\/","title":{"rendered":"Soir\u00e9e Live hommage \u00e0 Rachid Taha \u00e0 la Bellevilloise, mercredi 23 octobre 2019 \u00e0 20h"},"content":{"rendered":"<h4 class=\"title-14\"\/>\n<div class=\"featured_image\"><img width=\"1919\" height=\"1280\" data-cfsrc=\"https:\/\/www.elwatan.com\/wp-content\/uploads\/2019\/10\/rachid-taha.black-white.jpg\" class=\"attachment-post-thumbnail size-post-thumbnail wp-post-image c2\" alt=\"\" srcset=\"https:\/\/www.elwatan.com\/wp-content\/uploads\/2019\/10\/rachid-taha.black-white.jpg 1919w, https:\/\/www.elwatan.com\/wp-content\/uploads\/2019\/10\/rachid-taha.black-white-300x200.jpg 300w, https:\/\/www.elwatan.com\/wp-content\/uploads\/2019\/10\/rachid-taha.black-white-768x512.jpg 768w, https:\/\/www.elwatan.com\/wp-content\/uploads\/2019\/10\/rachid-taha.black-white-1024x683.jpg 1024w, https:\/\/www.elwatan.com\/wp-content\/uploads\/2019\/10\/rachid-taha.black-white-1320x880.jpg 1320w\" sizes=\"(max-width: 1919px) 100vw, 1919px\"\/><noscript><\/p>\n<p><img loading=\"lazy\" decoding=\"async\" width=\"1919\" height=\"1280\" src=\"https:\/\/www.elwatan.com\/wp-content\/uploads\/2019\/10\/rachid-taha.black-white.jpg\" class=\"attachment-post-thumbnail size-post-thumbnail wp-post-image\" alt=\"\" srcset=\"https:\/\/www.elwatan.com\/wp-content\/uploads\/2019\/10\/rachid-taha.black-white.jpg 1919w, https:\/\/www.elwatan.com\/wp-content\/uploads\/2019\/10\/rachid-taha.black-white-300x200.jpg 300w, https:\/\/www.elwatan.com\/wp-content\/uploads\/2019\/10\/rachid-taha.black-white-768x512.jpg 768w, https:\/\/www.elwatan.com\/wp-content\/uploads\/2019\/10\/rachid-taha.black-white-1024x683.jpg 1024w, https:\/\/www.elwatan.com\/wp-content\/uploads\/2019\/10\/rachid-taha.black-white-1320x880.jpg 1320w\" sizes=\"auto, (max-width: 1919px) 100vw, 1919px\"\/><\/p>\n<p><\/noscript> <span class=\"featured-image-caption\">D. R.<\/span><\/div>\n<p>\u00c0 l\u2019occasion de la sortie du dernier album du regrett\u00e9 Rachid Taha \u00ab Je suis africain \u00bb produit avec brio par Toma Feterman, auteur-compositeur, multi-instrumentiste, chanteur et leader de la formation La Caravane passe, une soir\u00e9e live sera anim\u00e9e le 23 octobre 2019 \u00e0 20h, \u00e0 la Bellevilloise (Paris 20e), une bonne adresse que Rachid Taha adorait hanter. Un espace d\u2019expression culturelle directe, pluridisciplinaire et conviviale. A cette occasion, ses amis donneront un concert hommage accompagn\u00e9 de guests. Un \u00e9v\u00e8nement organis\u00e9 par WART Music, Hashtag NP &#038; na\u00efve. Une soir\u00e9e uniquement sur invitation. Pour participer \u00e0 cette soir\u00e9e qui s\u2019annonce d\u00e9lirante, il suffit d\u2019envoyer un mail \u00e0 l\u2019adresse suivante : <a href=\"\/cdn-cgi\/l\/email-protection\" class=\"__cf_email__\" data-cfemail=\"e68b878f958988828794928f95928395a6818b878f8ac885898bc8\">[email\u00a0protected]<\/a> Depuis sa r\u00e9ouverture, La Bellevilloise, lieu parisien de culture, ind\u00e9pendant et multidisciplinaire, install\u00e9 dans l\u2019ancienne maison du peuple, d\u00e9die aujourd\u2019hui plus de 2000m\u00b2 \u00e0 toutes les formes d\u2019expressions et d\u2019exp\u00e9rimentations : d\u00e9marches artistiques innovantes, nouvelles pratiques culturelles et sociales, pr\u00e9sentations, mais aussi m\u00e9diatisations festives des id\u00e9es et des cr\u00e9ations\u2026<br \/>Concerts, spectacles, expos, projections, d\u00e9fil\u00e9s, mais aussi club et caf\u00e9\u2026 Lieu de brassage, de rencontres et d\u2019\u00e9change, la Bellevilloise s\u2019ouvre \u00e0 tous les publics. Elle est \u00e9galement un patrimoine architectural \u00e0 d\u00e9couvrir, un espace de mise en sc\u00e8ne ouvert sur son quartier et ses habitants : plateau Loft &#038; Forum, Club, Caf\u00e9 \u2013 Concert \u2013 restaurant avec sa Halle aux oliviers et sa terrasse panoramique plongeant sur la capitale\u2026<\/p>\n<p>La Bellevilloise<br \/>19-21 rue boyer<br \/>75020 Paris<br \/>.M\u00e9tro Gambetta \u2013 sortie Orfila (ligne 3)<br \/>M\u00e9tro M\u00e9nilmontant (ligne 2)<br \/>Bus 26, 61, 69, 96 \/ Noctilien N16, N34<\/p>\n<p><span class=\"post-views-label\">Post Views:<\/span> <span class=\"post-views-count\">152<\/span><\/p>\n<p><br class=\"c5\"\/><\/p>\n<p>Auteur: akharoum<br \/>\n<a href=\"https:\/\/www.elwatan.com\/edition\/culture\/soiree-live-hommage-a-rachid-taha-a-la-bellevilloise-mercredi-23-octobre-2019-a-20h-23-10-2019\">Cliquez ici pour lire l&rsquo;article depuis sa source.<\/a><\/p>\n","protected":false},"excerpt":{"rendered":"<p>D. R. \u00c0 l\u2019occasion de la sortie du dernier album du regrett\u00e9 Rachid Taha \u00ab Je suis africain \u00bb produit avec brio par Toma Feterman, auteur-compositeur, multi-instrumentiste, chanteur et leader de la formation La Caravane passe, une soir\u00e9e live sera anim\u00e9e le 23 octobre 2019 \u00e0 20h, \u00e0 la Bellevilloise (Paris 20e), une bonne adresse [&hellip;]<\/p>\n","protected":false},"author":1743,"featured_media":65310,"comment_status":"closed","ping_status":"closed","sticky":false,"template":"","format":"standard","meta":{"fifu_image_url":"","fifu_image_alt":"","footnotes":""},"categories":[73,53],"tags":[],"class_list":["post-65309","post","type-post","status-publish","format-standard","has-post-thumbnail","hentry","category-actualite","category-algerie"],"_links":{"self":[{"href":"https:\/\/linitiative.ca\/International\/wp-json\/wp\/v2\/posts\/65309","targetHints":{"allow":["GET"]}}],"collection":[{"href":"https:\/\/linitiative.ca\/International\/wp-json\/wp\/v2\/posts"}],"about":[{"href":"https:\/\/linitiative.ca\/International\/wp-json\/wp\/v2\/types\/post"}],"author":[{"embeddable":true,"href":"https:\/\/linitiative.ca\/International\/wp-json\/wp\/v2\/users\/1743"}],"replies":[{"embeddable":true,"href":"https:\/\/linitiative.ca\/International\/wp-json\/wp\/v2\/comments?post=65309"}],"version-history":[{"count":0,"href":"https:\/\/linitiative.ca\/International\/wp-json\/wp\/v2\/posts\/65309\/revisions"}],"wp:featuredmedia":[{"embeddable":true,"href":"https:\/\/linitiative.ca\/International\/wp-json\/"}],"wp:attachment":[{"href":"https:\/\/linitiative.ca\/International\/wp-json\/wp\/v2\/media?parent=65309"}],"wp:term":[{"taxonomy":"category","embeddable":true,"href":"https:\/\/linitiative.ca\/International\/wp-json\/wp\/v2\/categories?post=65309"},{"taxonomy":"post_tag","embeddable":true,"href":"https:\/\/linitiative.ca\/International\/wp-json\/wp\/v2\/tags?post=65309"}],"curies":[{"name":"wp","href":"https:\/\/api.w.org\/{rel}","templated":true}]}}