{"id":65311,"date":"2019-10-23T07:41:00","date_gmt":"2019-10-23T11:41:00","guid":{"rendered":"https:\/\/linitiative.ca\/International\/le-president-de-la-republique-kais-saied-prete-serment-album-photos-et-video\/"},"modified":"2019-10-23T07:41:00","modified_gmt":"2019-10-23T11:41:00","slug":"le-president-de-la-republique-kais-saied-prete-serment-album-photos-et-video","status":"publish","type":"post","link":"https:\/\/linitiative.ca\/International\/le-president-de-la-republique-kais-saied-prete-serment-album-photos-et-video\/","title":{"rendered":"Le pr\u00e9sident de la R\u00e9publique Ka\u00efs Sa\u00efed pr\u00eate serment (Album photos et Vid\u00e9o)"},"content":{"rendered":"<p>Le nouveau pr\u00e9sident de la R\u00e9publique Ka\u00efs Sa\u00efed a pr\u00eat\u00e9 serment ce mercredi au cours d\u2019une s\u00e9ance extraordinaire de l\u2019Assembl\u00e9e des Repr\u00e9sentants du peuple, devenant ainsi officiellement le troisi\u00e8me pr\u00e9sident de la R\u00e9publique tunisienne \u00e9lu depuis la r\u00e9volution.<\/p>\n<p class=\"c2\"><iframe loading=\"lazy\" src=\"https:\/\/www.youtube.com\/embed\/bJiNNkquk_Q\" allow=\"accelerometer; autoplay; encrypted-media; gyroscope; picture-in-picture\" allowfullscreen=\"\" width=\"560\" height=\"315\" frameborder=\"0\">[embedded content]<\/iframe><\/p>\n<p>Apr\u00e8s son adresse \u00e0 la nation, le pr\u00e9sident Sa\u00efed s&rsquo;est rendu au palais de Carthage o\u00f9 il a \u00e9t\u00e9 re\u00e7u par le pr\u00e9sident de la R\u00e9publique par int\u00e9rim Mohamed Ennaceur. Au cours de la\u00a0 rencontre, il a \u00e9t\u00e9 proc\u00e9d\u00e9 \u00e0 la passation des pouvoirs. 21 tirs de canons ont salu\u00e9 l&rsquo;\u00e9v\u00e8nement.<\/p>\n<p>\u00a0<br \/>\nAuteur:<br \/>\n<a href=\"https:\/\/www.leaders.com.tn\/article\/28251-le-president-de-la-republique-kais-saied-prete-serment\">Cliquez ici pour lire l&rsquo;article depuis sa source.<\/a><\/p>\n","protected":false},"excerpt":{"rendered":"<p>Le nouveau pr\u00e9sident de la R\u00e9publique Ka\u00efs Sa\u00efed a pr\u00eat\u00e9 serment ce mercredi au cours d\u2019une s\u00e9ance extraordinaire de l\u2019Assembl\u00e9e des Repr\u00e9sentants du peuple, devenant ainsi officiellement le troisi\u00e8me pr\u00e9sident de la R\u00e9publique tunisienne \u00e9lu depuis la r\u00e9volution. [embedded content] Apr\u00e8s son adresse \u00e0 la nation, le pr\u00e9sident Sa\u00efed s&rsquo;est rendu au palais de Carthage [&hellip;]<\/p>\n","protected":false},"author":1772,"featured_media":0,"comment_status":"closed","ping_status":"closed","sticky":false,"template":"","format":"standard","meta":{"fifu_image_url":"","fifu_image_alt":"","footnotes":""},"categories":[73,55],"tags":[],"class_list":["post-65311","post","type-post","status-publish","format-standard","hentry","category-actualite","category-tunisie"],"_links":{"self":[{"href":"https:\/\/linitiative.ca\/International\/wp-json\/wp\/v2\/posts\/65311","targetHints":{"allow":["GET"]}}],"collection":[{"href":"https:\/\/linitiative.ca\/International\/wp-json\/wp\/v2\/posts"}],"about":[{"href":"https:\/\/linitiative.ca\/International\/wp-json\/wp\/v2\/types\/post"}],"author":[{"embeddable":true,"href":"https:\/\/linitiative.ca\/International\/wp-json\/wp\/v2\/users\/1772"}],"replies":[{"embeddable":true,"href":"https:\/\/linitiative.ca\/International\/wp-json\/wp\/v2\/comments?post=65311"}],"version-history":[{"count":0,"href":"https:\/\/linitiative.ca\/International\/wp-json\/wp\/v2\/posts\/65311\/revisions"}],"wp:attachment":[{"href":"https:\/\/linitiative.ca\/International\/wp-json\/wp\/v2\/media?parent=65311"}],"wp:term":[{"taxonomy":"category","embeddable":true,"href":"https:\/\/linitiative.ca\/International\/wp-json\/wp\/v2\/categories?post=65311"},{"taxonomy":"post_tag","embeddable":true,"href":"https:\/\/linitiative.ca\/International\/wp-json\/wp\/v2\/tags?post=65311"}],"curies":[{"name":"wp","href":"https:\/\/api.w.org\/{rel}","templated":true}]}}