{"id":65313,"date":"2019-10-23T11:08:00","date_gmt":"2019-10-23T15:08:00","guid":{"rendered":"https:\/\/linitiative.ca\/International\/mohamed-ennaceur-les-nouveaux-gouvernants-doivent-privilegier-tout-ce-qui-repond-aux-besoins-et-aspirations-des-tunisiens-album-photos\/"},"modified":"2019-10-23T11:08:00","modified_gmt":"2019-10-23T15:08:00","slug":"mohamed-ennaceur-les-nouveaux-gouvernants-doivent-privilegier-tout-ce-qui-repond-aux-besoins-et-aspirations-des-tunisiens-album-photos","status":"publish","type":"post","link":"https:\/\/linitiative.ca\/International\/mohamed-ennaceur-les-nouveaux-gouvernants-doivent-privilegier-tout-ce-qui-repond-aux-besoins-et-aspirations-des-tunisiens-album-photos\/","title":{"rendered":"Mohamed Ennaceur : les nouveaux gouvernants doivent privil\u00e9gier tout ce qui r\u00e9pond aux besoins et aspirations des Tunisiens (Album Photos)"},"content":{"rendered":"<p>Le pr\u00e9sident de la R\u00e9publique sortant consid\u00e8re que La passation des pouvoirs s\u2019est d\u00e9roul\u00e9e en douceur et en toute responsabilit\u00e9 de m\u00eame qu\u2019elle n\u2019a pas nui \u00e0 la continuit\u00e9 de l\u2019Etat dans toutes ses pr\u00e9rogatives, notamment les prestations de services et la s\u00e9curisation des fronti\u00e8res et\u00a0 le respect de ses engagements \u00e0 l\u2019int\u00e9rieur et \u00e0 l\u2019ext\u00e9rieur.<\/p>\n<p>Il a qualifi\u00e9 cette journ\u00e9e d\u2019historique parce qu\u2019elle\u00a0 \u00abrepr\u00e9sente un changement et une mutation importante dans la vie des Tunisiens apr\u00e8s\u00a0 l\u2019\u00e9lection d\u2019un nouveau leadership pour un nouveau mandat de 5 ans\u00bb. Il a ajout\u00e9 que\u00abcette \u00e9lection s\u2019est faite en un laps de temps tr\u00e8s court, ce qui montre l\u2019attachement des Tunisiens \u00e0 l\u2019option d\u00e9mocratique qu\u2019il a qualifi\u00e9e \u00abd\u2019irr\u00e9versible\u00bb.<\/p>\n<p>Il a appel\u00e9\u00a0 la nouvelle \u00e9quipe dirigeante \u00e0 l\u2019assembl\u00e9e et le chef de Gouvernement \u00e0 entreprendre tout ce qui est de nature \u00e0 r\u00e9pondre aux besoins\u00a0 et aspirations des citoyens et \u00e0 redonner espoir aux jeunes tout en reconnaissant que cela ne pourra pas se r\u00e9aliser sans que le peuple ne soit solidaire.<\/p>\n<p><strong>Lire aussi<\/strong><\/p>\n<p><a href=\"https:\/\/www.leaders.com.tn\/article\/28251-le-president-de-la-republique-kais-saied-prete-serment\" target=\"_blank\" rel=\"noopener noreferrer\">Le pr\u00e9sident de la R\u00e9publique Ka\u00efs Sa\u00efed pr\u00eate serment<\/a><br \/>\u00a0<\/p>\n<p>Auteur:<br \/>\n<a href=\"https:\/\/www.leaders.com.tn\/article\/28253-mohamed-ennaceur-les-nouveaux-gouvernants-doivent-privilegier-tout-ce-qui-repond-aux-besoins-et-aspirations-des-tunisiens\">Cliquez ici pour lire l&rsquo;article depuis sa source.<\/a><\/p>\n","protected":false},"excerpt":{"rendered":"<p>Le pr\u00e9sident de la R\u00e9publique sortant consid\u00e8re que La passation des pouvoirs s\u2019est d\u00e9roul\u00e9e en douceur et en toute responsabilit\u00e9 de m\u00eame qu\u2019elle n\u2019a pas nui \u00e0 la continuit\u00e9 de l\u2019Etat dans toutes ses pr\u00e9rogatives, notamment les prestations de services et la s\u00e9curisation des fronti\u00e8res et\u00a0 le respect de ses engagements \u00e0 l\u2019int\u00e9rieur et \u00e0 [&hellip;]<\/p>\n","protected":false},"author":1772,"featured_media":0,"comment_status":"closed","ping_status":"closed","sticky":false,"template":"","format":"standard","meta":{"fifu_image_url":"","fifu_image_alt":"","footnotes":""},"categories":[73,55],"tags":[],"class_list":["post-65313","post","type-post","status-publish","format-standard","hentry","category-actualite","category-tunisie"],"_links":{"self":[{"href":"https:\/\/linitiative.ca\/International\/wp-json\/wp\/v2\/posts\/65313","targetHints":{"allow":["GET"]}}],"collection":[{"href":"https:\/\/linitiative.ca\/International\/wp-json\/wp\/v2\/posts"}],"about":[{"href":"https:\/\/linitiative.ca\/International\/wp-json\/wp\/v2\/types\/post"}],"author":[{"embeddable":true,"href":"https:\/\/linitiative.ca\/International\/wp-json\/wp\/v2\/users\/1772"}],"replies":[{"embeddable":true,"href":"https:\/\/linitiative.ca\/International\/wp-json\/wp\/v2\/comments?post=65313"}],"version-history":[{"count":0,"href":"https:\/\/linitiative.ca\/International\/wp-json\/wp\/v2\/posts\/65313\/revisions"}],"wp:attachment":[{"href":"https:\/\/linitiative.ca\/International\/wp-json\/wp\/v2\/media?parent=65313"}],"wp:term":[{"taxonomy":"category","embeddable":true,"href":"https:\/\/linitiative.ca\/International\/wp-json\/wp\/v2\/categories?post=65313"},{"taxonomy":"post_tag","embeddable":true,"href":"https:\/\/linitiative.ca\/International\/wp-json\/wp\/v2\/tags?post=65313"}],"curies":[{"name":"wp","href":"https:\/\/api.w.org\/{rel}","templated":true}]}}