{"id":65314,"date":"2019-10-23T12:19:00","date_gmt":"2019-10-23T16:19:00","guid":{"rendered":"https:\/\/linitiative.ca\/International\/election-de-kais-saied-reflet-des-attentes-des-tunisiens-et-tunisiennes-en-2019\/"},"modified":"2019-10-23T12:19:00","modified_gmt":"2019-10-23T16:19:00","slug":"election-de-kais-saied-reflet-des-attentes-des-tunisiens-et-tunisiennes-en-2019","status":"publish","type":"post","link":"https:\/\/linitiative.ca\/International\/election-de-kais-saied-reflet-des-attentes-des-tunisiens-et-tunisiennes-en-2019\/","title":{"rendered":"Election de Kais Saied: r\u00e9flet des attentes des tunisiens et tunisiennes en 2019 ?"},"content":{"rendered":"<p>L\u2019\u00e9lection raz-de-mar\u00e9e du candidat Ka\u00efs Sa\u00efed aux \u00e9lections pr\u00e9sidentielles, apr\u00e8s le \u00ab s\u00e9isme politique \u00bb des r\u00e9sultats des \u00e9lections l\u00e9gislatives, une semaine plus t\u00f4t a fait couler beaucoup d\u2019encre mais en r\u00e9alit\u00e9 elle n\u2019a rien de surprenant.<\/p>\n<p>Une \u00e9tude r\u00e9alis\u00e9e en septembre 2019 sur les attentes des tunisiens<span class=\"c2\"><sup><strong>(i)<\/strong><\/sup><\/span> \u00e0 partir d\u2019une enqu\u00eate de terrain sur les 24 gouvernorats (1200 sond\u00e9s) nous a permis de relever un grand d\u00e9phasage entre les attentes des tunisiens d\u2019une part et les promesses et les discours politiques d\u2019autres part.<\/p>\n<p>L\u2019\u00e9tude montre un manque de confiance quasi-unanime\u00a0 avec un taux de d\u00e9fiance des institutions de l\u2019\u00c9tat de 80% expliquant en partie les blocagesde transformation de l\u2019\u00e9conomie que vit la Tunisie ou toute tentative r\u00e9formatrice aussi r\u00e9duite soit elle.<\/p>\n<p>De plus, pr\u00e8s de 85% des r\u00e9pondants expriment une perte de confiance (par rapport \u00e0)\/en l\u2019avenir, donnant d\u2019ores et d\u00e9j\u00e0 des signes pr\u00e9monitoires de \u00e0 un vote qui s\u2019est d\u00e9tourn\u00e9 des repr\u00e9sentants politiques actuels.<\/p>\n<p>L\u2019enqu\u00eate de terrain a montr\u00e9 un changement profond en termes d\u2019attentes socio-\u00e9conomiques. En effet, les insatisfactions exprim\u00e9es ne sont pas en lien avec l\u2019acc\u00e8s ou non aux services publics, mais plut\u00f4t \u00e0 leur relation avec ses services. Plus de 80% des tunisiens expriment une grande frustration,voire m\u00eame d\u2019humiliation, dans leur \u00ab exp\u00e9rience \u00bb avec les services publics,\u00a0 tels que les transports, les services de sant\u00e9, les services municipaux&#8230; Il en d\u00e9coule alors que les attentes les plus importantes pour le citoyen concernent d\u2019abord son besoin de respect et valorisation face aux services publics, le r\u00e9tablissement de l\u2019\u00c9tat de droit, de la redevabilit\u00e9, de la transparence, de l\u2019\u00e9quit\u00e9, ou\/et de la justice.<\/p>\n<p>Il est clair que Ka\u00efs Saied en candidat \u00e0 la pr\u00e9sidence de la R\u00e9publique a particuli\u00e8rement incarn\u00e9 ces principales attentes principales, et a permis une projection vers une citoyennet\u00e9\u00a0 dans un \u00c9tat juste et \u00e9quitable. Au travers de sa posture, il a su v\u00e9hiculer des messages qui ont permis d\u2019aspirer \u00e0\u00a0 cette confiance avec l\u2019\u00c9tat.<\/p>\n<p>Cette \u00e9tude des attentes des Tunisiens et du socle commun de ces attentes nous a amen\u00e9 dans le cadre d\u2019un collectif d\u2019associations (Solidar Tunisie, AFTURD, Nomad08 Redeyef) \u00e0 proposer une vision commune pour la Tunisie<span class=\"c2\"><strong><sup>(ii)<\/sup><\/strong><\/span>.<\/p>\n<p>Cette vision repose sur l\u2019ambition d\u2019<em><span class=\"c2\"><strong>un pays juste, prosp\u00e8re, moderne, tourn\u00e9 vers le futur.<\/strong><\/span><\/em><\/p>\n<ul>\n<li><span class=\"c2\"><strong>Un pays juste,<\/strong><\/span> o\u00f9 prime l\u2019\u00c9tat de droito\u00f9 tous les citoyens sont consid\u00e9r\u00e9s de mani\u00e8re \u00e9gale devant la loi, mais aussi devant les services publics ;<\/li>\n<li><span class=\"c2\"><strong>Un pays prosp\u00e8re,<\/strong><\/span> qui assure le progr\u00e8s \u00e9conomique, l\u2019am\u00e9lioration des revenus et la stabilit\u00e9 ;<\/li>\n<li><span class=\"c2\"><strong>Un pays moderne:<\/strong><\/span> digitalis\u00e9, orient\u00e9 vers le service au citoyen et pr\u00e9occup\u00e9 par les questions environnementales,<\/li>\n<li><span class=\"c2\"><strong>Un pays tourn\u00e9 vers le futur:<\/strong><\/span> pr\u00eat \u00e0 exploiter les opportunit\u00e9s futures, pr\u00e9par\u00e9 aux risques et engag\u00e9s dans les enjeux de demain.<\/li>\n<\/ul>\n<p>Cette vision d\u2019<span class=\"c2\"><strong>un syst\u00e8me de valeurs<\/strong><\/span> en lien avec les attentes des Tunisiens :<\/p>\n<ul>\n<li>L\u2019<span class=\"c2\"><strong>\u00e9quit\u00e9<\/strong><\/span>: traiter les citoyens\/citoyennes de mani\u00e8re \u00e9quitable, combattre toutes les formes d\u2019injustices et mettre en place des pratiques saines dans la conception et la conduite des politiques publiques.<\/li>\n<li>La <span class=\"c2\"><strong>responsabilit\u00e9:<\/strong><\/span> \u00eatre responsable de\u00a0 sesactes et en rendre compte, agir avec responsabilit\u00e9 et engagement et instaurer une culture de performance dans la conduite de ces activit\u00e9s.<\/li>\n<li>L\u2019<span class=\"c2\"><strong>ouverture:<\/strong><\/span> \u00eatre ouvert sur le monde et sur les autres.<\/li>\n<li>L\u2019<span class=\"c2\"><strong>inclusion:<\/strong><\/span> Veiller \u00e0 ce que la conception et la conduite des politiques publiques s\u2019assurent de la prise en compte de tous les citoyens\/citoyennes quel que soient leurs appartenances, leurs croyances ou leur statut social.<\/li>\n<li>La <span class=\"c2\"><em><strong>transparence:<\/strong><\/em><\/span> Transparence dans la conception et la conduite des politiques publiques et s\u2019engager \u00e0 informer le citoyen\/citoyenne \u00e0 toutes les \u00e9tapes d\u2019ex\u00e9cution des politiques publiques.<\/li>\n<\/ul>\n<p>La vision commune \u00e9manant des attentes des tunisiens\/tunisiennes repose sur une exigence d\u2019<span class=\"c2\"><em><strong>un citoyen valoris\u00e9, fier et confiant dans l\u2019avenir:<\/strong><\/em><\/span><\/p>\n<ul>\n<li><span class=\"c2\"><strong>Le respect et la valorisation:<\/strong><\/span> ceci se traduit dans l\u2019importance donn\u00e9e \u00e0 l\u2019exp\u00e9rience des utilisateurs et aux relations dans la gestion de l\u2019attente et de la prise en charge;<\/li>\n<li>La <span class=\"c2\"><strong>Fiert\u00e9:<\/strong><\/span> fiert\u00e9 dans ce qu\u2019on fait de ce qu\u2019on est,mais aussi fiert\u00e9 d\u2019appartenir au pays,<\/li>\n<li>La <span class=\"c2\"><strong>Confiance dans l\u2019avenir:<\/strong><\/span> confiance dans le syst\u00e8me \u00e9ducatif, dans la prosp\u00e9rit\u00e9 \u00e9conomique et dans les politiques futures.<\/li>\n<\/ul>\n<p>Une ambition, une vision et des valeurs qui repr\u00e9sentent le socle commun des attentes de tunisiens, incluentun vaste chantier de r\u00e9formes et de d\u00e9veloppement socio-\u00e9conomique mais appellent aussi \u00e0 un changement de paradigme dans les mentalit\u00e9s.<\/p>\n<p>L\u2019\u00e9lection de Kais Saied, avec cet exceptionnel score \u00e9lectoral illustrant une tr\u00e8s large popularit\u00e9 nationale ce qui repr\u00e9sente un atout majeur pour engager toute transformation profonde n\u00e9cessaire pour le pays . Une ligne de d\u00e9marcation importante du projet de Kais Saied propose de mettre en \u0153uvre ces transformations en pla\u00e7ant le citoyen au centre des politiques publiques et comme partie prenante de la d\u00e9cision, et non plus des transformations qui \u00e9manent d\u2019une mani\u00e8re verticale et centralis\u00e9e. Le chapitre \u00abPouvoir local\u00bb de la constitution post r\u00e9volution incarne en r\u00e9alit\u00e9 cette philosophie de prise en main des collectivit\u00e9s locales dans leur d\u00e9veloppement socio-\u00e9conomique et il est d\u00e9sormais plus qu\u2019urgent d\u2019acc\u00e9l\u00e9rer le rythme dans la mise en place des institutions et des m\u00e9canismes en lien avec cette gouvernance d\u00e9centralis\u00e9e.<\/p>\n<p>L\u2019adh\u00e9sion du citoyen pourrait pr\u00e9senter un un levier et un acc\u00e9l\u00e9rateur des projets et des r\u00e9formes. En effet, au travers d\u2019une \u00e9valuation du plan de d\u00e9veloppement 2016-2020, r\u00e9alis\u00e9e par Solidar Tunisie en collaboration avec le MIDCI<span class=\"c2\"><sup><strong>(iii)<\/strong><\/sup><\/span>, nous avons mis en \u00e9vidence que les principaux facteurs de blocage des projets de d\u00e9veloppement sont li\u00e9s \u00e0 l\u2019absence d\u2019une vision commune et partag\u00e9e \u00e0 laquelle s\u2019ajoutent les probl\u00e8mes fonciers, les difficult\u00e9s au niveau de l\u2019administration locale<span class=\"c2\"><sup><strong>(iv)<\/strong><\/sup><\/span>, difficult\u00e9s au niveau de litiges locaux et de la non adh\u00e9sion voire m\u00eame la non information des citoyens.<br \/>Il est aussi malheureux de constater que les projets de d\u00e9veloppement adopt\u00e9s et annonc\u00e9s dans le plan quinquennal 2016-2020, sont \u00e0 majorit\u00e9 bloqu\u00e9s (et\/ou non entam\u00e9s) malgr\u00e9 le fait qu\u2019ils soient planifi\u00e9s, vot\u00e9s et budg\u00e9tis\u00e9s. Renforcer cette adh\u00e9sion citoyenne locale et r\u00e9gionale \u00e0 ces projets de d\u00e9veloppements r\u00e9gionaux par des m\u00e9canismes de vote et\/ou de choix, pourrait acc\u00e9l\u00e9rer et d\u00e9bloquer leur mise en \u0153uvre.<\/p>\n<p>Dans les recommandations strat\u00e9giques et m\u00e9thodologiques propos\u00e9es dans notre \u00e9tude d\u2019\u00e9valuation du plan, il a \u00e9t\u00e9 soulign\u00e9 la n\u00e9cessit\u00e9 de prioriser les projets et d\u2019identifier les secteurs strat\u00e9giques et les fili\u00e8res permettant de focaliser les efforts et de rationaliser les ressources de l\u2019\u00c9tat. L\u2019approche participative permettraitaux localit\u00e9set aux r\u00e9gions d\u2019\u00eatre partie prenante de ces arbitrages et de ces choix locaux, d\u2019une mani\u00e8re institutionnelle, mais n\u00e9cessitera un renforcement de capacit\u00e9 au niveau local et des m\u00e9canismes de participation citoyenne afin de b\u00e2tir une synergie utile entre l\u2019\u00e9tat central et les r\u00e9gions.<\/p>\n<p>L\u2019approche participative au niveau de la planification strat\u00e9gique est par ailleurs d\u00e9j\u00e0 pr\u00e9vue dans le code des collectivit\u00e9s locales, les conseils municipaux seront appel\u00e9s \u00e0 fournir leur plan quinquennal, afin d\u2019\u00e9laborer au niveau central le plan quinquennal 2021-2025. Mais ce travail reste aujourd\u2019hui difficile\u00e0 concr\u00e9tiser pour des municipalit\u00e9s qui manquent de moyens et de formation, ainsi que d\u2019outils pour un tel exercice.<\/p>\n<p class=\"c3\"><strong>Lobna Jeribi<\/strong><\/p>\n<p class=\"c5\"><span class=\"c4\"><em>i) Etude exploratoire sur les valeurs et attentes de la soci\u00e9t\u00e9 tunisienne. Etude effectu\u00e9e par le Forum des \u00e9tudes sociologique pour le collectif d\u2019associations Solidar Tunisie, AFTURD et Nomad08 Redeyed, Septembre 2019<br \/>ii) Quelle Vision commune pour la Tunisie \u2013 \u00e9tude r\u00e9alis\u00e9 par Solidar Tunisie, pr\u00e9sent\u00e9e le 10 septembre 2019<br \/>iii) Evaluation du Plan de d\u00e9veloppement 2016-2020, effectu\u00e9 en collaboration avec le MIDCI, pr\u00e9sent\u00e9 le 10 septembre<br \/>iv) Le projet de d\u00e9concentration -mise en \u0153uvre de l\u2019administration locale et r\u00e9gionale au vu de la nouvelle gouvernance politique post constitution- n\u2019est toujours pas propos\u00e9<\/em><\/span><\/p>\n<p>Auteur:<br \/>\n<a href=\"https:\/\/www.leaders.com.tn\/article\/28254-election-de-kais-saied-reflet-des-attentes-des-tunisiens-et-tunisiennes-en-2019\">Cliquez ici pour lire l&rsquo;article depuis sa source.<\/a><\/p>\n","protected":false},"excerpt":{"rendered":"<p>L\u2019\u00e9lection raz-de-mar\u00e9e du candidat Ka\u00efs Sa\u00efed aux \u00e9lections pr\u00e9sidentielles, apr\u00e8s le \u00ab s\u00e9isme politique \u00bb des r\u00e9sultats des \u00e9lections l\u00e9gislatives, une semaine plus t\u00f4t a fait couler beaucoup d\u2019encre mais en r\u00e9alit\u00e9 elle n\u2019a rien de surprenant. Une \u00e9tude r\u00e9alis\u00e9e en septembre 2019 sur les attentes des tunisiens(i) \u00e0 partir d\u2019une enqu\u00eate de terrain sur [&hellip;]<\/p>\n","protected":false},"author":1772,"featured_media":0,"comment_status":"closed","ping_status":"closed","sticky":false,"template":"","format":"standard","meta":{"fifu_image_url":"","fifu_image_alt":"","footnotes":""},"categories":[73,55],"tags":[],"class_list":["post-65314","post","type-post","status-publish","format-standard","hentry","category-actualite","category-tunisie"],"_links":{"self":[{"href":"https:\/\/linitiative.ca\/International\/wp-json\/wp\/v2\/posts\/65314","targetHints":{"allow":["GET"]}}],"collection":[{"href":"https:\/\/linitiative.ca\/International\/wp-json\/wp\/v2\/posts"}],"about":[{"href":"https:\/\/linitiative.ca\/International\/wp-json\/wp\/v2\/types\/post"}],"author":[{"embeddable":true,"href":"https:\/\/linitiative.ca\/International\/wp-json\/wp\/v2\/users\/1772"}],"replies":[{"embeddable":true,"href":"https:\/\/linitiative.ca\/International\/wp-json\/wp\/v2\/comments?post=65314"}],"version-history":[{"count":0,"href":"https:\/\/linitiative.ca\/International\/wp-json\/wp\/v2\/posts\/65314\/revisions"}],"wp:attachment":[{"href":"https:\/\/linitiative.ca\/International\/wp-json\/wp\/v2\/media?parent=65314"}],"wp:term":[{"taxonomy":"category","embeddable":true,"href":"https:\/\/linitiative.ca\/International\/wp-json\/wp\/v2\/categories?post=65314"},{"taxonomy":"post_tag","embeddable":true,"href":"https:\/\/linitiative.ca\/International\/wp-json\/wp\/v2\/tags?post=65314"}],"curies":[{"name":"wp","href":"https:\/\/api.w.org\/{rel}","templated":true}]}}