{"id":65315,"date":"2019-10-23T12:29:00","date_gmt":"2019-10-23T16:29:00","guid":{"rendered":"https:\/\/linitiative.ca\/International\/dans-son-discours-dinvestiture-le-president-kais-saied-se-pose-en-rassembleur-albums-photos\/"},"modified":"2019-10-23T12:29:00","modified_gmt":"2019-10-23T16:29:00","slug":"dans-son-discours-dinvestiture-le-president-kais-saied-se-pose-en-rassembleur-albums-photos","status":"publish","type":"post","link":"https:\/\/linitiative.ca\/International\/dans-son-discours-dinvestiture-le-president-kais-saied-se-pose-en-rassembleur-albums-photos\/","title":{"rendered":"Dans son discours d&rsquo;investiture, le pr\u00e9sident Ka\u00efs Sa\u00efed se pose en rassembleur (Albums Photos)"},"content":{"rendered":"<p>On connait d\u00e9j\u00e0 les talents oratoires du nouveau pr\u00e9sident de la R\u00e9publique, Ka\u00efs Sa\u00efed. Son adresse de 30 minutes aux Tunisiens mercredi apr\u00e8s avoir pr\u00eat\u00e9 serment n\u2019a fait que nous conforter dans\u00a0 notre opinion.<\/p>\n<p>D\u2019embl\u00e9e le nouveau pr\u00e9sident a tenu \u00e0 souligner que \u00abce qui s\u2019est pass\u00e9 en Tunisie a \u00e9bloui le monde et repr\u00e9sent\u00e9 une r\u00e9volution authentique avec un nouveau concept et les instruments m\u00eames de la l\u00e9gitimit\u00e9 ainsi qu\u2019une r\u00e9volution culturelle in\u00e9dite et une prise de conscience\u00a0 apr\u00e8s une si longue attente\u00bb ajoutant que les politologues ont commenc\u00e9 \u00e0 \u00e9tudier l\u2019exp\u00e9rience tunisienne et ne manqueront pas \u00e0 sa lumi\u00e8re de revoir les concepts de la pens\u00e9e politique qui se sont ancr\u00e9es dans les esprits depuis longtemps.<br \/>Il a insist\u00e9 sur la n\u00e9cessit\u00e9 de sauvegarder l\u2019Etat tunisien qui doit perdurer, ainsi que ses constantes qui doivent \u00eatre fond\u00e9es sur le principe de la neutralit\u00e9 et loin de la politique. Il en est de m\u00eame pour les acquis de la communaut\u00e9 nationale et ses ressources.\u00a0<\/p>\n<p>Il a appel\u00e9 \u00e0 l&rsquo;union sacr\u00e9e face au terrorisme et \u00e0 l\u2019\u00e9radication de ses causes, saluant au passage nos forces arm\u00e9es, les forces de s\u00e9curit\u00e9 ainsi que la Douane \u00abqui affrontent le terrorisme et la criminalit\u00e9 sous toutes ses formes\u00bb, tout en rendant hommage aux membres de ces corps qui sont tomb\u00e9s sur le champ d&rsquo;honneur en luttant contre ce fl\u00e9au.<\/p>\n<p>Il a ajout\u00e9 qu&rsquo;il\u00a0 n&rsquo;\u00e9tait pas question de tol\u00e9rer la moindre action en dehors de la loi, et personne n\u2019osera priver le peuple tunisien de sa libert\u00e9 sous quelque motif que ce soit. De m\u00eame il n\u2019est pas question de toucher aux droits de la femme et notamment ses droits \u00e9conomiques\u00a0 et sociaux\u00a0 ajoutant que la dignit\u00e9 de la patrie est indissociable de celles de ses citoyens et citoyennes, ajoutant que les organisations nationales peuvent \u00eatre des forces de proposition, tout en se f\u00e9licitant du sens des responsabilit\u00e9s qui les anime.<\/p>\n<p>Il s&rsquo;est f\u00e9licit\u00e9 de l&rsquo;initiative prise par des Tunisiens\u00a0 qui consiste \u00e0 faire don d&rsquo;une journ\u00e9e de travail pendant cinq ans\u00a0 pour \u00ab rembourser les dettes et les cr\u00e9dits qui compromettent le d\u00e9veloppement du pays\u00bb.\u00a0<br \/>Il s\u2019est engag\u00e9 \u00e0 \u0153uvrer pour la concr\u00e9tisation des aspirations l\u00e9gitimes du peuple palestinien tout en faisant la distinction entre les juifs et les Isra\u00e9liens.<\/p>\n<p>En conclusion, il a reconnu que les d\u00e9fis\u00a0 et les responsabilit\u00e9s sont nombreux et\u00a0 que celle du pr\u00e9sident de la R\u00e9publique en tant que symbole de l&rsquo;unit\u00e9 du pays\u00a0 et son ind\u00e9pendance est de respecter sa constitution et qu&rsquo;il joue le r\u00f4le de rassembleur et \u00e0 se positionner au dessus de toutes contigences.\u00a0<\/p>\n<p><strong>Lire aussi<\/strong><\/p>\n<p><a href=\"https:\/\/www.leaders.com.tn\/article\/28253-mohamed-ennaceur-les-nouveaux-gouvernants-doivent-privilegier-tout-ce-qui-repond-aux-besoins-et-aspirations-des-tunisiens\" target=\"_blank\" rel=\"noopener noreferrer\">Mohamed Ennaceur : les nouveaux gouvernants doivent privil\u00e9gier tout ce qui r\u00e9pond aux besoins et aspirations des Tunisiens<\/a><br \/><a href=\"https:\/\/www.leaders.com.tn\/article\/28251-le-president-de-la-republique-kais-saied-prete-serment\" target=\"_blank\" rel=\"noopener noreferrer\">Le pr\u00e9sident de la R\u00e9publique Ka\u00efs Sa\u00efed pr\u00eate serment (Album photos)<\/a><\/p>\n<p>Auteur:<br \/>\n<a href=\"https:\/\/www.leaders.com.tn\/article\/28255-dans-son-discours-d-investiture-le-president-kais-saied-se-pose-en-rassembleur-album-photos\">Cliquez ici pour lire l&rsquo;article depuis sa source.<\/a><\/p>\n","protected":false},"excerpt":{"rendered":"<p>On connait d\u00e9j\u00e0 les talents oratoires du nouveau pr\u00e9sident de la R\u00e9publique, Ka\u00efs Sa\u00efed. Son adresse de 30 minutes aux Tunisiens mercredi apr\u00e8s avoir pr\u00eat\u00e9 serment n\u2019a fait que nous conforter dans\u00a0 notre opinion. D\u2019embl\u00e9e le nouveau pr\u00e9sident a tenu \u00e0 souligner que \u00abce qui s\u2019est pass\u00e9 en Tunisie a \u00e9bloui le monde et repr\u00e9sent\u00e9 [&hellip;]<\/p>\n","protected":false},"author":1772,"featured_media":0,"comment_status":"closed","ping_status":"closed","sticky":false,"template":"","format":"standard","meta":{"fifu_image_url":"","fifu_image_alt":"","footnotes":""},"categories":[73,55],"tags":[],"class_list":["post-65315","post","type-post","status-publish","format-standard","hentry","category-actualite","category-tunisie"],"_links":{"self":[{"href":"https:\/\/linitiative.ca\/International\/wp-json\/wp\/v2\/posts\/65315","targetHints":{"allow":["GET"]}}],"collection":[{"href":"https:\/\/linitiative.ca\/International\/wp-json\/wp\/v2\/posts"}],"about":[{"href":"https:\/\/linitiative.ca\/International\/wp-json\/wp\/v2\/types\/post"}],"author":[{"embeddable":true,"href":"https:\/\/linitiative.ca\/International\/wp-json\/wp\/v2\/users\/1772"}],"replies":[{"embeddable":true,"href":"https:\/\/linitiative.ca\/International\/wp-json\/wp\/v2\/comments?post=65315"}],"version-history":[{"count":0,"href":"https:\/\/linitiative.ca\/International\/wp-json\/wp\/v2\/posts\/65315\/revisions"}],"wp:attachment":[{"href":"https:\/\/linitiative.ca\/International\/wp-json\/wp\/v2\/media?parent=65315"}],"wp:term":[{"taxonomy":"category","embeddable":true,"href":"https:\/\/linitiative.ca\/International\/wp-json\/wp\/v2\/categories?post=65315"},{"taxonomy":"post_tag","embeddable":true,"href":"https:\/\/linitiative.ca\/International\/wp-json\/wp\/v2\/tags?post=65315"}],"curies":[{"name":"wp","href":"https:\/\/api.w.org\/{rel}","templated":true}]}}