{"id":65317,"date":"2019-10-23T06:00:00","date_gmt":"2019-10-23T10:00:00","guid":{"rendered":"https:\/\/linitiative.ca\/International\/dici-de-la\/"},"modified":"2019-10-23T06:00:00","modified_gmt":"2019-10-23T10:00:00","slug":"dici-de-la","status":"publish","type":"post","link":"https:\/\/linitiative.ca\/International\/dici-de-la\/","title":{"rendered":"D\u2019ici de l\u00e0"},"content":{"rendered":"<p>Il est question de question(s). Ces derniers temps, je me pose trop de questions. Sauf que je n\u2019ai pas les r\u00e9ponses. Je n\u2019ai m\u00eame pas la r\u00e9ponse, principalement concernant ce mouvement, certains l\u2019appellent Hirak, d\u2019autres, r\u00e9volution, qui, pourtant, offre une nouvelle configuration populaire \u00e0 notre pays. Chacun y va de sa th\u00e9orie. Il y a ceux qui affirment que la dictature se met, graduellement, en place. Il y a ceux qui affirment que le Hirak (ou r\u00e9volution) a permis la fin d\u2019un clan au b\u00e9n\u00e9fice d\u2019un autre clan. Il y a ceux qui affirment que les arrestations, et autres poursuites judiciaires, rel\u00e8vent de la com\u00e9die. Il y a ceux qui affirment que le Pr\u00e9sident du 12 d\u00e9cembre est d\u00e9j\u00e0 \u00e9lu. Il y a ceux qui affirment que rien ne changera. J\u2019entends beaucoup d\u2019analyses. Et je ne vois pas le bout du schmilblick. Ni le pays ne voit le bout du tunnel. Malin celui qui trouvera la r\u00e9ponse \u00e0 la question. Surtout quand je vois tous ces douktours, sur les plateaux de t\u00e9l\u00e9, ergoter dans un arabe ch\u00e2ti\u00e9, avec un accent de l\u00e0-bas, sur le mot de la fin. Ils \u00e9taient o\u00f9, tous ces douktours ? Ils \u00e9taient cach\u00e9s o\u00f9, tous ces douktours ? Ils sont tous professeurs des universit\u00e9s, semble-t-il. Il y a de la cervelle, kho. Malgr\u00e9 \u00e7a, je ne vois pas de r\u00e9ponse. Il y a m\u00eame ceux qui affirment qu\u2019une fois le Pr\u00e9sident \u00e9lu, m\u00eame avec des chiffres m\u00e9diocres, celui-ci changera la Constitution, relaxera tous les d\u00e9tenus d\u2019opinion, instaurera la d\u00e9mocratie, lib\u00e9rera la parole, appliquera la justice sociale et fera de ce pays une Alg\u00e9rie alg\u00e9rienne. Puis, je ne pense pas avoir fait le tour de la chose. J\u2019\u00e9coute. Je pr\u00eate oreille. J\u2019enregistre presque tout. Mais je n\u2019arrive pas \u00e0 d\u00e9m\u00ealer l\u2019\u00e9cheveau de ces attentes.<br \/>La question du singe. Ce n\u2019est pas le singe qui pose la question, c\u2019est moi. Je suis curieux de savoir ce qu\u2019il est advenu du vieux singe du Jardin d\u2019Essai. A-t-il \u00e9t\u00e9 captur\u00e9 ? Comment ? A-t-il une nouvelle cage ? Plus s\u00fbre ? Plus solide ? Il faut se m\u00e9fier des vieux singes. Ceux-ci sont malins. Roublards. Vicieux. La preuve : il a suffi d\u2019un moment d\u2019inattention pour que notre \u00ab Papillon \u00bb du Jardin d\u2019Essai prenne la poudre d\u2019escampette. Puis-je dire qu\u2019il a fil\u00e9 \u00e0 l\u2019alg\u00e9rienne ? C\u2019est du domaine du possible. Puis, o\u00f9 pourrait-il aller, notre vieux singe ? Dans la jungle urbaine, il ne fera pas de vieux os. Autant qu\u2019il fasse contre mauvaise fortune bon c\u0153ur. Il a au moins la pitance assur\u00e9e. Il est \u00e0 l\u2019abri des \u00e9l\u00e9ments de la nature. Puis, le Jardin d\u2019Essai, c\u2019est comme son habitat naturel. A Yakouren, nos singes magots cr\u00e8vent de chaleur, l\u2019\u00e9t\u00e9 ; et l\u2019hiver, ils se les g\u00e8lent. Ce n\u2019est pas les gaufrettes qu\u2019ils re\u00e7oivent des passants qui changeront la donne. J\u2019esp\u00e8re que les responsables du Jardin d\u2019Essai nous donneront des nouvelles rassurantes de notre fugitif.<br \/>Il est question d\u2019un haut-fourneau. Le haut-fourneau est allum\u00e9. Le haut-fourneau est \u00e9teint. Il s\u2019allume. Et s\u2019\u00e9teint. Il s\u2019\u00e9teint. Et s\u2019allume. Comme les feux de d\u00e9tresse d\u2019une bagnole made in bladi. J\u2019entends cette rengaine depuis des ann\u00e9es. El-Hadjar a \u00e9t\u00e9 vendu. Oui ! Mais il a \u00e9t\u00e9 rachet\u00e9. C\u2019est l\u00e0 o\u00f9 la question devient p\u00e9nible. Et la r\u00e9ponse, aussi. On l\u2019a vendu pour le racheter. Ou on l\u2019a vendu parce qu\u2019on savait qu\u2019on allait le racheter. Pourquoi le vendre pour le racheter ? Et pourquoi le racheter, si on l\u2019a vendu ? C\u2019est trop compliqu\u00e9 pour ton petit cerveau, me dit une voix int\u00e9rieure. M\u00eame si ceux qui l\u2019ont vendu, puis rachet\u00e9, venaient \u00e0 t\u2019expliquer, tu ne pourrais pas comprendre. C\u2019est trop compliqu\u00e9 pour ton bulbe ass\u00e9ch\u00e9. Tu peux comprendre la fuite du vieux singe. Mais tu ne peux pas comprendre une op\u00e9ration de vente et de rachat d\u2019une \u00ab constante \u00e9conomique \u00bb. Laisse-toi aller, vieux. Il a \u00e9t\u00e9 vendu. Et rachet\u00e9. Il est \u00e9teint. Il va se rallumer. T\u2019inqui\u00e8te, kho ! Arr\u00eate d\u2019essorer ta caboche, tu as du fil \u00e0 retordre avec tes migraines \u00e0 r\u00e9p\u00e9tition. Laisse faire, kho ! Selon une th\u00e9orie made in bladi, le 12 d\u00e9cembre, ce haut-fourneau ne s\u2019arr\u00eatera plus d\u2019accoucher de l\u2019acier. A n\u2019en plus pouvoir !<br \/>Il est question du Sahara. Selon l\u2019autre, le Sahara Occidental est marocain. Comme l\u2019Alg\u00e9rie fut fran\u00e7aise, selon d\u2019autres. L\u2019Alg\u00e9rie est en pleine pur\u00e9e de pois, il se trouve qu\u2019un Alg\u00e9rien, qui fut jadis un d\u00e9cideur, d\u00e9cr\u00e8te comme \u00e7a, comme dans un roulement de t\u2019bel, que les territoires sahraouis sont marocains. Quelle mouche l\u2019a piqu\u00e9 ? Il a d\u00fb consommer trop de \u00ablagmi\u00bb. L\u2019alcool, c\u2019est de la merde ! Puis, il y a encore certains qui n\u2019arrivent pas \u00e0 oublier un certain pass\u00e9. Et notre inventeur du \u00ab bendir \u00e9lectrique \u00bb se r\u00e9veille d\u2019un long sommeil faunesque, pour se rendre compte de la marocanit\u00e9 du Sahara Occidental. Est-il heureux apr\u00e8s avoir dit \u00e7a ? Si c\u2019est le cas, grand bien lui fasse. Puis, passer le reste de sa vie dans un \u00ab ryad \u00bb \u00e0 Marrakech, c\u2019est tentant ! \u00c7a vaut largement Neuilly, non ? A Marrakech, on passe inaper\u00e7u. Par contre, \u00e0 Neuilly, on peut se faire choper. Le personnel politique alg\u00e9rien vieillit tr\u00e8s mal, surtout les parvenus parmi les parvenus. Un peu comme les nouveaux riches ! Tout est ostentatoire chez eux. Car ils n\u2019ont aucune noblesse ! A cracher dans la soupe, il n\u2019y a qu\u2019un pas \u00e0 faire. Et ce n\u2019est pas le plus dur.<br \/>La question du Hirak. Et si notre Hirak faisait tache d\u2019huile dans diff\u00e9rents pays du globe ! Ce serait g\u00e9nial, non ? Un Hirak \u00e0 l\u2019alg\u00e9rienne. Un peu comme le but \u00e0 la Madjer. Oui, rentrer dans l\u2019Histoire par la grande porte ! Les \u00ab printemps arabes \u00bb n\u2019ont rien donn\u00e9. La \u00ab r\u00e9volution du jasmin \u00bb a certainement donn\u00e9 quelque chose ; il faut voir avec le temps. Que donnera la \u00ab r\u00e9volution du sourire \u00bb ? Les Chiliens devront prendre exemple sur les Alg\u00e9riens. La violence appelle toujours la violence, \u00e7a on le sait. J\u2019ai vu des images pas possibles, au pays d\u2019Allende. Et surtout de Pinochet. Par contre, au Liban, les Libanais semblent comprendre qu\u2019une \u00ab langue douce arrive \u00e0 faire t\u00e9ter une lionne \u00bb. C\u2019est du mot \u00e0 mot ! Chez nous, ce proverbe est tr\u00e8s connu. Que chacun en fasse bon usage ! Pour une fois qu\u2019on arrive \u00e0 exporter quelque chose, on a export\u00e9 un trait de civilisation. One two three, viva l\u2019Alg\u00e9rie !<br \/>Un lecteur m\u2019a demand\u00e9 si, ce matin, je me suis lev\u00e9 du pied droit. Je n\u2019ai pas pu lui r\u00e9pondre. Je n\u2019avais pas de r\u00e9ponse. Je ne savais de quel pied je me suis lev\u00e9. Je n\u2019y ai pas pens\u00e9. Je ferai attention demain, c\u2019est promis. Dans tout \u00e7a, j\u2019admire la certitude de certains. Ils sont droits dans leurs bottes. Ils sont s\u00fbrs d\u2019eux. Chaque matin, ils ont la niaque. Cher lecteur, ce n\u2019est pas mon cas. Le doute m\u2019habite. Et je vis avec.<br \/>Y. M.<\/p>\n<p>Auteur:<br \/>\n<a href=\"https:\/\/www.lesoirdalgerie.com\/tendances\/dici-de-la-32315\">Cliquez ici pour lire l&rsquo;article depuis sa source.<\/a><\/p>\n","protected":false},"excerpt":{"rendered":"<p>Il est question de question(s). Ces derniers temps, je me pose trop de questions. Sauf que je n\u2019ai pas les r\u00e9ponses. Je n\u2019ai m\u00eame pas la r\u00e9ponse, principalement concernant ce mouvement, certains l\u2019appellent Hirak, d\u2019autres, r\u00e9volution, qui, pourtant, offre une nouvelle configuration populaire \u00e0 notre pays. Chacun y va de sa th\u00e9orie. Il y a [&hellip;]<\/p>\n","protected":false},"author":1741,"featured_media":0,"comment_status":"closed","ping_status":"closed","sticky":false,"template":"","format":"standard","meta":{"fifu_image_url":"","fifu_image_alt":"","footnotes":""},"categories":[73,53],"tags":[],"class_list":["post-65317","post","type-post","status-publish","format-standard","hentry","category-actualite","category-algerie"],"_links":{"self":[{"href":"https:\/\/linitiative.ca\/International\/wp-json\/wp\/v2\/posts\/65317","targetHints":{"allow":["GET"]}}],"collection":[{"href":"https:\/\/linitiative.ca\/International\/wp-json\/wp\/v2\/posts"}],"about":[{"href":"https:\/\/linitiative.ca\/International\/wp-json\/wp\/v2\/types\/post"}],"author":[{"embeddable":true,"href":"https:\/\/linitiative.ca\/International\/wp-json\/wp\/v2\/users\/1741"}],"replies":[{"embeddable":true,"href":"https:\/\/linitiative.ca\/International\/wp-json\/wp\/v2\/comments?post=65317"}],"version-history":[{"count":0,"href":"https:\/\/linitiative.ca\/International\/wp-json\/wp\/v2\/posts\/65317\/revisions"}],"wp:attachment":[{"href":"https:\/\/linitiative.ca\/International\/wp-json\/wp\/v2\/media?parent=65317"}],"wp:term":[{"taxonomy":"category","embeddable":true,"href":"https:\/\/linitiative.ca\/International\/wp-json\/wp\/v2\/categories?post=65317"},{"taxonomy":"post_tag","embeddable":true,"href":"https:\/\/linitiative.ca\/International\/wp-json\/wp\/v2\/tags?post=65317"}],"curies":[{"name":"wp","href":"https:\/\/api.w.org\/{rel}","templated":true}]}}