{"id":65319,"date":"2019-10-23T06:00:00","date_gmt":"2019-10-23T10:00:00","guid":{"rendered":"https:\/\/linitiative.ca\/International\/un-guide-pour-evaluer-le-handicap\/"},"modified":"2019-10-23T06:00:00","modified_gmt":"2019-10-23T10:00:00","slug":"un-guide-pour-evaluer-le-handicap","status":"publish","type":"post","link":"https:\/\/linitiative.ca\/International\/un-guide-pour-evaluer-le-handicap\/","title":{"rendered":"Un guide pour \u00e9valuer le handicap"},"content":{"rendered":"<p>\n                   La commission charg\u00e9e d\u2019\u00e9laborer le guide d\u2019\u00e9valuation du handicap, dans<br \/>\n\t\tson volet social, a finalis\u00e9 ses travaux. Apr\u00e8s trois r\u00e9unions, la<br \/>\n\t\tmouture finale du projet du guide a \u00e9t\u00e9 adopt\u00e9e. Une fois entr\u00e9 en<br \/>\n\t\tvigueur, le guide permettra aux \u00e9quipes multidisciplinaires de statuer<br \/>\n\t\tselon des normes sur le taux du handicap afin de permettre une meilleure<br \/>\n\t\tprise en charge sociale et m\u00e9dicale des concern\u00e9s.                <\/p>\n<p>Auteur:<br \/>\n<a href=\"https:\/\/www.lesoirdalgerie.com\/periscoop\/un-guide-pour-evaluer-le-handicap-32313\">Cliquez ici pour lire l&rsquo;article depuis sa source.<\/a><\/p>\n","protected":false},"excerpt":{"rendered":"<p>La commission charg\u00e9e d\u2019\u00e9laborer le guide d\u2019\u00e9valuation du handicap, dans son volet social, a finalis\u00e9 ses travaux. Apr\u00e8s trois r\u00e9unions, la mouture finale du projet du guide a \u00e9t\u00e9 adopt\u00e9e. Une fois entr\u00e9 en vigueur, le guide permettra aux \u00e9quipes multidisciplinaires de statuer selon des normes sur le taux du handicap afin de permettre une [&hellip;]<\/p>\n","protected":false},"author":1741,"featured_media":0,"comment_status":"closed","ping_status":"closed","sticky":false,"template":"","format":"standard","meta":{"fifu_image_url":"","fifu_image_alt":"","footnotes":""},"categories":[73,53],"tags":[],"class_list":["post-65319","post","type-post","status-publish","format-standard","hentry","category-actualite","category-algerie"],"_links":{"self":[{"href":"https:\/\/linitiative.ca\/International\/wp-json\/wp\/v2\/posts\/65319","targetHints":{"allow":["GET"]}}],"collection":[{"href":"https:\/\/linitiative.ca\/International\/wp-json\/wp\/v2\/posts"}],"about":[{"href":"https:\/\/linitiative.ca\/International\/wp-json\/wp\/v2\/types\/post"}],"author":[{"embeddable":true,"href":"https:\/\/linitiative.ca\/International\/wp-json\/wp\/v2\/users\/1741"}],"replies":[{"embeddable":true,"href":"https:\/\/linitiative.ca\/International\/wp-json\/wp\/v2\/comments?post=65319"}],"version-history":[{"count":0,"href":"https:\/\/linitiative.ca\/International\/wp-json\/wp\/v2\/posts\/65319\/revisions"}],"wp:attachment":[{"href":"https:\/\/linitiative.ca\/International\/wp-json\/wp\/v2\/media?parent=65319"}],"wp:term":[{"taxonomy":"category","embeddable":true,"href":"https:\/\/linitiative.ca\/International\/wp-json\/wp\/v2\/categories?post=65319"},{"taxonomy":"post_tag","embeddable":true,"href":"https:\/\/linitiative.ca\/International\/wp-json\/wp\/v2\/tags?post=65319"}],"curies":[{"name":"wp","href":"https:\/\/api.w.org\/{rel}","templated":true}]}}