{"id":65320,"date":"2019-10-23T06:00:00","date_gmt":"2019-10-23T10:00:00","guid":{"rendered":"https:\/\/linitiative.ca\/International\/la-viree-marocaine-de-tebbi\/"},"modified":"2019-10-23T06:00:00","modified_gmt":"2019-10-23T10:00:00","slug":"la-viree-marocaine-de-tebbi","status":"publish","type":"post","link":"https:\/\/linitiative.ca\/International\/la-viree-marocaine-de-tebbi\/","title":{"rendered":"La vir\u00e9e marocaine de Tebbi"},"content":{"rendered":"<p>Abderrachid Tebbi, le premier pr\u00e9sident de la Cour supr\u00eame, se trouve, depuis hier, au Maroc, o\u00f9 il pr\u00e9side la d\u00e9l\u00e9gation alg\u00e9rienne \u00e0 un s\u00e9minaire international portant sur le th\u00e8me \u00abJustice et investissement\u00bb. La rencontre tend \u00e0 \u00e9tudier les meilleurs moyens d\u2019harmoniser les lois nationales et la l\u00e9gislation internationale en mati\u00e8re de protection des IDE, indiquent nos sources.<\/p>\n<p>Auteur:<br \/>\n<a href=\"https:\/\/www.lesoirdalgerie.com\/periscoop\/la-viree-marocaine-de-tebbi-32312\">Cliquez ici pour lire l&rsquo;article depuis sa source.<\/a><\/p>\n","protected":false},"excerpt":{"rendered":"<p>Abderrachid Tebbi, le premier pr\u00e9sident de la Cour supr\u00eame, se trouve, depuis hier, au Maroc, o\u00f9 il pr\u00e9side la d\u00e9l\u00e9gation alg\u00e9rienne \u00e0 un s\u00e9minaire international portant sur le th\u00e8me \u00abJustice et investissement\u00bb. La rencontre tend \u00e0 \u00e9tudier les meilleurs moyens d\u2019harmoniser les lois nationales et la l\u00e9gislation internationale en mati\u00e8re de protection des IDE, indiquent [&hellip;]<\/p>\n","protected":false},"author":1741,"featured_media":0,"comment_status":"closed","ping_status":"closed","sticky":false,"template":"","format":"standard","meta":{"fifu_image_url":"","fifu_image_alt":"","footnotes":""},"categories":[73,53],"tags":[],"class_list":["post-65320","post","type-post","status-publish","format-standard","hentry","category-actualite","category-algerie"],"_links":{"self":[{"href":"https:\/\/linitiative.ca\/International\/wp-json\/wp\/v2\/posts\/65320","targetHints":{"allow":["GET"]}}],"collection":[{"href":"https:\/\/linitiative.ca\/International\/wp-json\/wp\/v2\/posts"}],"about":[{"href":"https:\/\/linitiative.ca\/International\/wp-json\/wp\/v2\/types\/post"}],"author":[{"embeddable":true,"href":"https:\/\/linitiative.ca\/International\/wp-json\/wp\/v2\/users\/1741"}],"replies":[{"embeddable":true,"href":"https:\/\/linitiative.ca\/International\/wp-json\/wp\/v2\/comments?post=65320"}],"version-history":[{"count":0,"href":"https:\/\/linitiative.ca\/International\/wp-json\/wp\/v2\/posts\/65320\/revisions"}],"wp:attachment":[{"href":"https:\/\/linitiative.ca\/International\/wp-json\/wp\/v2\/media?parent=65320"}],"wp:term":[{"taxonomy":"category","embeddable":true,"href":"https:\/\/linitiative.ca\/International\/wp-json\/wp\/v2\/categories?post=65320"},{"taxonomy":"post_tag","embeddable":true,"href":"https:\/\/linitiative.ca\/International\/wp-json\/wp\/v2\/tags?post=65320"}],"curies":[{"name":"wp","href":"https:\/\/api.w.org\/{rel}","templated":true}]}}