{"id":65333,"date":"2019-10-23T05:46:37","date_gmt":"2019-10-23T09:46:37","guid":{"rendered":"https:\/\/linitiative.ca\/International\/le-burkina-faso-en-bonne-voie-pour-maximiser-les-retombees-socio-economiques-du-secteur-minier\/"},"modified":"2019-10-23T05:46:37","modified_gmt":"2019-10-23T09:46:37","slug":"le-burkina-faso-en-bonne-voie-pour-maximiser-les-retombees-socio-economiques-du-secteur-minier","status":"publish","type":"post","link":"https:\/\/linitiative.ca\/International\/le-burkina-faso-en-bonne-voie-pour-maximiser-les-retombees-socio-economiques-du-secteur-minier\/","title":{"rendered":"Le Burkina Faso en bonne voie  pour maximiser les retomb\u00e9es  socio-\u00e9conomiques du secteur minier"},"content":{"rendered":"<div class=\"td-a-rec td-a-rec-id-content_top td_uid_30_5db0c8e15448a_rand td_block_template_1\"><img loading=\"lazy\" decoding=\"async\" class=\"aligncenter size-full wp-image-15084\" src=\"https:\/\/www.sidwaya.info\/wp-content\/uploads\/2019\/10\/Bannie%CC%80re.png\" alt=\"\" width=\"720\" height=\"90\"\/><\/div>\n<p><strong>Le Premier ministre Christophe Joseph Marie DABIRE a marqu\u00e9 de sa pr\u00e9sence \u00e0 deux grands \u00e9v\u00e8nements de r\u00e9f\u00e9rence destin\u00e9s \u00e0 attirer des investisseurs au Burkina Faso. Il s\u2019agit respectivement de la 4\u00e8me \u00e9dition de la Semaine des Activit\u00e9s Mini\u00e8res d\u2019Afrique de l\u2019Ouest (SAMAO) qui s\u2019est tenue du 26 au 28 Septembre 2019 \u00e0 Ouagadougou et de la 6\u00e8me \u00e9dition de Rebranding Africa Forum (RAF) qui s\u2019est d\u00e9roul\u00e9e du 4 au 5 Octobre 2019 \u00e0 Bruxelles en Belgique.<\/strong><\/p>\n<p>Dans la capitale burkinab\u00e8, la SAMAO 2019 a regroup\u00e9 des d\u00e9cideurs, des investisseurs, des experts, des fournisseurs de biens et services miniers et des praticiens du secteur minier africain qui se sont pench\u00e9s sur le th\u00e8me\u00a0: \u00ab\u00a0Exploitation des ressources min\u00e9rales et opportunit\u00e9s d\u2019industrialisation de l\u2019Afrique\u00a0\u00bb. A la 6\u00e8me \u00e9dition de Rebranding Africa Forum (RAF) qui s\u2019est tenue dans la capitale belge, les participants ont abord\u00e9 le th\u00e8me \u00ab\u00a0Enjeux socio-\u00e9conomiques de l\u2019exploitation mini\u00e8re en Afrique\u00a0\u00bb.<br \/>L\u2019objectif de l\u2019organisation de la SAMAO et de la participation de notre pays au RAF se justifie \u00e0 plus d\u2019un titre. En effet, le Burkina Faso connait un boom minier qui se caract\u00e9rise par un accroissement consid\u00e9rable des productions. De 800 kilogrammes en 2007, la quantit\u00e9 d\u2019or produite dans notre pays est pass\u00e9e \u00e0 45,6 tonnes en 2017. L\u2019ann\u00e9e 2018 a particuli\u00e8rement \u00e9t\u00e9 une ann\u00e9e de performance pour le secteur minier du pays des hommes int\u00e8gres. En t\u00e9moignent les productions-records de 52,622 tonnes d\u2019or et de 165\u00a0100 tonnes de zinc. Selon le Ministre des Mines et des Carri\u00e8res, Oumarou IDANI qui s\u2019exprimait le 25 Mars 2019 \u00e0 Koudougou lors du 1er CASEM de l\u2019ann\u00e9e de son d\u00e9partement, le secteur minier a apport\u00e9 \u00e0 l\u2019\u00e9conomie burkinab\u00e8 \u00ab\u00a01\u00a0600 milliards de F CFA de recettes d\u2019exportation et 266 milliards de recettes budg\u00e9taires\u00a0\u00bb. En plus d\u2019apporter des retomb\u00e9es macro-\u00e9conomiques, le secteur minier se pr\u00e9sente comme un bon pourvoyeur d\u2019emplois dans la mesure o\u00f9 les mines industrielles offrent actuellement, 10\u00a0000 emplois directs et 26\u00a0100 emplois indirects. L\u2019impact des mines se ressent \u00e9galement au niveau des collectivit\u00e9s locales qui, dor\u00e9navant et conform\u00e9ment au Code minier, b\u00e9n\u00e9ficient annuellement des recettes provenant du Fonds Minier de D\u00e9veloppement Local (FMDL). Longtemps attendue par les populations riveraines aux mines et par les organisations de la soci\u00e9t\u00e9 civile, l\u2019op\u00e9rationnalisation du FMDL par le gouvernement est d\u00e9sormais une r\u00e9alit\u00e9. Depuis septembre 2019, le montant total per\u00e7u au titre des ann\u00e9es 2017 et 2018 du FMDL et r\u00e9parti \u00e0 toutes les communes et \u00e0 toutes les r\u00e9gions du Burkina s\u2019\u00e9l\u00e8ve \u00e0 11\u00a0760\u00a0841\u00a0606 F CFA. De plus, selon une \u00e9tude r\u00e9alis\u00e9e dans le cadre du Projet d\u2019Appui au D\u00e9veloppement du Secteur Minier (PADSEM), les retomb\u00e9es profitent progressivement \u00e0 des op\u00e9rateurs \u00e9conomiques burkinab\u00e8 investissant dans le BTP, les banques, les transports, la restauration et bien d\u2019autres domaines de la fourniture locale de services. Cette \u00e9tude pr\u00e9cise que la part des entreprises locales dans les commandes des soci\u00e9t\u00e9s mini\u00e8res industrielles est pass\u00e9e de 2% en 2012 \u00e0 14% en 2017.<br \/>Les r\u00e9formes et la promotion comme facteurs explicatifs<br \/>Ces retomb\u00e9es que le gouvernement burkinab\u00e8 compte renforcer, ont \u00e9t\u00e9 possibles gr\u00e2ce \u00e0 des r\u00e9formes op\u00e9r\u00e9es sur le plan politique, institutionnel, l\u00e9gislatif et r\u00e8glementaire depuis 2015, et des actions de promotion au plan national et international.<br \/>La promotion est justement un levier sur lequel, l\u2019Etat burkinab\u00e8 s\u2019appuie fortement pour impulser un dynamisme au secteur minier. Pour le gouvernement, la promotion consiste d\u2019une part \u00e0 l\u2019organisation r\u00e9guli\u00e8re de la Semaine des Activit\u00e9s Mini\u00e8res d\u2019Afrique de l\u2019Ouest (SAMAO) et d\u2019autre part \u00e0 la participation \u00e0 des salons miniers de renomm\u00e9e.<br \/>Institu\u00e9e en 2016 \u00e0 la faveur d\u2019une fusion des initiatives publiques et priv\u00e9es de promotion, la SAMAO dont la 4\u00e8me \u00e9dition vient de s\u2019achever sur des notes de satisfaction r\u00e9unit annuellement \u00e0 Ouagadougou plus de 2\u00a0000 participants en moyenne. La SAMAO s\u2019est impos\u00e9e dans la sous-r\u00e9gion comme une vitrine appr\u00e9ci\u00e9e des professionnels miniers et attire de plus en plus des investisseurs et des fournisseurs de services pour notre secteur minier.<br \/>La promotion se servant des r\u00e9sultats de recherche du Bureau des Mines et de la G\u00e9ologie du Burkina (BUMIGEB) qui est le service g\u00e9ologique national, le gouvernement a conduit en 2015 et 2018 des campagnes de lev\u00e9s g\u00e9ophysiques a\u00e9roport\u00e9s pour davantage mettre en exergue d\u2019autres gisements miniers. Les r\u00e9sultats de ces campagnes sont satisfaisants et confortent le minist\u00e8re des Mines et des carri\u00e8res dans ses actions de promotion. Avec de telles r\u00e9formes et actions et au service du peuple burkinab\u00e8 pour valoriser les potentialit\u00e9s et les retomb\u00e9es du secteur, le gouvernement burkinab\u00e8 agit en droite ligne de la vision de Son Excellence Monsieur Roch Marc Christian KABORE, \u00e0 travers son programme \u00ab B\u00e2tir avec le peuple un Burkina Faso de d\u00e9mocratie, de progr\u00e8s \u00e9conomique et social, de libert\u00e9 et de justice\u00a0\u00bb. L\u2019objectif ici est de faire du secteur minier un puissant moteur de la croissance et de la promotion sociale des populations et respectueux de l\u2019environnement. Le Burkina Faso est ainsi en bonne voie pour maximiser les retomb\u00e9es socio-\u00e9conomiques de son secteur minier\u00a0!<\/p>\n<p>Minist\u00e8re des Mines et des Carri\u00e8res.<\/p>\n<div class=\"td-a-rec td-a-rec-id-content_bottom td_uid_31_5db0c8e1546a8_rand td_block_template_1\"><img loading=\"lazy\" decoding=\"async\" class=\"aligncenter size-full wp-image-9623\" src=\"https:\/\/www.sidwaya.info\/wp-content\/uploads\/2019\/06\/Projet-bannie%CC%80re-Orange-mobile.jpg\" alt=\"\" width=\"728\" height=\"81\"\/><\/div>\n<p>Auteur: BM. Sidwaya<br \/>\n<a href=\"https:\/\/www.sidwaya.info\/blog\/2019\/10\/23\/le-burkina-faso-en-bonne-voie-pour-maximiser-les-retombees-socio-economiques-du-secteur-minier\/\">Cliquez ici pour lire l&rsquo;article depuis sa source.<\/a><\/p>\n","protected":false},"excerpt":{"rendered":"<p>Le Premier ministre Christophe Joseph Marie DABIRE a marqu\u00e9 de sa pr\u00e9sence \u00e0 deux grands \u00e9v\u00e8nements de r\u00e9f\u00e9rence destin\u00e9s \u00e0 attirer des investisseurs au Burkina Faso. Il s\u2019agit respectivement de la 4\u00e8me \u00e9dition de la Semaine des Activit\u00e9s Mini\u00e8res d\u2019Afrique de l\u2019Ouest (SAMAO) qui s\u2019est tenue du 26 au 28 Septembre 2019 \u00e0 Ouagadougou et [&hellip;]<\/p>\n","protected":false},"author":1816,"featured_media":65334,"comment_status":"closed","ping_status":"closed","sticky":false,"template":"","format":"standard","meta":{"fifu_image_url":"","fifu_image_alt":"","footnotes":""},"categories":[73,81],"tags":[],"class_list":["post-65333","post","type-post","status-publish","format-standard","has-post-thumbnail","hentry","category-actualite","category-burkina-faso"],"_links":{"self":[{"href":"https:\/\/linitiative.ca\/International\/wp-json\/wp\/v2\/posts\/65333","targetHints":{"allow":["GET"]}}],"collection":[{"href":"https:\/\/linitiative.ca\/International\/wp-json\/wp\/v2\/posts"}],"about":[{"href":"https:\/\/linitiative.ca\/International\/wp-json\/wp\/v2\/types\/post"}],"author":[{"embeddable":true,"href":"https:\/\/linitiative.ca\/International\/wp-json\/wp\/v2\/users\/1816"}],"replies":[{"embeddable":true,"href":"https:\/\/linitiative.ca\/International\/wp-json\/wp\/v2\/comments?post=65333"}],"version-history":[{"count":0,"href":"https:\/\/linitiative.ca\/International\/wp-json\/wp\/v2\/posts\/65333\/revisions"}],"wp:featuredmedia":[{"embeddable":true,"href":"https:\/\/linitiative.ca\/International\/wp-json\/"}],"wp:attachment":[{"href":"https:\/\/linitiative.ca\/International\/wp-json\/wp\/v2\/media?parent=65333"}],"wp:term":[{"taxonomy":"category","embeddable":true,"href":"https:\/\/linitiative.ca\/International\/wp-json\/wp\/v2\/categories?post=65333"},{"taxonomy":"post_tag","embeddable":true,"href":"https:\/\/linitiative.ca\/International\/wp-json\/wp\/v2\/tags?post=65333"}],"curies":[{"name":"wp","href":"https:\/\/api.w.org\/{rel}","templated":true}]}}