{"id":65335,"date":"2019-10-23T06:02:35","date_gmt":"2019-10-23T10:02:35","guid":{"rendered":"https:\/\/linitiative.ca\/International\/financement-des-elections-de-2020-les-amis-du-burkina-se-concertent\/"},"modified":"2019-10-23T06:02:35","modified_gmt":"2019-10-23T10:02:35","slug":"financement-des-elections-de-2020-les-amis-du-burkina-se-concertent","status":"publish","type":"post","link":"https:\/\/linitiative.ca\/International\/financement-des-elections-de-2020-les-amis-du-burkina-se-concertent\/","title":{"rendered":"Financement des \u00e9lections de 2020: les \u00ab amis du Burkina \u00bb se concertent"},"content":{"rendered":"<div class=\"td-post-featured-image\"><a href=\"https:\/\/i1.wp.com\/www.sidwaya.info\/wp-content\/uploads\/2019\/10\/ptfsid23-1.gif?fit=974%2C650&#038;ssl=1\" data-caption=\"\"><img loading=\"lazy\" decoding=\"async\" width=\"696\" height=\"464\" class=\"entry-thumb td-modal-image\" src=\"https:\/\/i1.wp.com\/www.sidwaya.info\/wp-content\/uploads\/2019\/10\/ptfsid23-1.gif?resize=696%2C464&#038;ssl=1\" alt=\"\" title=\"ptfsid23\"\/><\/a><\/div>\n<div class=\"td-a-rec td-a-rec-id-content_top td_uid_30_5db0c8e60415f_rand td_block_template_1\"><img loading=\"lazy\" decoding=\"async\" class=\"aligncenter size-full wp-image-15084\" src=\"https:\/\/www.sidwaya.info\/wp-content\/uploads\/2019\/10\/Bannie%CC%80re.png\" alt=\"\" width=\"720\" height=\"90\"\/><\/div>\n<p><strong>Les Partenaires techniques et financiers (PTF) du Burkina Faso ont \u00e9chang\u00e9, au cours d\u2019une table ronde, le lundi 21 octobre 2019 \u00e0 Ouagadougou, sur la probl\u00e9matique du financement des \u00e9lections pr\u00e9sidentielle et l\u00e9gislatives de 2020.<\/strong><\/p>\n<p>Les Partenaires techniques et financiers (PTF) du Burkina sont engag\u00e9s \u00e0 ses c\u00f4t\u00e9s pour une organisation \u00ab r\u00e9ussie \u00bb des \u00e9lections pr\u00e9sidentielle et l\u00e9gislatives de 2020. A cet effet, ils ont organis\u00e9 une table ronde, le lundi 21 octobre 2019 \u00e0 Ouagadougou, afin d\u2019\u00e9changer sur la probl\u00e9matique du financement de ces \u00e9lections qui constituent un \u00ab rendez-vous capital pour l\u2019enracinement de la d\u00e9mocratie au pays des Hommes int\u00e8gres \u00bb. Cette rencontre avait pour objectif, aux dires du Ministre de l\u2019Economie, des Finances et du D\u00e9veloppement (MINEFID), Lassan\u00e9 Kabor\u00e9, de pr\u00e9senter aux partenaires un \u00e9tat des lieux exhaustif des besoins techniques et logistiques pour les \u00e9lections et examiner leurs possibilit\u00e9s de financement. A l\u2019entendre, les d\u00e9fis li\u00e9s \u00e0 l\u2019organisation des \u00e9lections sont \u00e9normes. En effet, a-t-il reconnu, le contexte dans lequel se pr\u00e9parent les \u00e9lections est particulier au regard de la situation s\u00e9curitaire du pays. Le premier d\u00e9fi, \u00e0 son sens, est celui de tenir les \u00e9lections \u00e0 bonne date. \u00ab Des forces aux desseins inavouables inspirent \u00e0 notre pays une adversit\u00e9 f\u00e9roce \u00e0 laquelle nous devons faire face. Tenir donc les \u00e9lections \u00e0 bonne date dans ce contexte sera la preuve de notre r\u00e9silience et de notre capacit\u00e9 \u00e0 r\u00e9sister face \u00e0 toutes ces intemp\u00e9ries \u00bb, a-t-il d\u00e9clar\u00e9. En outre, a soulign\u00e9 le MINEFID, le vote des personnes d\u00e9plac\u00e9es, du fait des attaques terroristes, constitue un challenge pour le gouvernement. A l\u2019\u00e9couter, le Pr\u00e9sident du Faso, Roch Marc Christian Kabor\u00e9, a personnellement saisi la Commission \u00e9lectorale nationale ind\u00e9pendante (CENI) afin qu\u2019elle prenne les d\u00e9cisions idoines pour permettre \u00e0 ces personnes de participer au processus \u00e9lectoral. Car, \u00ab nonobstant leur situation, elles doivent continuer \u00e0 jouir de leurs droits notamment celui d\u2019\u00eatre \u00e9lecteurs et \u00e9ligibles \u00bb. L\u2019autre pari \u00e0 relever concernant ces \u00e9lections est celui d\u2019une large participation des personnes en \u00e2ge de voter et qui remplissent les conditions \u00e9lectorales prescrites par la loi.<\/p>\n<p>Augmenter le nombre d\u2019\u00e9lecteurs<\/p>\n<p>Pour ce faire, a indiqu\u00e9 le ministre Kabor\u00e9, une mise \u00e0 jour du fichier \u00e9lectoral est pr\u00e9vue en janvier prochain afin de permettre au plus grand nombre de burkinab\u00e8 de s\u2019inscrire sur la liste \u00e9lectorale. De ce qu\u2019il a dit, le corps \u00e9lectoral actuel qui est de 5 539 031 \u00e9lecteurs pourrait \u00eatre port\u00e9 \u00e0 plus de 10 millions de personnes, selon les pr\u00e9visions de la CENI. Le vote des Burkinab\u00e8 de l\u2019ext\u00e9rieur constitue par ailleurs un nouveau d\u00e9fi que les acteurs se doivent de relever. Tous ces \u00e9l\u00e9ments, a not\u00e9 le ministre en charge des finances, seront port\u00e9s \u00e0 la connaissance des partenaires au cours de la rencontre afin de recueillir leurs recommandations. \u00ab Nous avons besoin de vos accompagnements, de vos appuis, de vos suggestions et de vos conseils. Vous avez toujours su manifester vis-\u00e0-vis du Burkina Fas,o un appui inestimable pour l\u2019organisation des \u00e9lections et nous avons foi qu\u2019il se manifestera<br \/>encore \u00bb, a-t-il lanc\u00e9 \u00e0 l\u2019endroit des partenaires. Son appel n\u2019est pas tomb\u00e9 dans le vide puisque la pr\u00e9sidente de la Tro\u00efka des partenaires techniques et financiers a renouvel\u00e9 la disponibilit\u00e9 des \u00ab amis du Burkina \u00bb \u00e0 accompagner le gouvernement dans l\u2019organisation d\u2019\u00e9lections paisibles, transparentes, inclusives et cr\u00e9dibles. Elle a salu\u00e9 la tenue de cette rencontre qui va leur permettre d\u2019avoir une visibilit\u00e9 globale des besoins en appui technique et en financement. Elle a dit avoir confiance en la capacit\u00e9 du pays des Hommes int\u00e8gres d\u2019organiser des \u00e9lections de qualit\u00e9. \u00ab Ce n\u2019est pas la premi\u00e8re fois que le Burkina Faso organise des \u00e9lections. Il le fait depuis plus de 30 ans et \u00e7a a toujours \u00e9t\u00e9 des \u00e9lections de qualit\u00e9. Ce qui est nouveau aujourd\u2019hui est la d\u00e9t\u00e9rioration de la situation s\u00e9curitaire. Nous allons donc voir avec l\u2019ensemble des partenaires, quels sont les besoins suppl\u00e9mentaires \u00bb, a-t-elle soutenu.<\/p>\n<p>Nad\u00e8ge YAMEOGO<\/p>\n<div class=\"td-a-rec td-a-rec-id-content_bottom td_uid_31_5db0c8e60434e_rand td_block_template_1\"><img loading=\"lazy\" decoding=\"async\" class=\"aligncenter size-full wp-image-9623\" src=\"https:\/\/www.sidwaya.info\/wp-content\/uploads\/2019\/06\/Projet-bannie%CC%80re-Orange-mobile.jpg\" alt=\"\" width=\"728\" height=\"81\"\/><\/div>\n<p>Auteur: BM. Sidwaya<br \/>\n<a href=\"https:\/\/www.sidwaya.info\/blog\/2019\/10\/23\/financement-des-elections-de-2020-les-amis-du-burkina-se-concertent\/\">Cliquez ici pour lire l&rsquo;article depuis sa source.<\/a><\/p>\n","protected":false},"excerpt":{"rendered":"<p>Les Partenaires techniques et financiers (PTF) du Burkina Faso ont \u00e9chang\u00e9, au cours d\u2019une table ronde, le lundi 21 octobre 2019 \u00e0 Ouagadougou, sur la probl\u00e9matique du financement des \u00e9lections pr\u00e9sidentielle et l\u00e9gislatives de 2020. Les Partenaires techniques et financiers (PTF) du Burkina sont engag\u00e9s \u00e0 ses c\u00f4t\u00e9s pour une organisation \u00ab r\u00e9ussie \u00bb des [&hellip;]<\/p>\n","protected":false},"author":1816,"featured_media":0,"comment_status":"closed","ping_status":"closed","sticky":false,"template":"","format":"standard","meta":{"fifu_image_url":"","fifu_image_alt":"","footnotes":""},"categories":[73,81],"tags":[],"class_list":["post-65335","post","type-post","status-publish","format-standard","hentry","category-actualite","category-burkina-faso"],"_links":{"self":[{"href":"https:\/\/linitiative.ca\/International\/wp-json\/wp\/v2\/posts\/65335","targetHints":{"allow":["GET"]}}],"collection":[{"href":"https:\/\/linitiative.ca\/International\/wp-json\/wp\/v2\/posts"}],"about":[{"href":"https:\/\/linitiative.ca\/International\/wp-json\/wp\/v2\/types\/post"}],"author":[{"embeddable":true,"href":"https:\/\/linitiative.ca\/International\/wp-json\/wp\/v2\/users\/1816"}],"replies":[{"embeddable":true,"href":"https:\/\/linitiative.ca\/International\/wp-json\/wp\/v2\/comments?post=65335"}],"version-history":[{"count":0,"href":"https:\/\/linitiative.ca\/International\/wp-json\/wp\/v2\/posts\/65335\/revisions"}],"wp:attachment":[{"href":"https:\/\/linitiative.ca\/International\/wp-json\/wp\/v2\/media?parent=65335"}],"wp:term":[{"taxonomy":"category","embeddable":true,"href":"https:\/\/linitiative.ca\/International\/wp-json\/wp\/v2\/categories?post=65335"},{"taxonomy":"post_tag","embeddable":true,"href":"https:\/\/linitiative.ca\/International\/wp-json\/wp\/v2\/tags?post=65335"}],"curies":[{"name":"wp","href":"https:\/\/api.w.org\/{rel}","templated":true}]}}