{"id":65337,"date":"2019-10-23T06:37:05","date_gmt":"2019-10-23T10:37:05","guid":{"rendered":"https:\/\/linitiative.ca\/International\/lexamen-des-interets-civils-renvoye-au-29-octobre-prochain\/"},"modified":"2019-10-23T06:37:05","modified_gmt":"2019-10-23T10:37:05","slug":"lexamen-des-interets-civils-renvoye-au-29-octobre-prochain","status":"publish","type":"post","link":"https:\/\/linitiative.ca\/International\/lexamen-des-interets-civils-renvoye-au-29-octobre-prochain\/","title":{"rendered":"L\u2019examen des int\u00e9r\u00eats civils renvoy\u00e9 au 29 octobre prochain"},"content":{"rendered":"<div class=\"td-post-featured-image\"><a href=\"https:\/\/i1.wp.com\/www.sidwaya.info\/wp-content\/uploads\/2019\/10\/Farama23.gif?fit=974%2C547&#038;ssl=1\" data-caption=\"\"><img loading=\"lazy\" decoding=\"async\" width=\"696\" height=\"391\" class=\"entry-thumb td-modal-image\" src=\"https:\/\/i1.wp.com\/www.sidwaya.info\/wp-content\/uploads\/2019\/10\/Farama23.gif?resize=696%2C391&#038;ssl=1\" alt=\"\" title=\"Farama23\"\/><\/a><\/div>\n<div class=\"td-a-rec td-a-rec-id-content_top td_uid_30_5db0c8ece0ca1_rand td_block_template_1\"><img loading=\"lazy\" decoding=\"async\" class=\"aligncenter size-full wp-image-15084\" src=\"https:\/\/www.sidwaya.info\/wp-content\/uploads\/2019\/10\/Bannie%CC%80re.png\" alt=\"\" width=\"720\" height=\"90\"\/><\/div>\n<p><strong>Le proc\u00e8s du putsch manqu\u00e9 de 2015 devait reprendre, hier mardi 22 octobre 2019 \u00e0 Ouagadougou, pour l\u2019examen des int\u00e9r\u00eats des parties civiles. Mais \u00e0 peine l\u2019audience ouverte, les parties civiles ont demand\u00e9 une suspension afin de s\u2019organiser pour intervenir \u00e0 tour de r\u00f4le comme \u00e0 la phase de jugement de l\u2019affaire au p\u00e9nal.<\/strong><\/p>\n<p>L\u2019examen des int\u00e9r\u00eats des parties civiles dans l\u2019affaire du putsch manqu\u00e9 de 2015 aura lieu \u00e0 partir du mardi 29 octobre 2019 devant le tribunal militaire de Ouagadougou, \u00e0 la Salle des banquets de Ouaga 2000. Ainsi en a d\u00e9cid\u00e9 la juridiction, hier mardi 22 octobre 2019, \u00e0 la demande de Me Awa Sawadogo au nom de toutes les parties civiles qui, \u00e0 cette phase du proc\u00e8s, deviennent les demanderesses. Le tribunal a accord\u00e9 le report en l\u2019absence d\u2019opposition de la d\u00e9fense et du parquet. A l\u2019issue de la courte audience, Me Prosper Farama, avocat de la partie civile, a laiss\u00e9 entendre que c\u2019est une frange des actuels demandeurs, en l\u2019occurrence l\u2019Etat \u00e0 travers ses avocats, qui est \u00e0 l\u2019origine du renvoi pour qu\u2019il y ait une concertation de ceux qui demandent \u00e0 \u00eatre d\u00e9dommag\u00e9s. A la question de savoir qui des condamn\u00e9s devrait payer combien au regard de la diff\u00e9rence des peines \u00e0 eux inflig\u00e9es, l\u2019avocat a fait savoir que la condamnation civile encourue n\u2019est pas d\u00e9pendante du quantum de la sanction p\u00e9nale, mais est plut\u00f4t fonction de la responsabilit\u00e9 p\u00e9nale retenue contre chacun des reconnus coupables. \u00ab\u00a0Concernant nos clients, nous estimons que tous ceux qui ont \u00e9t\u00e9 d\u00e9clar\u00e9s coupables ou complices d\u2019attentat \u00e0 la s\u00fbret\u00e9 de l\u2019Etat, de meurtres, de coups et blessures auront \u00e0 r\u00e9pondre de nos r\u00e9clamations sur le pr\u00e9judice moral subi. Nous allons demander que solidairement \u00a0tous les coupables soient condamn\u00e9s \u00e0 payer au m\u00eame titre le montant que le tribunal fixera \u00bb, a inform\u00e9 le conseil. Et Me Farama d\u2019ajouter que si la concertation \u00e0 venir n\u2019aboutit pas \u00e0 une harmonie avec l\u2019Etat, il demandera que celui-ci soit appel\u00e9 \u00e0 garantir le paiement des condamnations civiles, quitte \u00e0 se retourner contre les personnes directement concern\u00e9es. Car, dans cette affaire, l\u2019Etat burkinab\u00e8 est civilement responsable, lui \u00e0 qui il incombe d\u2019assurer la s\u00e9curit\u00e9 des personnes et des biens sur l\u2019ensemble du territoire, quelles que soient les circonstances, surtout lorsque des \u00e9l\u00e9ments de la force publique constituent la source du danger.<br \/>Revenant sur le d\u00e9roulement des audiences, Me Farama a indiqu\u00e9 que chaque partie civile aura d\u2019abord \u00e0 justifier le bon-fond\u00e9 de sa constitution, formulera ensuite des r\u00e9clamations p\u00e9cuniaires, les justifiera, cela \u00e9ventuellement par la communication de pi\u00e8ces et d\u2019\u00e9critures. \u00ab\u00a0Les parties civiles qui le souhaitent appuieront tout cela par des plaidoiries \u00e0 l\u2019audience\u00bb, a signifi\u00e9 l\u2019homme de droit.<\/p>\n<p>Jean Philibert SOME<\/p>\n<div class=\"td-a-rec td-a-rec-id-content_bottom td_uid_31_5db0c8ece0e65_rand td_block_template_1\"><img loading=\"lazy\" decoding=\"async\" class=\"aligncenter size-full wp-image-9623\" src=\"https:\/\/www.sidwaya.info\/wp-content\/uploads\/2019\/06\/Projet-bannie%CC%80re-Orange-mobile.jpg\" alt=\"\" width=\"728\" height=\"81\"\/><\/div>\n<p>Auteur: BM. Sidwaya<br \/>\n<a href=\"https:\/\/www.sidwaya.info\/blog\/2019\/10\/23\/lexamen-des-interets-civils-renvoye-au-29-octobre-prochain\/\">Cliquez ici pour lire l&rsquo;article depuis sa source.<\/a><\/p>\n","protected":false},"excerpt":{"rendered":"<p>Le proc\u00e8s du putsch manqu\u00e9 de 2015 devait reprendre, hier mardi 22 octobre 2019 \u00e0 Ouagadougou, pour l\u2019examen des int\u00e9r\u00eats des parties civiles. Mais \u00e0 peine l\u2019audience ouverte, les parties civiles ont demand\u00e9 une suspension afin de s\u2019organiser pour intervenir \u00e0 tour de r\u00f4le comme \u00e0 la phase de jugement de l\u2019affaire au p\u00e9nal. L\u2019examen [&hellip;]<\/p>\n","protected":false},"author":1816,"featured_media":0,"comment_status":"closed","ping_status":"closed","sticky":false,"template":"","format":"standard","meta":{"fifu_image_url":"","fifu_image_alt":"","footnotes":""},"categories":[73,81],"tags":[],"class_list":["post-65337","post","type-post","status-publish","format-standard","hentry","category-actualite","category-burkina-faso"],"_links":{"self":[{"href":"https:\/\/linitiative.ca\/International\/wp-json\/wp\/v2\/posts\/65337","targetHints":{"allow":["GET"]}}],"collection":[{"href":"https:\/\/linitiative.ca\/International\/wp-json\/wp\/v2\/posts"}],"about":[{"href":"https:\/\/linitiative.ca\/International\/wp-json\/wp\/v2\/types\/post"}],"author":[{"embeddable":true,"href":"https:\/\/linitiative.ca\/International\/wp-json\/wp\/v2\/users\/1816"}],"replies":[{"embeddable":true,"href":"https:\/\/linitiative.ca\/International\/wp-json\/wp\/v2\/comments?post=65337"}],"version-history":[{"count":0,"href":"https:\/\/linitiative.ca\/International\/wp-json\/wp\/v2\/posts\/65337\/revisions"}],"wp:attachment":[{"href":"https:\/\/linitiative.ca\/International\/wp-json\/wp\/v2\/media?parent=65337"}],"wp:term":[{"taxonomy":"category","embeddable":true,"href":"https:\/\/linitiative.ca\/International\/wp-json\/wp\/v2\/categories?post=65337"},{"taxonomy":"post_tag","embeddable":true,"href":"https:\/\/linitiative.ca\/International\/wp-json\/wp\/v2\/tags?post=65337"}],"curies":[{"name":"wp","href":"https:\/\/api.w.org\/{rel}","templated":true}]}}