{"id":65338,"date":"2019-10-23T06:40:28","date_gmt":"2019-10-23T10:40:28","guid":{"rendered":"https:\/\/linitiative.ca\/International\/cnss-des-retraites-prives-de-pension\/"},"modified":"2019-10-23T06:40:28","modified_gmt":"2019-10-23T10:40:28","slug":"cnss-des-retraites-prives-de-pension","status":"publish","type":"post","link":"https:\/\/linitiative.ca\/International\/cnss-des-retraites-prives-de-pension\/","title":{"rendered":"CNSS : des retrait\u00e9s priv\u00e9s de pension"},"content":{"rendered":"<div class=\"td-a-rec td-a-rec-id-content_top td_uid_30_5db0c8f23c622_rand td_block_template_1\"><img loading=\"lazy\" decoding=\"async\" class=\"aligncenter size-full wp-image-15084\" src=\"https:\/\/www.sidwaya.info\/wp-content\/uploads\/2019\/10\/Bannie%CC%80re.png\" alt=\"\" width=\"720\" height=\"90\"\/><\/div>\n<p>CNSS : des retrait\u00e9s priv\u00e9s de pension<br \/>Que se passe-t-il \u00e0 la Caisse nationale de s\u00e9curit\u00e9 sociale (CNSS) ? Kantigui n\u2019en croyait pas ses oreilles quand il a appris la situation que vivent des retrait\u00e9s qui y sont affili\u00e9s, notamment ceux ayant une pension ivoirienne ! Certains d\u2019entre eux auraient fait trois trimestres, voire un an ou deux, sans toucher un copeck. Kantigui est tomb\u00e9 sur un citoyen qui dit ne pas comprendre ce qui arrive \u00e0 son p\u00e8re qui n\u2019a rien touch\u00e9 de sa pension au titre de l\u2019ann\u00e9e 2019. Partie pour s\u2019enqu\u00e9rir des nouvelles de la pension de celui-ci, en fin septembre, la source, apr\u00e8s quelques \u00e9changes avec un agent de la CNSS, a eu cette r\u00e9ponse : \u00ab D\u00e9sol\u00e9, sa pension n\u2019est pas venue \u00bb. Ainsi, l\u2019interlocuteur de Kantigui n\u2019a pas h\u00e9sit\u00e9 \u00e0 exprimer \u00e0 l\u2019agent son m\u00e9contentement et son incompr\u00e9hension face \u00e0 la situation de son g\u00e9niteur qui, \u00e0 chaque fin de trimestre infructueuse, introduit une demande de r\u00e9clamation en bonne et due forme. Et \u00e0 l\u2019agent de la CNSS de lui r\u00e9pondre : \u00ab Monsieur, vous avez la chance que votre vieux est \u00e0 trois trimestres sans pension. Il y en a qui sont \u00e0 un an, un an et demi et m\u00eame deux ans\u00bb. Et l\u2019explication que donne l\u2019institution est que le probl\u00e8me viendrait de son partenaire ivoirien, la Caisse nationale de pr\u00e9voyance sociale (CNPS). Kantigui se demande comment ces retrait\u00e9s, croulant souvent sous le poids de certaines maladies et de la vieillesse, arrivent \u00e0 joindre les deux bouts dans ces conditions. Vivement que la CNSS et la CNPS trouvent une solution pour mettre fin au calvaire des retrait\u00e9s concern\u00e9s.<\/p>\n<p>Le calvaire d\u2019un d\u00e9tenteur de bon d\u2019essence \u00abApril-Oil\u00bb<\/p>\n<p>En vacances ces derniers temps dans la belle cit\u00e9 de Sya, Kantigui a \u00e9t\u00e9 mis au parfum du calvaire d\u2019un client d\u2019une station-service, \u00ab ApriL-Oil Burkina SA \u00bb. Selon ses explications, depuis deux semaines, il s\u2019est vu refuser \u00e0 plusieurs reprises les services de ladite station chaque fois qu\u2019il veut se ravitailler en carburant, alors qu\u2019il poss\u00e8de un bon de la soci\u00e9t\u00e9. A toutes les tentatives, les pompistes lui auraient entonn\u00e9 la m\u00eame chanson : \u00ab le patron a dit de ne pas prendre de bon jusqu\u2019\u00e0 nouvel ordre \u00bb. En voulant mieux comprendre le probl\u00e8me, il est revenu \u00e0 Kantigui que ce client n\u2019est pas le seul dans la situation. Kantigui, qui n\u2019est pas dans le secret des textes, se demande si cette attitude est l\u00e9gale. C\u2019est le lieu donc pour lui d\u2019interpeller la ligue des consommateurs sur cette pratique de certains p\u00e9troliers qui mettent leurs clients dans des doubles d\u00e9penses.<\/p>\n<p>CDP : les sanctionn\u00e9s de retour<br \/>Kantigui constate que les fr\u00e8res ennemis du Congr\u00e8s pour la d\u00e9mocratie et le progr\u00e8s (CDP) font montre, de part et d\u2019autre, d\u2019une intention de fumer le calumet de la paix, conform\u00e9ment aux orientations de leur pr\u00e9sident d\u2019honneur, Blaise Compaor\u00e9. En effet, \u00e0 la suite de la conf\u00e9rence de presse du lundi 14 octobre 2019 de la direction politique du parti, les sanctionn\u00e9s ont aussi rencontr\u00e9 les journalistes, une semaine apr\u00e8s. Mais Kantigui remarque, \u00e0 travers ces sorties m\u00e9diatiques, que les deux camps se regardent toujours en chiens de fa\u00efence. Bien que les sanctionn\u00e9s aient promis retirer leurs demandes en justice et que la direction du parti se soit engag\u00e9e \u00e0 rapporter les sanctions lors d\u2019un congr\u00e8s extraordinaire, des dissensions demeurent. Alors que le camp d\u2019Eddie Kombo\u00efgo est rest\u00e9 intraitable sur le respect de la discipline du parti, Kantigui note que les sanctionn\u00e9s ne veulent pas abandonner leur candidat en la personne de Kadr\u00e9 D\u00e9sir\u00e9 Ou\u00e9draogo. A c\u00f4t\u00e9 de ces deux camps, Kantigui n\u2019oublie pas le \u00ab camarade \u00bb Mahamadi Kouanda, qui n\u2019entend pas reculer d\u2019un iota dans sa campagne judiciaire contre les instances dirigeantes du CDP. Kantigui en d\u00e9duit donc que la fracture au sein de ce grand parti, qui a dirig\u00e9 le Burkina pendant plus de 20 ans, n\u2019est pas pr\u00eate de se refermer.<\/p>\n<p>L\u2019\u00e9cole primaire de Douna \u00e0 60 ans<br \/>Il est revenu \u00e0 Kantigui que la population de la commune rurale de Douna, situ\u00e9e dans la province de la L\u00e9raba, s\u2019appr\u00eate \u00e0 c\u00e9l\u00e9brer les 60 ans de l\u2019\u00e9cole primaire publique de la localit\u00e9. La date retenue pour les festivit\u00e9s est le samedi 2 novembre 2019.<br \/>La c\u00e9l\u00e9bration, pr\u00e9cise l\u2019informateur de Kantigui, est plac\u00e9e sous le patronage du ministre en charge de l\u2019\u00e9ducation nationale, Stanislas Ouaro. Elle est coparrain\u00e9e par le ministre en charge de l\u2019enseignement sup\u00e9rieur, Alkassoum Ma\u00efga et celle d\u00e9l\u00e9gu\u00e9e aupr\u00e8s du ministre de l\u2019Administration territoriale, charg\u00e9e de la D\u00e9centralisation et de la Coh\u00e9sion sociale, Madiara Sagnon. Le th\u00e8me retenu pour ce soixanti\u00e8me anniversaire est : \u00ab Education et coh\u00e9sion sociale \u00bb. En pr\u00e9lude \u00e0 l\u2019\u00e9v\u00e9nement, le comit\u00e9 d\u2019organisation a officiellement lanc\u00e9 les activit\u00e9s, \u00e0 travers le coup d\u2019envoi du tournoi inter-\u00e9coles, le samedi 12 octobre 2019 \u00e0 Douna. Kantigui souhaite un plein succ\u00e8s \u00e0 l\u2019\u00e9v\u00e8nement.<\/p>\n<p>Bisbilles entre la ligue de Taekwondo et la f\u00e9d\u00e9ration: le minist\u00e8re des sports interpell\u00e9<br \/>Kantigui se souvient qu\u2019une guerre larv\u00e9e oppose les responsables de la ligue du Centre de Taekwondo \u00e0 la f\u00e9d\u00e9ration dudit sport. Dans ses p\u00e9r\u00e9grinations, Kantigui avait vu circuler une lettre convoquant les acteurs pour une rencontre en vue de trouver une solution au probl\u00e8me. Aux derni\u00e8res nouvelles, cette rencontre n\u2019a pas eu lieu. Kantigui qui suit de pr\u00e8s ce dossier interpelle le minist\u00e8re des Sports et des Loisirs afin qu\u2019il prenne ses responsabilit\u00e9s pour faire respecter les textes.<\/p>\n<p>Kantigui<br \/>kantigui2000@gmail.com<br \/>(00226) 25 31 22 89<\/p>\n<div class=\"td-a-rec td-a-rec-id-content_bottom td_uid_31_5db0c8f23c7fe_rand td_block_template_1\"><img loading=\"lazy\" decoding=\"async\" class=\"aligncenter size-full wp-image-9623\" src=\"https:\/\/www.sidwaya.info\/wp-content\/uploads\/2019\/06\/Projet-bannie%CC%80re-Orange-mobile.jpg\" alt=\"\" width=\"728\" height=\"81\"\/><\/div>\n<p>Auteur: BM. Sidwaya<br \/>\n<a href=\"https:\/\/www.sidwaya.info\/blog\/2019\/10\/23\/cnss-des-retraites-prives-de-pension\/\">Cliquez ici pour lire l&rsquo;article depuis sa source.<\/a><\/p>\n","protected":false},"excerpt":{"rendered":"<p>CNSS : des retrait\u00e9s priv\u00e9s de pensionQue se passe-t-il \u00e0 la Caisse nationale de s\u00e9curit\u00e9 sociale (CNSS) ? Kantigui n\u2019en croyait pas ses oreilles quand il a appris la situation que vivent des retrait\u00e9s qui y sont affili\u00e9s, notamment ceux ayant une pension ivoirienne ! Certains d\u2019entre eux auraient fait trois trimestres, voire un an [&hellip;]<\/p>\n","protected":false},"author":1816,"featured_media":65339,"comment_status":"closed","ping_status":"closed","sticky":false,"template":"","format":"standard","meta":{"fifu_image_url":"","fifu_image_alt":"","footnotes":""},"categories":[73,81],"tags":[],"class_list":["post-65338","post","type-post","status-publish","format-standard","has-post-thumbnail","hentry","category-actualite","category-burkina-faso"],"_links":{"self":[{"href":"https:\/\/linitiative.ca\/International\/wp-json\/wp\/v2\/posts\/65338","targetHints":{"allow":["GET"]}}],"collection":[{"href":"https:\/\/linitiative.ca\/International\/wp-json\/wp\/v2\/posts"}],"about":[{"href":"https:\/\/linitiative.ca\/International\/wp-json\/wp\/v2\/types\/post"}],"author":[{"embeddable":true,"href":"https:\/\/linitiative.ca\/International\/wp-json\/wp\/v2\/users\/1816"}],"replies":[{"embeddable":true,"href":"https:\/\/linitiative.ca\/International\/wp-json\/wp\/v2\/comments?post=65338"}],"version-history":[{"count":0,"href":"https:\/\/linitiative.ca\/International\/wp-json\/wp\/v2\/posts\/65338\/revisions"}],"wp:featuredmedia":[{"embeddable":true,"href":"https:\/\/linitiative.ca\/International\/wp-json\/"}],"wp:attachment":[{"href":"https:\/\/linitiative.ca\/International\/wp-json\/wp\/v2\/media?parent=65338"}],"wp:term":[{"taxonomy":"category","embeddable":true,"href":"https:\/\/linitiative.ca\/International\/wp-json\/wp\/v2\/categories?post=65338"},{"taxonomy":"post_tag","embeddable":true,"href":"https:\/\/linitiative.ca\/International\/wp-json\/wp\/v2\/tags?post=65338"}],"curies":[{"name":"wp","href":"https:\/\/api.w.org\/{rel}","templated":true}]}}