{"id":65353,"date":"2019-10-24T10:07:46","date_gmt":"2019-10-24T14:07:46","guid":{"rendered":"https:\/\/linitiative.ca\/International\/anmoggar-n-jazz-2019-une-programmation-artistique-inedite\/"},"modified":"2019-10-24T10:07:46","modified_gmt":"2019-10-24T14:07:46","slug":"anmoggar-n-jazz-2019-une-programmation-artistique-inedite","status":"publish","type":"post","link":"https:\/\/linitiative.ca\/International\/anmoggar-n-jazz-2019-une-programmation-artistique-inedite\/","title":{"rendered":"Anmoggar N Jazz 2019 : Une programmation artistique in\u00e9dite"},"content":{"rendered":"<p><img decoding=\"async\" class=\"post_layout_5_img\" src=\"http:\/\/aujourdhui.ma\/wp-content\/uploads\/2019\/10\/Anmoggar-N-Jazz-2019.jpg?x29840\" alt=\"Anmoggar N Jazz 2019 : Une programmation artistique in\u00e9dite\"\/><\/p>\n<p class=\"p1\"><span class=\"c5\"><strong><span class=\"s1 c4\"><em>Le festival est \u00e0 sa troisi\u00e8me \u00e9dition<\/em><\/span><\/strong><\/span><span id=\"more-321278\"\/><\/p>\n<div class=\"base-box mom_box_sc_custom mom_box_sc clear c6\" readability=\"10\">\n<p class=\"p1\"><strong><em>Au contact d\u2019artistes de renomm\u00e9e internationale, les participants auront l\u2019occasion de d\u00e9couvrir de nouvelles pratiques, de nouveaux styles et d\u2019approfondir leur technique.<\/em><\/strong><\/p>\n<\/div>\n<p class=\"p2\"><span class=\"s1\">Depuis le 23 octobre et jusqu\u2019au 27 du m\u00eame mois, la ville d\u2019Agadir vibre aux rythmes de la 3\u00e8me \u00e9dition de l\u2019Anmoggar N Jazz \u00e0 la salle municipale Brahim Radi.<\/span><\/p>\n<p class=\"p2\"><span class=\"s1\">Apr\u00e8s le succ\u00e8s des deux premi\u00e8res \u00e9ditions en 2017 et en 2018, qui ont accueilli plus de 3.500 personnes venues d\u00e9couvrir les 19 formations invit\u00e9es, l\u2019Anmoggar N Jazz revient avec un programme exceptionnel pour assouvir la soif des m\u00e9lomanes gadiris.\u00a0<\/span><\/p>\n<p class=\"p2\"><span class=\"s1\"><em>\u00abPour r\u00e9pondre aux attentes du public et devant l\u2019engouement fantastique qui s\u2019est cr\u00e9\u00e9 autour de cet \u00e9v\u00e8nement culturel majeur, l\u2019Association Anmoggar N Jazz proposera une programmation artistique in\u00e9dite avec la participation de Joel Hierrezuelo quintet, Jorge Pardo quartet, Sarab Sextet, Pierre Durand quartet, Hailey Tuck quintet, Enzo Carniel quartet, Eric Legnini trio, Only New Jazz band, Orlando Maraca &#038; Ramon Valle quintet, Wajdi Riahi quintet et Arnaud Dolmen quartet ainsi qu\u2019Aymane Kochaina, le laur\u00e9at 2019 d\u2019Amsli Amaynou, tremplin national marocain, organis\u00e9 dans le cadre du partenariat entre le festival fran\u00e7ais Jazz \u00e0 l\u2019\u00e9tage et l\u2019Anmoggar N Jazz et qui permet \u00e0 un jeune artiste d\u2019obtenir un accompagnement et une aide au d\u00e9veloppement de sa carri\u00e8re\u00bb,<\/em> apprend-on aupr\u00e8s de l\u2019association \u00e9ponyme organisatrice de cet \u00e9v\u00e8nement.<\/span><\/p>\n<p class=\"p2\"><span class=\"s1\">Ce dernier est aussi l\u2019occasion de multiples rencontres avec des artistes locaux, d\u2019ateliers, de workshops et de d\u00e9bats autour de th\u00e9matiques li\u00e9es au jazz, \u00e0 son enseignement et aux pratiques artistiques en g\u00e9n\u00e9ral. Un travail de m\u00e9diation culturelle et d\u2019actions transversales est engag\u00e9, notamment avec les associations socioculturelles, les \u00e9coles et le conservatoire de musique.<\/span><\/p>\n<p class=\"p2\"><span class=\"s1\">\u00c0 l\u2019instar de la deuxi\u00e8me \u00e9dition de l\u2019Anmoggar N Jazz, une quinzaine de techniciens et r\u00e9gisseurs va b\u00e9n\u00e9ficier d\u2019une formation th\u00e9orique et pratique en amont du festival. Cette formation est dispens\u00e9e par Pierre Bianchi, r\u00e9gisseur g\u00e9n\u00e9ral du festival, et Patrick Marguerie. Cette action s\u2019inscrit dans une volont\u00e9 de favoriser le d\u00e9veloppement et de valoriser les forces vives du Maroc, en particulier dans la r\u00e9gion du Souss-Massa, sur le long terme, afin de cr\u00e9er un vivier de techniciens du spectacle professionnels, capables \u00e0 terme de g\u00e9rer en pleine autonomie les grands \u00e9v\u00e8nements culturels. Alors que l\u2019association Jazzawiya anime un stand au village de l\u2019Anmoggar N Jazz avec une exposition des instruments de musique et une animation musicale inter-concerts avec les groupes Gnawa d\u2019Agadir et Isemgane Oulad Sidi durant 5 jours.<\/span><\/p>\n<p class=\"p2\"><span class=\"s1\">Des master class sont \u00e9galement au menu \u00e0 destination de musiciens amateurs, les \u00e9l\u00e8ves du conservatoire municipal ainsi qu\u2019au public. Au contact d\u2019artistes de renomm\u00e9e internationale, les participants auront l\u2019occasion de d\u00e9couvrir de nouvelles pratiques, de nouveaux styles et d\u2019approfondir leur technique.<\/span><\/p>\n<p class=\"p2\"><span class=\"s1\">Pour rappel, ce festival est organis\u00e9 avec le soutien officiel de la wilaya d\u2019Agadir et du consulat g\u00e9n\u00e9ral de France \u00e0 Agadir, et en partenariat avec la r\u00e9gion du Souss-Massa, la commune d\u2019Agadir, le Conseil r\u00e9gional du tourisme d\u2019Agadir Souss-Massa et l\u2019Institut fran\u00e7ais d\u2019Agadir.<\/span><\/p>\n<p>Auteur: Mohamed Laabid<br \/>\n<a href=\"http:\/\/aujourdhui.ma\/culture\/anmoggar-n-jazz-2019-une-programmation-artistique-inedite\">Cliquez ici pour lire l&rsquo;article depuis sa source.<\/a><\/p>\n","protected":false},"excerpt":{"rendered":"<p>Le festival est \u00e0 sa troisi\u00e8me \u00e9dition Au contact d\u2019artistes de renomm\u00e9e internationale, les participants auront l\u2019occasion de d\u00e9couvrir de nouvelles pratiques, de nouveaux styles et d\u2019approfondir leur technique. Depuis le 23 octobre et jusqu\u2019au 27 du m\u00eame mois, la ville d\u2019Agadir vibre aux rythmes de la 3\u00e8me \u00e9dition de l\u2019Anmoggar N Jazz \u00e0 la [&hellip;]<\/p>\n","protected":false},"author":1759,"featured_media":0,"comment_status":"closed","ping_status":"closed","sticky":false,"template":"","format":"standard","meta":{"fifu_image_url":"","fifu_image_alt":"","footnotes":""},"categories":[73,54],"tags":[],"class_list":["post-65353","post","type-post","status-publish","format-standard","hentry","category-actualite","category-maroc"],"_links":{"self":[{"href":"https:\/\/linitiative.ca\/International\/wp-json\/wp\/v2\/posts\/65353","targetHints":{"allow":["GET"]}}],"collection":[{"href":"https:\/\/linitiative.ca\/International\/wp-json\/wp\/v2\/posts"}],"about":[{"href":"https:\/\/linitiative.ca\/International\/wp-json\/wp\/v2\/types\/post"}],"author":[{"embeddable":true,"href":"https:\/\/linitiative.ca\/International\/wp-json\/wp\/v2\/users\/1759"}],"replies":[{"embeddable":true,"href":"https:\/\/linitiative.ca\/International\/wp-json\/wp\/v2\/comments?post=65353"}],"version-history":[{"count":0,"href":"https:\/\/linitiative.ca\/International\/wp-json\/wp\/v2\/posts\/65353\/revisions"}],"wp:attachment":[{"href":"https:\/\/linitiative.ca\/International\/wp-json\/wp\/v2\/media?parent=65353"}],"wp:term":[{"taxonomy":"category","embeddable":true,"href":"https:\/\/linitiative.ca\/International\/wp-json\/wp\/v2\/categories?post=65353"},{"taxonomy":"post_tag","embeddable":true,"href":"https:\/\/linitiative.ca\/International\/wp-json\/wp\/v2\/tags?post=65353"}],"curies":[{"name":"wp","href":"https:\/\/api.w.org\/{rel}","templated":true}]}}