{"id":65355,"date":"2019-10-24T06:00:00","date_gmt":"2019-10-24T10:00:00","guid":{"rendered":"https:\/\/linitiative.ca\/International\/une-cargaison-de-105-tonnes-de-clementine-livree-cette-semaine\/"},"modified":"2019-10-24T06:00:00","modified_gmt":"2019-10-24T10:00:00","slug":"une-cargaison-de-105-tonnes-de-clementine-livree-cette-semaine","status":"publish","type":"post","link":"https:\/\/linitiative.ca\/International\/une-cargaison-de-105-tonnes-de-clementine-livree-cette-semaine\/","title":{"rendered":"Une cargaison de 105 tonnes de cl\u00e9mentine  livr\u00e9e cette semaine"},"content":{"rendered":"<div id=\"originalText\" readability=\"45\">\n<p>La ville de S\u00e8te, une r\u00e9gion portuaire du sud-est de la France, situ\u00e9e en Occitanie, a f\u00eat\u00e9 hier les 50 ans d\u2019importation des agrumes alg\u00e9riens et la premi\u00e8re campagne 1969-1970 de livraisons de primeurs et d\u2019agrumes en partance de notre pays.\u00a0<\/p>\n<p>Selon la presse locale, le cargo Maguelond devra livrer cette semaine 105 tonnes de cl\u00e9mentine Monr\u00e9al en provenance de Mostaganem, alors qu\u2019un autre arrivage est pr\u00e9vu d\u00e8s samedi prochain. D\u2019autres op\u00e9rations d\u2019importation concerneront les oranges et les mandarines de la ville de Mostaganem, \u00e0 raison de trois ou quatre chargements par semaine.<\/p>\n<\/div>\n<div id=\"text_core\" readability=\"45\">\n<p>La ville de S\u00e8te, une r\u00e9gion portuaire du sud-est de la France, situ\u00e9e en Occitanie, a f\u00eat\u00e9 hier les 50 ans d\u2019importation des agrumes alg\u00e9riens et la premi\u00e8re campagne 1969-1970 de livraisons de primeurs et d\u2019agrumes en partance de notre pays.\u00a0<\/p>\n<p>Selon la presse locale, le cargo Maguelond devra livrer cette semaine 105 tonnes de cl\u00e9mentine Monr\u00e9al en provenance de Mostaganem, alors qu\u2019un autre arrivage est pr\u00e9vu d\u00e8s samedi prochain. D\u2019autres op\u00e9rations d\u2019importation concerneront les oranges et les mandarines de la ville de Mostaganem, \u00e0 raison de trois ou quatre chargements par semaine.<\/p>\n<\/div>\n<p>Auteur:<br \/>\n<a href=\"https:\/\/www.liberte-algerie.com\/radar\/une-cargaison-de-105-tonnes-de-clementine-livree-cette-semaine-326589\">Cliquez ici pour lire l&rsquo;article depuis sa source.<\/a><\/p>\n","protected":false},"excerpt":{"rendered":"<p>La ville de S\u00e8te, une r\u00e9gion portuaire du sud-est de la France, situ\u00e9e en Occitanie, a f\u00eat\u00e9 hier les 50 ans d\u2019importation des agrumes alg\u00e9riens et la premi\u00e8re campagne 1969-1970 de livraisons de primeurs et d\u2019agrumes en partance de notre pays.\u00a0 Selon la presse locale, le cargo Maguelond devra livrer cette semaine 105 tonnes de [&hellip;]<\/p>\n","protected":false},"author":1742,"featured_media":0,"comment_status":"closed","ping_status":"closed","sticky":false,"template":"","format":"standard","meta":{"fifu_image_url":"","fifu_image_alt":"","footnotes":""},"categories":[73,53],"tags":[],"class_list":["post-65355","post","type-post","status-publish","format-standard","hentry","category-actualite","category-algerie"],"_links":{"self":[{"href":"https:\/\/linitiative.ca\/International\/wp-json\/wp\/v2\/posts\/65355","targetHints":{"allow":["GET"]}}],"collection":[{"href":"https:\/\/linitiative.ca\/International\/wp-json\/wp\/v2\/posts"}],"about":[{"href":"https:\/\/linitiative.ca\/International\/wp-json\/wp\/v2\/types\/post"}],"author":[{"embeddable":true,"href":"https:\/\/linitiative.ca\/International\/wp-json\/wp\/v2\/users\/1742"}],"replies":[{"embeddable":true,"href":"https:\/\/linitiative.ca\/International\/wp-json\/wp\/v2\/comments?post=65355"}],"version-history":[{"count":0,"href":"https:\/\/linitiative.ca\/International\/wp-json\/wp\/v2\/posts\/65355\/revisions"}],"wp:attachment":[{"href":"https:\/\/linitiative.ca\/International\/wp-json\/wp\/v2\/media?parent=65355"}],"wp:term":[{"taxonomy":"category","embeddable":true,"href":"https:\/\/linitiative.ca\/International\/wp-json\/wp\/v2\/categories?post=65355"},{"taxonomy":"post_tag","embeddable":true,"href":"https:\/\/linitiative.ca\/International\/wp-json\/wp\/v2\/tags?post=65355"}],"curies":[{"name":"wp","href":"https:\/\/api.w.org\/{rel}","templated":true}]}}