{"id":65356,"date":"2019-10-24T06:00:00","date_gmt":"2019-10-24T10:00:00","guid":{"rendered":"https:\/\/linitiative.ca\/International\/la-presse-independante-decline-linvitation-du-wali-de-bejaia\/"},"modified":"2019-10-24T06:00:00","modified_gmt":"2019-10-24T10:00:00","slug":"la-presse-independante-decline-linvitation-du-wali-de-bejaia","status":"publish","type":"post","link":"https:\/\/linitiative.ca\/International\/la-presse-independante-decline-linvitation-du-wali-de-bejaia\/","title":{"rendered":"La presse ind\u00e9pendante d\u00e9cline l\u2019invitation du wali de B\u00e9ja\u00efa"},"content":{"rendered":"<div id=\"originalText\" readability=\"44\">\n<p>Les journalistes de la presse ind\u00e9pendante de la wilaya de B\u00e9ja\u00efa ont d\u00e9clin\u00e9 l\u2019invitation du wali Ahmed Ma\u00e2bed qui les a convi\u00e9s \u00e0 une c\u00e9r\u00e9monie organis\u00e9e mardi dernier, au stade de l\u2019Opow, \u00e0 l\u2019occasion de la c\u00e9l\u00e9bration officielle de la journ\u00e9e nationale de la libert\u00e9 de la presse qui co\u00efncide avec la date du 22 octobre de chaque ann\u00e9e.<\/p>\n<p>En effet, seuls les journalistes des m\u00e9dias publics ont daign\u00e9 prendre part \u00e0 cette rencontre, au terme de laquelle le wali de B\u00e9ja\u00efa et certains membres de son ex\u00e9cutif ont remis des\u00a0m\u00e9dailles aux professionnels de la presse ayant particip\u00e9 au tournoi de football organis\u00e9 pour la circonstance au stade de l\u2019Unit\u00e9 Maghr\u00e9bine. Le geste des repr\u00e9sentants de la presse ind\u00e9pendante a \u00e9t\u00e9 salu\u00e9 sur les r\u00e9seaux sociaux.<\/p>\n<\/div>\n<div id=\"text_core\" readability=\"44\">\n<p>Les journalistes de la presse ind\u00e9pendante de la wilaya de B\u00e9ja\u00efa ont d\u00e9clin\u00e9 l\u2019invitation du wali Ahmed Ma\u00e2bed qui les a convi\u00e9s \u00e0 une c\u00e9r\u00e9monie organis\u00e9e mardi dernier, au stade de l\u2019Opow, \u00e0 l\u2019occasion de la c\u00e9l\u00e9bration officielle de la journ\u00e9e nationale de la libert\u00e9 de la presse qui co\u00efncide avec la date du 22 octobre de chaque ann\u00e9e.<\/p>\n<p>En effet, seuls les journalistes des m\u00e9dias publics ont daign\u00e9 prendre part \u00e0 cette rencontre, au terme de laquelle le wali de B\u00e9ja\u00efa et certains membres de son ex\u00e9cutif ont remis des\u00a0m\u00e9dailles aux professionnels de la presse ayant particip\u00e9 au tournoi de football organis\u00e9 pour la circonstance au stade de l\u2019Unit\u00e9 Maghr\u00e9bine. Le geste des repr\u00e9sentants de la presse ind\u00e9pendante a \u00e9t\u00e9 salu\u00e9 sur les r\u00e9seaux sociaux.<\/p>\n<\/div>\n<p>Auteur:<br \/>\n<a href=\"https:\/\/www.liberte-algerie.com\/radar\/la-presse-independante-decline-linvitation-du-wali-de-bejaia-326588\">Cliquez ici pour lire l&rsquo;article depuis sa source.<\/a><\/p>\n","protected":false},"excerpt":{"rendered":"<p>Les journalistes de la presse ind\u00e9pendante de la wilaya de B\u00e9ja\u00efa ont d\u00e9clin\u00e9 l\u2019invitation du wali Ahmed Ma\u00e2bed qui les a convi\u00e9s \u00e0 une c\u00e9r\u00e9monie organis\u00e9e mardi dernier, au stade de l\u2019Opow, \u00e0 l\u2019occasion de la c\u00e9l\u00e9bration officielle de la journ\u00e9e nationale de la libert\u00e9 de la presse qui co\u00efncide avec la date du 22 [&hellip;]<\/p>\n","protected":false},"author":1742,"featured_media":0,"comment_status":"closed","ping_status":"closed","sticky":false,"template":"","format":"standard","meta":{"fifu_image_url":"","fifu_image_alt":"","footnotes":""},"categories":[73,53],"tags":[],"class_list":["post-65356","post","type-post","status-publish","format-standard","hentry","category-actualite","category-algerie"],"_links":{"self":[{"href":"https:\/\/linitiative.ca\/International\/wp-json\/wp\/v2\/posts\/65356","targetHints":{"allow":["GET"]}}],"collection":[{"href":"https:\/\/linitiative.ca\/International\/wp-json\/wp\/v2\/posts"}],"about":[{"href":"https:\/\/linitiative.ca\/International\/wp-json\/wp\/v2\/types\/post"}],"author":[{"embeddable":true,"href":"https:\/\/linitiative.ca\/International\/wp-json\/wp\/v2\/users\/1742"}],"replies":[{"embeddable":true,"href":"https:\/\/linitiative.ca\/International\/wp-json\/wp\/v2\/comments?post=65356"}],"version-history":[{"count":0,"href":"https:\/\/linitiative.ca\/International\/wp-json\/wp\/v2\/posts\/65356\/revisions"}],"wp:attachment":[{"href":"https:\/\/linitiative.ca\/International\/wp-json\/wp\/v2\/media?parent=65356"}],"wp:term":[{"taxonomy":"category","embeddable":true,"href":"https:\/\/linitiative.ca\/International\/wp-json\/wp\/v2\/categories?post=65356"},{"taxonomy":"post_tag","embeddable":true,"href":"https:\/\/linitiative.ca\/International\/wp-json\/wp\/v2\/tags?post=65356"}],"curies":[{"name":"wp","href":"https:\/\/api.w.org\/{rel}","templated":true}]}}