{"id":65357,"date":"2019-10-24T06:00:00","date_gmt":"2019-10-24T10:00:00","guid":{"rendered":"https:\/\/linitiative.ca\/International\/lalgerie-representee-a-geneve\/"},"modified":"2019-10-24T06:00:00","modified_gmt":"2019-10-24T10:00:00","slug":"lalgerie-representee-a-geneve","status":"publish","type":"post","link":"https:\/\/linitiative.ca\/International\/lalgerie-representee-a-geneve\/","title":{"rendered":"L\u2019Alg\u00e9rie repr\u00e9sent\u00e9e \u00e0 Gen\u00e8ve"},"content":{"rendered":"<div id=\"originalText\" readability=\"44\">\n<p>L\u2019Alg\u00e9rie a \u00e9t\u00e9 repr\u00e9sent\u00e9e, durant la semaine \u00e9coul\u00e9e, aux premi\u00e8res Journ\u00e9es des m\u00e9dias et du journalisme en Afrique (JMJA 2019) qui s\u2019\u00e9taient d\u00e9roul\u00e9es au Palais des Nations unies \u00e0 Gen\u00e8ve (Suisse) et d\u00e9di\u00e9es aux \u201cCons\u00e9quences du changement climatique en Afrique\u201d.<\/p>\n<p>Il s\u2019agit d\u2019une initiative d\u2019Africa-21 qui a invit\u00e9 une quinzaine de journalistes du continent africain pour leur permettre d\u2019\u00e9changer et de d\u00e9battre des exp\u00e9riences avec des experts internationaux sur \u201cLes effets du changement climatique en Afrique\u201d, \u201cLes donn\u00e9es scientifiques sur l\u2019\u00e9volution du climat\u201d, \u201cLes cons\u00e9quences sociologiques et \u00e9conomiques des changements climatiques et leurs aspects politiques\u201d. \u00c0 l\u2019issue de cette rencontre, Africa-21 a cr\u00e9\u00e9 un r\u00e9seau de journalistes de ce sujet en Afrique.<\/p>\n<\/div>\n<div id=\"text_core\" readability=\"44\">\n<p>L\u2019Alg\u00e9rie a \u00e9t\u00e9 repr\u00e9sent\u00e9e, durant la semaine \u00e9coul\u00e9e, aux premi\u00e8res Journ\u00e9es des m\u00e9dias et du journalisme en Afrique (JMJA 2019) qui s\u2019\u00e9taient d\u00e9roul\u00e9es au Palais des Nations unies \u00e0 Gen\u00e8ve (Suisse) et d\u00e9di\u00e9es aux \u201cCons\u00e9quences du changement climatique en Afrique\u201d.<\/p>\n<p>Il s\u2019agit d\u2019une initiative d\u2019Africa-21 qui a invit\u00e9 une quinzaine de journalistes du continent africain pour leur permettre d\u2019\u00e9changer et de d\u00e9battre des exp\u00e9riences avec des experts internationaux sur \u201cLes effets du changement climatique en Afrique\u201d, \u201cLes donn\u00e9es scientifiques sur l\u2019\u00e9volution du climat\u201d, \u201cLes cons\u00e9quences sociologiques et \u00e9conomiques des changements climatiques et leurs aspects politiques\u201d. \u00c0 l\u2019issue de cette rencontre, Africa-21 a cr\u00e9\u00e9 un r\u00e9seau de journalistes de ce sujet en Afrique.<\/p>\n<\/div>\n<p>Auteur:<br \/>\n<a href=\"https:\/\/www.liberte-algerie.com\/radar\/lalgerie-representee-a-geneve-326587\">Cliquez ici pour lire l&rsquo;article depuis sa source.<\/a><\/p>\n","protected":false},"excerpt":{"rendered":"<p>L\u2019Alg\u00e9rie a \u00e9t\u00e9 repr\u00e9sent\u00e9e, durant la semaine \u00e9coul\u00e9e, aux premi\u00e8res Journ\u00e9es des m\u00e9dias et du journalisme en Afrique (JMJA 2019) qui s\u2019\u00e9taient d\u00e9roul\u00e9es au Palais des Nations unies \u00e0 Gen\u00e8ve (Suisse) et d\u00e9di\u00e9es aux \u201cCons\u00e9quences du changement climatique en Afrique\u201d. Il s\u2019agit d\u2019une initiative d\u2019Africa-21 qui a invit\u00e9 une quinzaine de journalistes du continent africain [&hellip;]<\/p>\n","protected":false},"author":1742,"featured_media":0,"comment_status":"closed","ping_status":"closed","sticky":false,"template":"","format":"standard","meta":{"fifu_image_url":"","fifu_image_alt":"","footnotes":""},"categories":[73,53],"tags":[],"class_list":["post-65357","post","type-post","status-publish","format-standard","hentry","category-actualite","category-algerie"],"_links":{"self":[{"href":"https:\/\/linitiative.ca\/International\/wp-json\/wp\/v2\/posts\/65357","targetHints":{"allow":["GET"]}}],"collection":[{"href":"https:\/\/linitiative.ca\/International\/wp-json\/wp\/v2\/posts"}],"about":[{"href":"https:\/\/linitiative.ca\/International\/wp-json\/wp\/v2\/types\/post"}],"author":[{"embeddable":true,"href":"https:\/\/linitiative.ca\/International\/wp-json\/wp\/v2\/users\/1742"}],"replies":[{"embeddable":true,"href":"https:\/\/linitiative.ca\/International\/wp-json\/wp\/v2\/comments?post=65357"}],"version-history":[{"count":0,"href":"https:\/\/linitiative.ca\/International\/wp-json\/wp\/v2\/posts\/65357\/revisions"}],"wp:attachment":[{"href":"https:\/\/linitiative.ca\/International\/wp-json\/wp\/v2\/media?parent=65357"}],"wp:term":[{"taxonomy":"category","embeddable":true,"href":"https:\/\/linitiative.ca\/International\/wp-json\/wp\/v2\/categories?post=65357"},{"taxonomy":"post_tag","embeddable":true,"href":"https:\/\/linitiative.ca\/International\/wp-json\/wp\/v2\/tags?post=65357"}],"curies":[{"name":"wp","href":"https:\/\/api.w.org\/{rel}","templated":true}]}}