{"id":65358,"date":"2019-10-24T06:00:00","date_gmt":"2019-10-24T10:00:00","guid":{"rendered":"https:\/\/linitiative.ca\/International\/vu-en-tunisie\/"},"modified":"2019-10-24T06:00:00","modified_gmt":"2019-10-24T10:00:00","slug":"vu-en-tunisie","status":"publish","type":"post","link":"https:\/\/linitiative.ca\/International\/vu-en-tunisie\/","title":{"rendered":"Vu en Tunisie"},"content":{"rendered":"<div id=\"originalText\" readability=\"38\">\n<p class=\"c10\">La c\u00e9r\u00e9monie de prestation de serment du pr\u00e9sident tunisien, fra\u00eechement \u00e9lu, Ka\u00efs Sa\u00efed, a \u00e9t\u00e9 marqu\u00e9e par la pr\u00e9sence au premier rang des invit\u00e9s des repr\u00e9sentants des trois religions. Une belle image et une le\u00e7on de coexistence pacifique entre les religions que la Tunisie donne au monde.<\/p>\n<\/div>\n<div id=\"text_core\" readability=\"38\">\n<p class=\"c10\">La c\u00e9r\u00e9monie de prestation de serment du pr\u00e9sident tunisien, fra\u00eechement \u00e9lu, Ka\u00efs Sa\u00efed, a \u00e9t\u00e9 marqu\u00e9e par la pr\u00e9sence au premier rang des invit\u00e9s des repr\u00e9sentants des trois religions. Une belle image et une le\u00e7on de coexistence pacifique entre les religions que la Tunisie donne au monde.<\/p>\n<\/div>\n<p>Auteur:<br \/>\n<a href=\"https:\/\/www.liberte-algerie.com\/radar\/vu-en-tunisie-326586\">Cliquez ici pour lire l&rsquo;article depuis sa source.<\/a><\/p>\n","protected":false},"excerpt":{"rendered":"<p>La c\u00e9r\u00e9monie de prestation de serment du pr\u00e9sident tunisien, fra\u00eechement \u00e9lu, Ka\u00efs Sa\u00efed, a \u00e9t\u00e9 marqu\u00e9e par la pr\u00e9sence au premier rang des invit\u00e9s des repr\u00e9sentants des trois religions. Une belle image et une le\u00e7on de coexistence pacifique entre les religions que la Tunisie donne au monde. La c\u00e9r\u00e9monie de prestation de serment du pr\u00e9sident [&hellip;]<\/p>\n","protected":false},"author":1742,"featured_media":0,"comment_status":"closed","ping_status":"closed","sticky":false,"template":"","format":"standard","meta":{"fifu_image_url":"","fifu_image_alt":"","footnotes":""},"categories":[73,53],"tags":[],"class_list":["post-65358","post","type-post","status-publish","format-standard","hentry","category-actualite","category-algerie"],"_links":{"self":[{"href":"https:\/\/linitiative.ca\/International\/wp-json\/wp\/v2\/posts\/65358","targetHints":{"allow":["GET"]}}],"collection":[{"href":"https:\/\/linitiative.ca\/International\/wp-json\/wp\/v2\/posts"}],"about":[{"href":"https:\/\/linitiative.ca\/International\/wp-json\/wp\/v2\/types\/post"}],"author":[{"embeddable":true,"href":"https:\/\/linitiative.ca\/International\/wp-json\/wp\/v2\/users\/1742"}],"replies":[{"embeddable":true,"href":"https:\/\/linitiative.ca\/International\/wp-json\/wp\/v2\/comments?post=65358"}],"version-history":[{"count":0,"href":"https:\/\/linitiative.ca\/International\/wp-json\/wp\/v2\/posts\/65358\/revisions"}],"wp:attachment":[{"href":"https:\/\/linitiative.ca\/International\/wp-json\/wp\/v2\/media?parent=65358"}],"wp:term":[{"taxonomy":"category","embeddable":true,"href":"https:\/\/linitiative.ca\/International\/wp-json\/wp\/v2\/categories?post=65358"},{"taxonomy":"post_tag","embeddable":true,"href":"https:\/\/linitiative.ca\/International\/wp-json\/wp\/v2\/tags?post=65358"}],"curies":[{"name":"wp","href":"https:\/\/api.w.org\/{rel}","templated":true}]}}