{"id":65359,"date":"2019-10-24T06:00:00","date_gmt":"2019-10-24T10:00:00","guid":{"rendered":"https:\/\/linitiative.ca\/International\/grogne-chez-les-assureurs\/"},"modified":"2019-10-24T06:00:00","modified_gmt":"2019-10-24T10:00:00","slug":"grogne-chez-les-assureurs","status":"publish","type":"post","link":"https:\/\/linitiative.ca\/International\/grogne-chez-les-assureurs\/","title":{"rendered":"Grogne chez les assureurs"},"content":{"rendered":"<div id=\"originalText\" readability=\"37\">\n<p class=\"c10\">Les assureurs sont en col\u00e8re suite \u00e0 la proposition faite dans le projet de loi de finances 2020 et relative \u00e0 l&rsquo;instauration de la taxe sur la pollution automobile et l&rsquo;imputation de sa collecte aux compagnies d&rsquo;assurance. Certains responsables des compagnies d\u2019assurances publiques et priv\u00e9es ont commenc\u00e9 \u00e0 se concerter pour interpeller les d\u00e9put\u00e9s de la commission finances de l\u2019APN afin de demander, soit de dispenser les assureurs de sa collecte \u00e9tant donn\u00e9 ses cons\u00e9quences d\u00e9sastreuses sur les contrats automobiles, soit une r\u00e9mun\u00e9ration cons\u00e9quente d&rsquo;au moins 45% du montant de la taxe \u00e0 titre de compensation du pr\u00e9judice subi.<\/p>\n<\/div>\n<div id=\"text_core\" readability=\"37\">\n<p class=\"c10\">Les assureurs sont en col\u00e8re suite \u00e0 la proposition faite dans le projet de loi de finances 2020 et relative \u00e0 l&rsquo;instauration de la taxe sur la pollution automobile et l&rsquo;imputation de sa collecte aux compagnies d&rsquo;assurance. Certains responsables des compagnies d\u2019assurances publiques et priv\u00e9es ont commenc\u00e9 \u00e0 se concerter pour interpeller les d\u00e9put\u00e9s de la commission finances de l\u2019APN afin de demander, soit de dispenser les assureurs de sa collecte \u00e9tant donn\u00e9 ses cons\u00e9quences d\u00e9sastreuses sur les contrats automobiles, soit une r\u00e9mun\u00e9ration cons\u00e9quente d&rsquo;au moins 45% du montant de la taxe \u00e0 titre de compensation du pr\u00e9judice subi.<\/p>\n<\/div>\n<p>Auteur:<br \/>\n<a href=\"https:\/\/www.liberte-algerie.com\/radar\/grogne-chez-les-assureurs-326585\">Cliquez ici pour lire l&rsquo;article depuis sa source.<\/a><\/p>\n","protected":false},"excerpt":{"rendered":"<p>Les assureurs sont en col\u00e8re suite \u00e0 la proposition faite dans le projet de loi de finances 2020 et relative \u00e0 l&rsquo;instauration de la taxe sur la pollution automobile et l&rsquo;imputation de sa collecte aux compagnies d&rsquo;assurance. Certains responsables des compagnies d\u2019assurances publiques et priv\u00e9es ont commenc\u00e9 \u00e0 se concerter pour interpeller les d\u00e9put\u00e9s de [&hellip;]<\/p>\n","protected":false},"author":1742,"featured_media":0,"comment_status":"closed","ping_status":"closed","sticky":false,"template":"","format":"standard","meta":{"fifu_image_url":"","fifu_image_alt":"","footnotes":""},"categories":[73,53],"tags":[],"class_list":["post-65359","post","type-post","status-publish","format-standard","hentry","category-actualite","category-algerie"],"_links":{"self":[{"href":"https:\/\/linitiative.ca\/International\/wp-json\/wp\/v2\/posts\/65359","targetHints":{"allow":["GET"]}}],"collection":[{"href":"https:\/\/linitiative.ca\/International\/wp-json\/wp\/v2\/posts"}],"about":[{"href":"https:\/\/linitiative.ca\/International\/wp-json\/wp\/v2\/types\/post"}],"author":[{"embeddable":true,"href":"https:\/\/linitiative.ca\/International\/wp-json\/wp\/v2\/users\/1742"}],"replies":[{"embeddable":true,"href":"https:\/\/linitiative.ca\/International\/wp-json\/wp\/v2\/comments?post=65359"}],"version-history":[{"count":0,"href":"https:\/\/linitiative.ca\/International\/wp-json\/wp\/v2\/posts\/65359\/revisions"}],"wp:attachment":[{"href":"https:\/\/linitiative.ca\/International\/wp-json\/wp\/v2\/media?parent=65359"}],"wp:term":[{"taxonomy":"category","embeddable":true,"href":"https:\/\/linitiative.ca\/International\/wp-json\/wp\/v2\/categories?post=65359"},{"taxonomy":"post_tag","embeddable":true,"href":"https:\/\/linitiative.ca\/International\/wp-json\/wp\/v2\/tags?post=65359"}],"curies":[{"name":"wp","href":"https:\/\/api.w.org\/{rel}","templated":true}]}}