{"id":65360,"date":"2019-10-23T18:49:58","date_gmt":"2019-10-23T22:49:58","guid":{"rendered":"https:\/\/linitiative.ca\/International\/la-conference-sur-la-justice-sanctionnee-par-la-declaration-de-marrakech\/"},"modified":"2019-10-23T18:49:58","modified_gmt":"2019-10-23T22:49:58","slug":"la-conference-sur-la-justice-sanctionnee-par-la-declaration-de-marrakech","status":"publish","type":"post","link":"https:\/\/linitiative.ca\/International\/la-conference-sur-la-justice-sanctionnee-par-la-declaration-de-marrakech\/","title":{"rendered":"La conf\u00e9rence sur la justice sanctionn\u00e9e par la d\u00e9claration de Marrakech"},"content":{"rendered":"<div>\n<div style=\"margin-bottom:20px;\"><img loading=\"lazy\" decoding=\"async\" width=\"750\" height=\"430\" src=\"http:\/\/www.mapmarrakech.ma\/map\/uploads\/2019\/10\/videodeclaration.jpg\" class=\"attachment-post-thumbnail size-post-thumbnail wp-post-image\" alt=\"\" srcset=\"http:\/\/www.mapmarrakech.ma\/map\/uploads\/2019\/10\/videodeclaration.jpg 750w, http:\/\/www.mapmarrakech.ma\/map\/uploads\/2019\/10\/videodeclaration-300x172.jpg 300w\" sizes=\"auto, (max-width: 750px) 100vw, 750px\"><\/div>\n<p>The post <a rel=\"nofollow\" href=\"http:\/\/www.mapmarrakech.ma\/fr\/marrakech-la-conference-internationale-sur-la-justice-sanctionnee-par-la-declaration-de-marrakech\/\">La conf\u00e9rence sur la justice sanctionn\u00e9e par la d\u00e9claration de Marrakech<\/a> appeared first on <a rel=\"nofollow\" href=\"http:\/\/www.mapmarrakech.ma\/fr\">MapMarrakech<\/a>.<\/p>\n<\/div>\n<p>Auteur: Meriem IGASS<br \/>\n<a href=\"http:\/\/www.mapmarrakech.ma\/fr\/marrakech-la-conference-internationale-sur-la-justice-sanctionnee-par-la-declaration-de-marrakech\/\">Cliquez ici pour lire l&rsquo;article depuis sa source.<\/a><\/p>\n","protected":false},"excerpt":{"rendered":"<p>The post La conf\u00e9rence sur la justice sanctionn\u00e9e par la d\u00e9claration de Marrakech appeared first on MapMarrakech. Auteur: Meriem IGASS Cliquez ici pour lire l&rsquo;article depuis sa source.<\/p>\n","protected":false},"author":1788,"featured_media":65361,"comment_status":"closed","ping_status":"closed","sticky":false,"template":"","format":"standard","meta":{"fifu_image_url":"","fifu_image_alt":"","footnotes":""},"categories":[54,76],"tags":[],"class_list":["post-65360","post","type-post","status-publish","format-standard","has-post-thumbnail","hentry","category-maroc","category-regions"],"_links":{"self":[{"href":"https:\/\/linitiative.ca\/International\/wp-json\/wp\/v2\/posts\/65360","targetHints":{"allow":["GET"]}}],"collection":[{"href":"https:\/\/linitiative.ca\/International\/wp-json\/wp\/v2\/posts"}],"about":[{"href":"https:\/\/linitiative.ca\/International\/wp-json\/wp\/v2\/types\/post"}],"author":[{"embeddable":true,"href":"https:\/\/linitiative.ca\/International\/wp-json\/wp\/v2\/users\/1788"}],"replies":[{"embeddable":true,"href":"https:\/\/linitiative.ca\/International\/wp-json\/wp\/v2\/comments?post=65360"}],"version-history":[{"count":0,"href":"https:\/\/linitiative.ca\/International\/wp-json\/wp\/v2\/posts\/65360\/revisions"}],"wp:featuredmedia":[{"embeddable":true,"href":"https:\/\/linitiative.ca\/International\/wp-json\/"}],"wp:attachment":[{"href":"https:\/\/linitiative.ca\/International\/wp-json\/wp\/v2\/media?parent=65360"}],"wp:term":[{"taxonomy":"category","embeddable":true,"href":"https:\/\/linitiative.ca\/International\/wp-json\/wp\/v2\/categories?post=65360"},{"taxonomy":"post_tag","embeddable":true,"href":"https:\/\/linitiative.ca\/International\/wp-json\/wp\/v2\/tags?post=65360"}],"curies":[{"name":"wp","href":"https:\/\/api.w.org\/{rel}","templated":true}]}}