{"id":65362,"date":"2019-10-24T06:37:35","date_gmt":"2019-10-24T10:37:35","guid":{"rendered":"https:\/\/linitiative.ca\/International\/enseignement-prescolaire-recolte-des-premiers-fruits\/"},"modified":"2019-10-24T06:37:35","modified_gmt":"2019-10-24T10:37:35","slug":"enseignement-prescolaire-recolte-des-premiers-fruits","status":"publish","type":"post","link":"https:\/\/linitiative.ca\/International\/enseignement-prescolaire-recolte-des-premiers-fruits\/","title":{"rendered":"Enseignement pr\u00e9scolaire: R\u00e9colte des premiers fruits"},"content":{"rendered":"<div readability=\"39\">\n<p>Bengu\u00e9rir \u2013 Le Maroc commence \u00e0 r\u00e9colter les premiers fruits de sa strat\u00e9gie visant \u00e0 g\u00e9n\u00e9raliser l\u2019enseignement pr\u00e9scolaire, a soulign\u00e9, mercredi \u00e0 Bengu\u00e9rir, le Wali, Coordonnateur national de l\u2019Initiative nationale pour le d\u00e9veloppement humain (INDH), Mohamed Dardouri.<\/p>\n<\/div>\n<div readability=\"155\">\n<p>\u00ab\u00a0Depuis le lancement de la troisi\u00e8me phase de l\u2019INDH, nous avons mis en place une strat\u00e9gie qui a adopt\u00e9 les meilleures approches internationales dans le domaine de la sant\u00e9 et de l\u2019enseignement pr\u00e9scolaire, tout en veillant \u00e0 associer les minist\u00e8res concern\u00e9s (minist\u00e8re de l\u2019\u00e9ducation nationale et le minist\u00e8re de la sant\u00e9 entre autres), les organisations internationales (UNICEF) et la soci\u00e9t\u00e9 civile\u00a0\u00bb, a-t-il ajout\u00e9 lors de la c\u00e9r\u00e9monie de lancement officiel de la campagne nationale d\u2019information et de sensibilisation pour le d\u00e9veloppement de la petite enfance, organis\u00e9e par l\u2019INDH du 21 octobre au 4 novembre prochain.<\/p>\n<p>Apr\u00e8s avoir affirm\u00e9 que le d\u00e9veloppement de la petite enfance, cl\u00e9 de la croissance socio-\u00e9conomique future d\u2019un pays, est une entreprise \u00e0 plusieurs dimensions et de longue haleine et requiert, \u00e0 ce titre, la mobilisation de tous les citoyens, M. Dardouri a indiqu\u00e9 que quelque 10.000 unit\u00e9s d\u2019enseignement pr\u00e9scolaire seront construites durant les 5 prochaines ann\u00e9es dans le cadre de la troisi\u00e8me phase de l\u2019INDH, alors que 5.000 autres unit\u00e9s b\u00e9n\u00e9ficieront de programmes de mise \u00e0 niveau dans le cadre de ce chantier Royal.<\/p>\n<p>Ce projet d\u2019envergure vise \u00e0 g\u00e9n\u00e9raliser l\u2019acc\u00e8s \u00e0 un enseignement pr\u00e9scolaire de qualit\u00e9, notamment dans les zones rurales et \u00e9loign\u00e9es, qui sera de nature \u00e0 faciliter l\u2019int\u00e9gration scolaire des enfants et la r\u00e9ussite de leurs \u00e9tudes, et favorisera l\u2019am\u00e9lioration du classement du Maroc en ce qui concerne l\u2019indice du capital humain, a-t-il pr\u00e9cis\u00e9, faisant savoir que trois milliards de DH doivent \u00eatre mobilis\u00e9s annuellement pour garantir la r\u00e9ussite et l\u2019atteinte des objectifs fix\u00e9s par l\u2019INDH au sujet de l\u2019enseignement pr\u00e9scolaire.<\/p>\n<p>M.Dardouri, qui a tenu \u00e0 rappeler que l\u2019INDH a \u00e9rig\u00e9 le d\u00e9veloppement de la petite enfance en objectif prioritaire de sa troisi\u00e8me phase lanc\u00e9e en septembre 2018 par Sa Majest\u00e9 le Roi Mohammed VI, a relev\u00e9 que la sant\u00e9 de l\u2019enfant repr\u00e9sente un levier essentiel pour le d\u00e9veloppement du capital humain.<\/p>\n<p>Dans ce cadre, il a fait savoir qu\u2019il sera proc\u00e9d\u00e9 \u00e0 l\u2019\u00e9quipement et la r\u00e9habilitation des centres sanitaires et les \u00ab\u00a0dours Al Omouma\u00a0\u00bb et \u00e0 la construction d\u2019autres, le but \u00e9tant d\u2019assurer un suivi de la sant\u00e9 de la m\u00e8re et de l\u2019enfant et de r\u00e9duire la mortalit\u00e9 maternelle et infantile notamment dans les zones rurales et enclav\u00e9es.<\/p>\n<p>Il s\u2019agit aussi d\u2019am\u00e9liorer la nutrition chez les m\u00e8res et les enfants afin de faire face au retard de croissance chez les enfants, d\u00fb \u00e0 la malnutrition, a-t-il expliqu\u00e9.<\/p>\n<p>Le gouverneur de la province des Rhamna, Aziz Bouignane, a indiqu\u00e9, pour sa part, que le d\u00e9veloppement de la petite enfance constitue un outil efficace et un levier essentiel pour r\u00e9duire les disparit\u00e9s sociales et territoriales.<\/p>\n<p>Un enseignement de qualit\u00e9, une alimentation saine et \u00e9quilibr\u00e9e et un suivi m\u00e9dical sont des \u00e9l\u00e9ments de nature \u00e0 permettre aux enfants de faire face aux d\u00e9fis de la vie et de leur offrir davantage de chances pour r\u00e9ussir que ce soit dans l\u2019\u00e9cole et\/ou en milieu professionnel, a-t-il insist\u00e9.<\/p>\n<p>En d\u00e9pit des acquis et des r\u00e9alisations dans des domaines qui contribuent au d\u00e9veloppement de la petite enfance, notamment la g\u00e9n\u00e9ralisation de la vaccination, le Maroc fait encore face \u00e0 plusieurs d\u00e9fis li\u00e9s essentiellement \u00e0 la r\u00e9duction de la mortalit\u00e9 maternelle et infantile, \u00e0 l\u2019am\u00e9lioration de l\u2019alimentation et \u00e0 la g\u00e9n\u00e9ralisation de l\u2019enseignement pr\u00e9scolaire, a-t-il fait remarquer.<\/p>\n<p>Et de faire noter que le Royaume est en mesure de relever ces d\u00e9fis gr\u00e2ce \u00e0 la convergence des interventions des acteurs et en accordant davantage d\u2019importance \u00e0 la qualit\u00e9 des services et en instaurant des m\u00e9canismes de suivi et d\u2019\u00e9valuation lors de l\u2019\u00e9laboration des projets, mettant\u00a0en exergue le r\u00f4le important jou\u00e9 par l\u2019INDH en identifiant les priorit\u00e9s, en f\u00e9d\u00e9rant les efforts de tous les intervenants et en mobilisant les diff\u00e9rents acteurs (familles, pouvoirs publics, secteur priv\u00e9 et soci\u00e9t\u00e9 civile).<\/p>\n<p>Les autres intervenants, dont des \u00e9lus, des chefs de services ext\u00e9rieurs et des repr\u00e9sentants de la soci\u00e9t\u00e9 civile, ont salu\u00e9 cette initiative visant \u00e0 organiser cette campagne nationale d\u2019information et de sensibilisation pour le d\u00e9veloppement de la petite enfance, appelant \u00e0 proc\u00e9der \u00e0 l\u2019accompagnement et \u00e0 l\u2019\u00e9valuation des projets lors de leur mise en \u0153uvre.<\/p>\n<p>La campagne nationale d\u2019information et de sensibilisation pour le d\u00e9veloppement de la petite enfance a \u00e9t\u00e9 lanc\u00e9e, mercredi, \u00e0 partir de Bengu\u00e9rir.<\/p>\n<p>Cette op\u00e9ration de grande port\u00e9e symbolique intervient en traduction des Hautes Orientations contenues dans le message Royal adress\u00e9 par Sa Majest\u00e9 le Roi Mohammed VI aux participants aux premi\u00e8res Assises nationales du d\u00e9veloppement humain, le 19 septembre 2019.<\/p>\n<p>Elle a pour premier objectif de sensibiliser les citoyens \u00e0 l\u2019importance de cette \u00e9tape initiale de la vie pour le d\u00e9veloppement du capital humain.<\/p>\n<p>Elle vise un tr\u00e8s large public de citoyens avec, cependant, des messages ciblant plus particuli\u00e8rement les parents des enfants en bas \u00e2ge, les professionnels et acteurs du domaine de la petite enfance, ainsi que les responsables et d\u00e9cideurs, appel\u00e9s \u00e0 prendre les mesures ad\u00e9quates en mati\u00e8re de sant\u00e9 maternelle et infantile ou encore d\u2019\u00e9ducation pr\u00e9scolaire.<\/p>\n<p>Des rencontres r\u00e9unissant les parties concern\u00e9es -pouvoirs publics, tissu associatif, repr\u00e9sentants du secteur priv\u00e9 et experts- sont pr\u00e9vues dans le but de faire adh\u00e9rer l\u2019ensemble de ces acteurs \u00e0 cette vision, en plus des visites de terrain dans les provinces et pr\u00e9fectures du Royaume, qui permettront d\u2019\u00e9valuer le bon d\u00e9roulement des r\u00e9alisations et des chantiers de l\u2019INDH en relation avec le d\u00e9veloppement de la petite enfance, notamment la cr\u00e9ation ou la r\u00e9habilitation d\u2019unit\u00e9s pr\u00e9scolaires en milieu rural.<\/p>\n<\/div>\n<p>Auteur: Meriem IGASS<br \/>\n<a href=\"http:\/\/www.mapmarrakech.ma\/fr\/initiative\/\">Cliquez ici pour lire l&rsquo;article depuis sa source.<\/a><\/p>\n","protected":false},"excerpt":{"rendered":"<p>Bengu\u00e9rir \u2013 Le Maroc commence \u00e0 r\u00e9colter les premiers fruits de sa strat\u00e9gie visant \u00e0 g\u00e9n\u00e9raliser l\u2019enseignement pr\u00e9scolaire, a soulign\u00e9, mercredi \u00e0 Bengu\u00e9rir, le Wali, Coordonnateur national de l\u2019Initiative nationale pour le d\u00e9veloppement humain (INDH), Mohamed Dardouri. \u00ab\u00a0Depuis le lancement de la troisi\u00e8me phase de l\u2019INDH, nous avons mis en place une strat\u00e9gie qui a [&hellip;]<\/p>\n","protected":false},"author":1788,"featured_media":0,"comment_status":"closed","ping_status":"closed","sticky":false,"template":"","format":"standard","meta":{"fifu_image_url":"","fifu_image_alt":"","footnotes":""},"categories":[54,76],"tags":[],"class_list":["post-65362","post","type-post","status-publish","format-standard","hentry","category-maroc","category-regions"],"_links":{"self":[{"href":"https:\/\/linitiative.ca\/International\/wp-json\/wp\/v2\/posts\/65362","targetHints":{"allow":["GET"]}}],"collection":[{"href":"https:\/\/linitiative.ca\/International\/wp-json\/wp\/v2\/posts"}],"about":[{"href":"https:\/\/linitiative.ca\/International\/wp-json\/wp\/v2\/types\/post"}],"author":[{"embeddable":true,"href":"https:\/\/linitiative.ca\/International\/wp-json\/wp\/v2\/users\/1788"}],"replies":[{"embeddable":true,"href":"https:\/\/linitiative.ca\/International\/wp-json\/wp\/v2\/comments?post=65362"}],"version-history":[{"count":0,"href":"https:\/\/linitiative.ca\/International\/wp-json\/wp\/v2\/posts\/65362\/revisions"}],"wp:attachment":[{"href":"https:\/\/linitiative.ca\/International\/wp-json\/wp\/v2\/media?parent=65362"}],"wp:term":[{"taxonomy":"category","embeddable":true,"href":"https:\/\/linitiative.ca\/International\/wp-json\/wp\/v2\/categories?post=65362"},{"taxonomy":"post_tag","embeddable":true,"href":"https:\/\/linitiative.ca\/International\/wp-json\/wp\/v2\/tags?post=65362"}],"curies":[{"name":"wp","href":"https:\/\/api.w.org\/{rel}","templated":true}]}}