{"id":65363,"date":"2019-10-24T07:57:19","date_gmt":"2019-10-24T11:57:19","guid":{"rendered":"https:\/\/linitiative.ca\/International\/imlil-la-defense-des-accuses-demande-une-expertise-medicale\/"},"modified":"2019-10-24T07:57:19","modified_gmt":"2019-10-24T11:57:19","slug":"imlil-la-defense-des-accuses-demande-une-expertise-medicale","status":"publish","type":"post","link":"https:\/\/linitiative.ca\/International\/imlil-la-defense-des-accuses-demande-une-expertise-medicale\/","title":{"rendered":"Imlil: La d\u00e9fense des accus\u00e9s demande une expertise m\u00e9dicale"},"content":{"rendered":"<div class=\"single-featured\"><img alt=\"\" data-src=\"http:\/\/www.mapmarrakech.ma\/map\/uploads\/2019\/10\/annexecourdappel-sal\u00e9.jpg\"\/><\/div>\n<div class=\"single-post-excerpt post-excerpt-bc\" readability=\"36\">\n<p>Sal\u00e9 \u2013 La d\u00e9fense des principaux accus\u00e9s dans le meurtre des deux touristes scandinaves \u00e0 Imlil (province d\u2019El Haouz) a renouvel\u00e9 sa requ\u00eate de les soumettre \u00e0 une expertise m\u00e9dicale, lors de l\u2019audience de mercredi devant la Chambre criminelle (2-\u00e8me degr\u00e9) charg\u00e9e des affaires du terrorisme pr\u00e8s l\u2019annexe de la Cour d\u2019appel \u00e0 Sal\u00e9<\/p>\n<\/div>\n<div class=\"entry-content clearfix single-post-content\" readability=\"62\">\n<p>Durant cette audience consacr\u00e9e au r\u00e9quisitoire du parquet et aux plaidoiries des d\u00e9fenses de la partie civile, des accus\u00e9s et de l\u2019Etat, la d\u00e9fense d\u00e9sign\u00e9e dans le cadre de l\u2019assistance judiciaire, a estim\u00e9 que les auteurs de ce crime sont \u00ab\u00a0anormaux et schizophr\u00e8nes \u00bb, \u00e9tant donn\u00e9 que leur acte odieux ne peut \u00eatre commis par des personnes normales.<\/p>\n<p>Les avocats ont demand\u00e9 l\u2019annulation du jugement en premi\u00e8re instance et appel\u00e9 la justice \u00e0 mener des expertises m\u00e9dicales sur les principaux accus\u00e9s pour s\u2019assurer de leur bonne sant\u00e9 mentale.<\/p>\n<p>Le repr\u00e9sentant du minist\u00e8re public a requis la confirmation de la peine capitale \u00e0 l\u2019encontre des trois accus\u00e9s du meurtre des deux touristes \u00ab avec ex\u00e9cution \u00bb, ainsi que l\u2019aggravation de la peine du quatri\u00e8me accus\u00e9 pour la porter de la r\u00e9clusion perp\u00e9tuelle \u00e0 la peine de mort.<\/p>\n<p>La Cour a d\u00e9cid\u00e9 de fixer mercredi prochain pour poursuivre l\u2019audition des plaidoiries de la d\u00e9fense des autres accus\u00e9s.<\/p>\n<p>En juillet dernier, les 24 individus poursuivis dans cette affaire ont \u00e9t\u00e9 condamn\u00e9s en premi\u00e8re instance \u00e0 des peines allant de cinq ans de prison ferme \u00e0 la peine capitale.<\/p>\n<p>Les accus\u00e9s ont \u00e9t\u00e9 poursuivis pour \u00ab\u00a0constitution d\u2019une bande pour pr\u00e9parer et commettre des actes terroristes, atteinte \u00e0 la vie de personnes avec pr\u00e9m\u00e9ditation et possession d\u2019armes \u00e0 feu et tentative de fabrication d\u2019explosifs en violation de la loi, dans le cadre d\u2019un projet collectif visant \u00e0 porter gravement atteinte \u00e0 l\u2019ordre public\u00a0\u00bb.<\/p>\n<\/div>\n<p>Auteur: Meriem IGASS<br \/>\n<a href=\"http:\/\/www.mapmarrakech.ma\/fr\/affaire-dimlil-la-defense-des-accuses-demande-une-expertise-medicale\/\">Cliquez ici pour lire l&rsquo;article depuis sa source.<\/a><\/p>\n","protected":false},"excerpt":{"rendered":"<p>Sal\u00e9 \u2013 La d\u00e9fense des principaux accus\u00e9s dans le meurtre des deux touristes scandinaves \u00e0 Imlil (province d\u2019El Haouz) a renouvel\u00e9 sa requ\u00eate de les soumettre \u00e0 une expertise m\u00e9dicale, lors de l\u2019audience de mercredi devant la Chambre criminelle (2-\u00e8me degr\u00e9) charg\u00e9e des affaires du terrorisme pr\u00e8s l\u2019annexe de la Cour d\u2019appel \u00e0 Sal\u00e9 Durant [&hellip;]<\/p>\n","protected":false},"author":1788,"featured_media":65364,"comment_status":"closed","ping_status":"closed","sticky":false,"template":"","format":"standard","meta":{"fifu_image_url":"","fifu_image_alt":"","footnotes":""},"categories":[54,76],"tags":[],"class_list":["post-65363","post","type-post","status-publish","format-standard","has-post-thumbnail","hentry","category-maroc","category-regions"],"_links":{"self":[{"href":"https:\/\/linitiative.ca\/International\/wp-json\/wp\/v2\/posts\/65363","targetHints":{"allow":["GET"]}}],"collection":[{"href":"https:\/\/linitiative.ca\/International\/wp-json\/wp\/v2\/posts"}],"about":[{"href":"https:\/\/linitiative.ca\/International\/wp-json\/wp\/v2\/types\/post"}],"author":[{"embeddable":true,"href":"https:\/\/linitiative.ca\/International\/wp-json\/wp\/v2\/users\/1788"}],"replies":[{"embeddable":true,"href":"https:\/\/linitiative.ca\/International\/wp-json\/wp\/v2\/comments?post=65363"}],"version-history":[{"count":0,"href":"https:\/\/linitiative.ca\/International\/wp-json\/wp\/v2\/posts\/65363\/revisions"}],"wp:featuredmedia":[{"embeddable":true,"href":"https:\/\/linitiative.ca\/International\/wp-json\/"}],"wp:attachment":[{"href":"https:\/\/linitiative.ca\/International\/wp-json\/wp\/v2\/media?parent=65363"}],"wp:term":[{"taxonomy":"category","embeddable":true,"href":"https:\/\/linitiative.ca\/International\/wp-json\/wp\/v2\/categories?post=65363"},{"taxonomy":"post_tag","embeddable":true,"href":"https:\/\/linitiative.ca\/International\/wp-json\/wp\/v2\/tags?post=65363"}],"curies":[{"name":"wp","href":"https:\/\/api.w.org\/{rel}","templated":true}]}}