{"id":65365,"date":"2019-10-24T11:15:41","date_gmt":"2019-10-24T15:15:41","guid":{"rendered":"https:\/\/linitiative.ca\/International\/indh-presentation-dun-projet-de-bibliotheque-mobile\/"},"modified":"2019-10-24T11:15:41","modified_gmt":"2019-10-24T15:15:41","slug":"indh-presentation-dun-projet-de-bibliotheque-mobile","status":"publish","type":"post","link":"https:\/\/linitiative.ca\/International\/indh-presentation-dun-projet-de-bibliotheque-mobile\/","title":{"rendered":"INDH: Pr\u00e9sentation d\u2019un projet de biblioth\u00e8que mobile"},"content":{"rendered":"<div readability=\"34\">\n<p>Bengu\u00e9rir (province des Rhamna) \u2013 La troisi\u00e8me phase de l\u2019Initiative nationale pour le d\u00e9veloppement humain (INDH) place la promotion du capital humain au centre de ses priorit\u00e9s et objectifs.<\/p>\n<\/div>\n<div readability=\"113\">\n<p>Cette nouvelle phase vise \u00e0 am\u00e9liorer les indicateurs du d\u00e9veloppement humain dans l\u2019enseignement, la sant\u00e9 et l\u2019int\u00e9gration des jeunes, et \u00e0 pallier le d\u00e9ficit accus\u00e9 dans les infrastructures de base dans les r\u00e9gions pauvres, tout en focalisant sur le capital humain.<\/p>\n<p>L\u2019INDH a \u00e9galement \u00e9rig\u00e9 le d\u00e9veloppement de la petite enfance en objectif prioritaire de sa troisi\u00e8me phase lanc\u00e9e en septembre 2018 par Sa Majest\u00e9 le Roi Mohammed VI.<\/p>\n<p>C\u2019est dans ce cadre qu\u2019a \u00e9t\u00e9 lanc\u00e9 un projet de biblioth\u00e8que mobile ambulante port\u00e9 par l\u2019Association la Boussole des \u0153uvres sociales et financ\u00e9 dans le cadre de l\u2019INDH.<\/p>\n<p>Selon ses initiateurs, ce projet consistant \u00e0 transformer un v\u00e9hicule en biblioth\u00e8que mobile qui sillonnera les agglom\u00e9rations et groupements d\u2019habitation ainsi que les \u00e9tablissements scolaires, vise \u00e0 \u00ab\u00a0d\u00e9mocratiser\u00a0\u00bb l\u2019acc\u00e8s aux activit\u00e9s parascolaires dont la lecture, rendre plus attractif l\u2019apprentissage et \u00e0 lutter contre l\u2019abandon scolaire.<\/p>\n<p>Ce projet pr\u00e9sent\u00e9 mercredi, \u00e0 Bengu\u00e9rir lors de la c\u00e9r\u00e9monie de lancement officiel de la campagne nationale d\u2019information et de sensibilisation pour le d\u00e9veloppement de la petite enfance, organis\u00e9e par l\u2019INDH du 21 octobre au 4 novembre prochain, est destin\u00e9 aussi \u00e0 faciliter l\u2019acc\u00e8s des populations et des g\u00e9n\u00e9rations montantes en particulier aux livres et r\u00e9concilier jeunes et moins jeunes avec la lecture, trop souvent mise de c\u00f4t\u00e9 au profit des NTIC.<\/p>\n<p>Ce projet, mis en place en partenariat avec l\u2019Institut de Recherche en Energie Solaire et Energies Nouvelles (IRESEN), vise aussi \u00e0 porter une attention particuli\u00e8re au patrimoine culturel immat\u00e9riel dans cette province du Royaume, \u00e0 stimuler la cr\u00e9ativit\u00e9 chez les jeunes, et \u00e0 consacrer les valeurs de citoyennet\u00e9, b\u00e2tir une g\u00e9n\u00e9ration \u00e9panouie et consciente de l\u2019importance du livre dans la vie.<\/p>\n<p>L\u2019association tient \u00e0 rappeler le r\u00f4le important que joue le livre en tant qu\u2019outil pour transmettre le savoir, promouvoir le vivre-ensemble, occuper le temps libre chez les membres de la soci\u00e9t\u00e9, contribuer \u00e0 prot\u00e9ger les jeunes de la d\u00e9linquance et des comportements d\u00e9viants en plus d\u2019autres vis\u00e9es ludiques.<\/p>\n<p>Ce projet \u00e0 caract\u00e8re culturel lanc\u00e9 en novembre 2018 cible quelque 3.000 personnes chaque ann\u00e9e. Un nombre satisfaisant selon l\u2019association appel\u00e9 \u00e0 augmenter au fil du temps.<\/p>\n<p>Pour ce faire, la biblioth\u00e8que mobile se lance dans une tourn\u00e9e dans les groupements d\u2019habitations et les \u00e9coles pour animer des ateliers de lecture en vue de mettre \u00e0 la disposition des \u00e9tablissements scolaires un programme p\u00e9dagogique interactif autour de la lecture et la culture.<\/p>\n<p>Selon les b\u00e9n\u00e9voles de l\u2019association, le projet \u00ab\u00a0Caravane Reading Bridge\u00a0\u00bb (Pont de la lecture) vise sur le long terme \u00e0 inciter \u00e0 cr\u00e9er des \u00ab\u00a0mus\u00e9es culturels dans les \u00e9tablissements scolaires et \u00e0 encourager la cr\u00e9ation les clubs culturels (club de lecture, club culturel \u2026).<\/p>\n<p>Les b\u00e9n\u00e9voles assurent qu\u2019un tel projet aura un impact s\u00fbr sur le succ\u00e8s scolaire des \u00e9l\u00e8ves et l\u2019augmentation des taux de lecture dans les rangs des populations.<\/p>\n<p>Le co\u00fbt du projet s\u2019\u00e9l\u00e8ve \u00e0 quelque 85.500 DH (\u00e9quipement et entretien) auquel viendraient s\u2019ajouter des co\u00fbts suppl\u00e9mentaires relatifs \u00e0 la gestion et l\u2019entretien (du v\u00e9hicule).<\/p>\n<p>L\u2019association compte \u00e0 l\u2019avenir, faire de cette biblioth\u00e8que ambulante une \u00ab\u00a0biblioth\u00e8que multim\u00e9dia\u00a0\u00bb qui utilisera une vari\u00e9t\u00e9 de supports (documents sonores et enregistrements vid\u00e9o et supports num\u00e9riques) de nature \u00e0 accompagner les mutations technologiques et \u00e0 attirer davantage de lecteurs.<\/p>\n<p>L\u2019association pr\u00e9voit \u00e9galement de renforcer le parc par de petites biblioth\u00e8ques install\u00e9es sur des bicyclettes \u00e9co-friendly et cr\u00e9er au sein des \u00e9tablissements scolaires de la province de petites biblioth\u00e8ques.<\/p>\n<p>A rappeler que le projet \u00ab\u00a0Caravane Reading Bridge\u00a0\u00bb s\u2019inscrit dans le cadre de \u00ab\u00a0Madinati takraa\u00a0\u00bb (ma ville lit), un projet qui vise \u00e0 promouvoir le niveau culturel des populations de la province des Rhamna notamment chez les g\u00e9n\u00e9rations montantes.<\/p>\n<\/div>\n<p>Auteur: Meriem IGASS<br \/>\n<a href=\"http:\/\/www.mapmarrakech.ma\/fr\/indh-2\/\">Cliquez ici pour lire l&rsquo;article depuis sa source.<\/a><\/p>\n","protected":false},"excerpt":{"rendered":"<p>Bengu\u00e9rir (province des Rhamna) \u2013 La troisi\u00e8me phase de l\u2019Initiative nationale pour le d\u00e9veloppement humain (INDH) place la promotion du capital humain au centre de ses priorit\u00e9s et objectifs. Cette nouvelle phase vise \u00e0 am\u00e9liorer les indicateurs du d\u00e9veloppement humain dans l\u2019enseignement, la sant\u00e9 et l\u2019int\u00e9gration des jeunes, et \u00e0 pallier le d\u00e9ficit accus\u00e9 dans [&hellip;]<\/p>\n","protected":false},"author":1788,"featured_media":0,"comment_status":"closed","ping_status":"closed","sticky":false,"template":"","format":"standard","meta":{"fifu_image_url":"","fifu_image_alt":"","footnotes":""},"categories":[54,76],"tags":[],"class_list":["post-65365","post","type-post","status-publish","format-standard","hentry","category-maroc","category-regions"],"_links":{"self":[{"href":"https:\/\/linitiative.ca\/International\/wp-json\/wp\/v2\/posts\/65365","targetHints":{"allow":["GET"]}}],"collection":[{"href":"https:\/\/linitiative.ca\/International\/wp-json\/wp\/v2\/posts"}],"about":[{"href":"https:\/\/linitiative.ca\/International\/wp-json\/wp\/v2\/types\/post"}],"author":[{"embeddable":true,"href":"https:\/\/linitiative.ca\/International\/wp-json\/wp\/v2\/users\/1788"}],"replies":[{"embeddable":true,"href":"https:\/\/linitiative.ca\/International\/wp-json\/wp\/v2\/comments?post=65365"}],"version-history":[{"count":0,"href":"https:\/\/linitiative.ca\/International\/wp-json\/wp\/v2\/posts\/65365\/revisions"}],"wp:attachment":[{"href":"https:\/\/linitiative.ca\/International\/wp-json\/wp\/v2\/media?parent=65365"}],"wp:term":[{"taxonomy":"category","embeddable":true,"href":"https:\/\/linitiative.ca\/International\/wp-json\/wp\/v2\/categories?post=65365"},{"taxonomy":"post_tag","embeddable":true,"href":"https:\/\/linitiative.ca\/International\/wp-json\/wp\/v2\/tags?post=65365"}],"curies":[{"name":"wp","href":"https:\/\/api.w.org\/{rel}","templated":true}]}}