{"id":65366,"date":"2019-10-23T14:17:14","date_gmt":"2019-10-23T18:17:14","guid":{"rendered":"https:\/\/linitiative.ca\/International\/hammam-melouane-blida-lancement-prochain-dun-projet-dexpansion-touristique\/"},"modified":"2019-10-23T14:17:14","modified_gmt":"2019-10-23T18:17:14","slug":"hammam-melouane-blida-lancement-prochain-dun-projet-dexpansion-touristique","status":"publish","type":"post","link":"https:\/\/linitiative.ca\/International\/hammam-melouane-blida-lancement-prochain-dun-projet-dexpansion-touristique\/","title":{"rendered":"Hammam Melouane (Blida): lancement prochain d\u2019un projet d\u2019expansion touristique\u00a0"},"content":{"rendered":"<div readability=\"37\">\n<p><strong>BLIDA- La commune de Hammam Melouane (Est de Blida) a b\u00e9n\u00e9fici\u00e9 d\u2019un projet de d\u00e9veloppement englobant diff\u00e9rentes commodit\u00e9s n\u00e9cessit\u00e9es pour le bien \u00eatre des touristes, affluant annuellement en grand nombre vers cette r\u00e9gion, en d\u00e9pit du manque de structures du genre accus\u00e9 en son sein.<\/strong><\/p>\n<\/div>\n<div readability=\"102.5\">\n<p>Le projet, inscrit au titre du plan d\u2019am\u00e9nagement de la zone d\u2019expansion touristique de Hammam Melouane, englobe des locaux commerciaux, des restaurants, des surfaces vertes, des aires de jeux et des parkings notamment.<\/p>\n<blockquote readability=\"13\">\n<p><em><strong>Actuellement, il (projet) est en attente de parach\u00e8vement de ses proc\u00e9dures administratives en vue de la d\u00e9signation d\u2019une entreprise pour le lancement \u00ab\u00a0prochain\u00a0\u00bb de son chantier de r\u00e9alisation, a-t-on indiqu\u00e9 au wali Youcef Chorfa, lors d\u2019une visite de travail effectu\u00e9e, mercredi, dans la commune de Hammam Melouane.<\/strong><\/em><\/p>\n<\/blockquote>\n<p>Selon les explications fournies sur site, ce nouveau projet devant contribuer \u00e0 la relance du tourisme dans la r\u00e9gion, s\u2019\u00e9tendra sur une assiette fonci\u00e8re de 1,5 ha, r\u00e9cup\u00e9r\u00e9e suite \u00e0 la d\u00e9molition de constructions pr\u00e9caires.<\/p>\n<p>Entre autres structures d\u2019importance programm\u00e9es en son sein, il a \u00e9t\u00e9 signal\u00e9 la r\u00e9alisation attendue d\u2019une surface commerciale destin\u00e9e \u00e0 l\u2019exposition et promotion des produits de l\u2019artisanat local, dont la poterie.<\/p>\n<p>Toujours au titre des efforts de relance du secteur touristique local, un autre projet a \u00e9t\u00e9 destin\u00e9, selon les m\u00eames explications, \u00e0 l\u2019am\u00e9nagement du chemin de wilaya (CWN61) reliant Hammam Melouane \u00e0 Bouguerra, lequel est ferm\u00e9 depuis pr\u00e9s de six mois \u00e0 cause d\u2019un glissement de terrain, ayant n\u00e9cessit\u00e9 l\u2019ouverture d\u2019une voie d\u2019\u00e9vitement.<\/p>\n<blockquote readability=\"17\">\n<p><em><strong>Sur place, des habitants de la localit\u00e9, particuli\u00e8rement des commer\u00e7ants, n\u2019ont pas manqu\u00e9 d\u2019exprimer, au wali, leur \u00ab\u00a0m\u00e9contentement\u00a0\u00bb \u00e0 l\u2019\u00e9gard de cette situation, car la \u00ab\u00a0voie d\u2019\u00e9vitement est d\u00e9grad\u00e9e, ce qui a impact\u00e9 n\u00e9gativement\u00a0\u00bb sur leurs commerces, estiment-ils, causant le \u00ab\u00a0recul du nombre de touristes\u00a0\u00bb comparativement aux ann\u00e9es pr\u00e9c\u00e9dentes.<\/strong><\/em><\/p>\n<\/blockquote>\n<p>En r\u00e9ponse \u00e0 cette dol\u00e9ance, le wali s\u2019est engag\u00e9 \u00e0 la r\u00e9ception de cette route \u00ab\u00a0au plus tard, au mois de f\u00e9vrier prochain\u00a0\u00bb. Il a imput\u00e9 le retard mis dans la construction d\u2019un mur de protection de cette route, contre les glissements de terrain, au \u00ab\u00a0temps consid\u00e9rable mis dans la r\u00e9alisation des travaux de changement du cours de l\u2019Oued, en perspective du lancement des travaux de protection\u00a0\u00bb, a-t-il expliqu\u00e9.<\/p>\n<blockquote readability=\"14\">\n<p><em><strong>Le chef de l\u2019ex\u00e9cutif a, par la m\u00eame, instruit de la n\u00e9cessit\u00e9 d\u2019am\u00e9nagement de la route mitoyenne \u00e0 l\u2019Oued, reliant Hammam Melouane \u00e0 nombre de villages, en guise de soutien aux efforts de l\u2019Etat visant l\u2019encouragement des populations ayant quitt\u00e9 leur terres, ces derni\u00e8res ann\u00e9es, \u00e0 revenir dans leurs r\u00e9gions d\u2019origine.<\/strong><\/em><\/p>\n<\/blockquote>\n<p>Dans la m\u00eame commune, M. Youcef Chorfa s\u2019est, \u00e9galement, rendu sur le chantier d\u2019un projet de 90 logements publics locatifs, attendu \u00e0 la r\u00e9ception \u00ab\u00a0avant le mois de Ramadhan prochain\u00a0\u00bb, selon l\u2019engagement pris, par lui, aupr\u00e8s des b\u00e9n\u00e9ficiaires de ce projet.<\/p>\n<\/div>\n<p>Auteur:<br \/>\n<a href=\"http:\/\/www.aps.dz\/regions\/96198-hammam-melouane-blida-lancement-prochain-d-un-projet-d-expansion-touristique\">Cliquez ici pour lire l&rsquo;article depuis sa source.<\/a><\/p>\n","protected":false},"excerpt":{"rendered":"<p>BLIDA- La commune de Hammam Melouane (Est de Blida) a b\u00e9n\u00e9fici\u00e9 d\u2019un projet de d\u00e9veloppement englobant diff\u00e9rentes commodit\u00e9s n\u00e9cessit\u00e9es pour le bien \u00eatre des touristes, affluant annuellement en grand nombre vers cette r\u00e9gion, en d\u00e9pit du manque de structures du genre accus\u00e9 en son sein. Le projet, inscrit au titre du plan d\u2019am\u00e9nagement de la [&hellip;]<\/p>\n","protected":false},"author":1790,"featured_media":0,"comment_status":"closed","ping_status":"closed","sticky":false,"template":"","format":"standard","meta":{"fifu_image_url":"","fifu_image_alt":"","footnotes":""},"categories":[53,76],"tags":[],"class_list":["post-65366","post","type-post","status-publish","format-standard","hentry","category-algerie","category-regions"],"_links":{"self":[{"href":"https:\/\/linitiative.ca\/International\/wp-json\/wp\/v2\/posts\/65366","targetHints":{"allow":["GET"]}}],"collection":[{"href":"https:\/\/linitiative.ca\/International\/wp-json\/wp\/v2\/posts"}],"about":[{"href":"https:\/\/linitiative.ca\/International\/wp-json\/wp\/v2\/types\/post"}],"author":[{"embeddable":true,"href":"https:\/\/linitiative.ca\/International\/wp-json\/wp\/v2\/users\/1790"}],"replies":[{"embeddable":true,"href":"https:\/\/linitiative.ca\/International\/wp-json\/wp\/v2\/comments?post=65366"}],"version-history":[{"count":0,"href":"https:\/\/linitiative.ca\/International\/wp-json\/wp\/v2\/posts\/65366\/revisions"}],"wp:attachment":[{"href":"https:\/\/linitiative.ca\/International\/wp-json\/wp\/v2\/media?parent=65366"}],"wp:term":[{"taxonomy":"category","embeddable":true,"href":"https:\/\/linitiative.ca\/International\/wp-json\/wp\/v2\/categories?post=65366"},{"taxonomy":"post_tag","embeddable":true,"href":"https:\/\/linitiative.ca\/International\/wp-json\/wp\/v2\/tags?post=65366"}],"curies":[{"name":"wp","href":"https:\/\/api.w.org\/{rel}","templated":true}]}}