{"id":65367,"date":"2019-10-24T05:23:15","date_gmt":"2019-10-24T09:23:15","guid":{"rendered":"https:\/\/linitiative.ca\/International\/necessite-dun-modele-innovant-defficience-productive-des-cultures-oasiennes\/"},"modified":"2019-10-24T05:23:15","modified_gmt":"2019-10-24T09:23:15","slug":"necessite-dun-modele-innovant-defficience-productive-des-cultures-oasiennes","status":"publish","type":"post","link":"https:\/\/linitiative.ca\/International\/necessite-dun-modele-innovant-defficience-productive-des-cultures-oasiennes\/","title":{"rendered":"N\u00e9cessit\u00e9 d\u2019un mod\u00e8le innovant d\u2019efficience productive des cultures oasiennes"},"content":{"rendered":"<div readability=\"37\">\n<p><strong>ADRAR- Les participants \u00e0 un colloque scientifique d\u2019application ayant pour th\u00e8me \u00ab\u00a0La micro-ferme \u00e9cologique et innovante +la cl\u00e9 des oasis+\u00a0\u00bb, cl\u00f4tur\u00e9 jeudi \u00e0 Timimoun (Adrar), ont mis l\u2019accent sur la n\u00e9cessit\u00e9 d\u2019un mod\u00e8le innovant et int\u00e9gr\u00e9 \u00e0 m\u00eame d\u2019assurer l\u2019efficience productive et \u00e9conomique des cultures en milieu oasien.<\/strong><\/p>\n<\/div>\n<div readability=\"107.5\">\n<p>Lors de cette rencontre organis\u00e9e au p\u00e9rim\u00e8tre agricole Badriane, en pr\u00e9sence de sp\u00e9cialistes dans les domaines de l\u2019agriculture, de l\u2019environnement et du d\u00e9veloppement durable, agricole, les participants ont proc\u00e9d\u00e9 \u00e0 un \u00e9change de connaissances sur les process pouvant \u00eatre adopt\u00e9s pour la r\u00e9ussite des activit\u00e9s agricoles de type oasien.<\/p>\n<p>Des process s\u2019articulant autour d\u2019une agriculture int\u00e9gr\u00e9e reposant sur une diversification de la production v\u00e9g\u00e9tale et animale en vue d\u2019une am\u00e9lioration de la qualit\u00e9 et des rendements, en plus d\u2019une \u00e9conomie de l\u2019eau, de l\u2019\u00e9nergie et du foncier agricole, et une adaptation aux al\u00e9as du changement climatique.<\/p>\n<p>A ce titre, a \u00e9t\u00e9 pr\u00e9sent\u00e9e une exp\u00e9rience agricole int\u00e9gr\u00e9e, pilot\u00e9e par un ing\u00e9nieur agronome sur une superficie de 1.000 m2 au niveau du p\u00e9rim\u00e8tre agricole Badriane, sur le territoire de la wilaya d\u00e9l\u00e9gu\u00e9e de Timimoun.<\/p>\n<blockquote readability=\"14\">\n<p><em><strong>L\u2019exp\u00e9rience vise \u00e0 d\u00e9velopper un mod\u00e8le agricole durable, servant aussi d\u2019espace de formation p\u00e9dagogique et de vulgarisation pour les agriculteurs appel\u00e9s, \u00e0 leur tour, \u00e0 le g\u00e9n\u00e9raliser \u00e0 l\u2019\u00e9chelle nationale, voire africaine, selon le coordinateur de la rencontre, Dr.Mohamed Bouchentouf.<\/strong><\/em><\/p>\n<\/blockquote>\n<p>A travers ce mod\u00e8le, les agriculteurs s\u2019orientent vers une diversification d\u2019activit\u00e9s agricoles sur un espace ne d\u00e9passant pas l\u2019hectare, en recourant \u00e0 des techniques \u00e9conomes en eaux d\u2019irrigation \u00e0 travers la pr\u00e9servation de l\u2019humidit\u00e9 des sols cultiv\u00e9s en intercalaire entre les palmiers et les arbres fruitiers, et l\u2019exploitation des \u00e9nergies renouvelables pour la mobilisation des eaux d\u2019irrigation, a-t-il expliqu\u00e9.<\/p>\n<p>Le mod\u00e8le en question permet \u00e0 la fois des plantations arboricoles fruiti\u00e8res et des cultures maraich\u00e8res en double sessions sur la m\u00eame saison agricole en milieu oasien, en plus d\u2019\u00e9levages aquacole et avicole, la production de viandes rouges et de lait, soit une diversification des sources d\u2019alimentation d\u2019origines v\u00e9g\u00e9tale et animale.<\/p>\n<p>Ce processus d\u2019exploitation agricole est susceptible de se d\u00e9velopper et de se transformer en entreprise autog\u00e9r\u00e9e, passant de la phase de l\u2019investissement et de la mise valeur \u00e0 celle de la production et de la commercialisation, et donc d\u2019atteindre la performance \u00e9conomique escompt\u00e9e et de contribuer au d\u00e9veloppement local durable, dans ses dimensions \u00e9conomique, environnementale et touristique, a-t-on soulign\u00e9.<\/p>\n<p>L\u2019objectif est \u00e9galement de valoriser les semences locales et les am\u00e9liorer, en tant que patrimoine v\u00e9g\u00e9tal susceptible de constituer la cl\u00e9 d\u2019un v\u00e9ritable Challenge en vue d\u2019assurer l\u2019autosuffisance alimentaire dans la r\u00e9gion.<\/p>\n<p>Ce colloque scientifique a \u00e9t\u00e9 organis\u00e9 en collaboration avec le Centre de recherches en biotechnologie et sciences agroalimentaires de l\u2019Universit\u00e9 de Constantine, le Commissariat au d\u00e9veloppement de l\u2019agriculture saharienne d\u2019Ouargla, l\u2019Institut technique de d\u00e9veloppement de l\u2019agronomie saharienne de Biskra, le Laboratoire de Biotechnologie des rhizobiums et am\u00e9lioration des plantes d\u2019Oran, ainsi que des experts \u00e9trangers.<\/p>\n<p>Les organisateurs recherchent aussi par cette initiative un accompagnement par les pouvoirs publics de ce mod\u00e8le agricole de type oasien, \u00e0 travers la r\u00e9gularisation administrative du foncier agricole pour les investisseurs d\u00e9sireux de se lancer dans ce type d\u2019exploitations aux fins de sa g\u00e9n\u00e9ralisation, ont-ils fait savoir.<\/p>\n<\/div>\n<p>Auteur:<br \/>\n<a href=\"http:\/\/www.aps.dz\/regions\/96217-necessite-d-un-modele-innovant-d-efficience-productive-des-cultures-oasiennes\">Cliquez ici pour lire l&rsquo;article depuis sa source.<\/a><\/p>\n","protected":false},"excerpt":{"rendered":"<p>ADRAR- Les participants \u00e0 un colloque scientifique d\u2019application ayant pour th\u00e8me \u00ab\u00a0La micro-ferme \u00e9cologique et innovante +la cl\u00e9 des oasis+\u00a0\u00bb, cl\u00f4tur\u00e9 jeudi \u00e0 Timimoun (Adrar), ont mis l\u2019accent sur la n\u00e9cessit\u00e9 d\u2019un mod\u00e8le innovant et int\u00e9gr\u00e9 \u00e0 m\u00eame d\u2019assurer l\u2019efficience productive et \u00e9conomique des cultures en milieu oasien. Lors de cette rencontre organis\u00e9e au p\u00e9rim\u00e8tre [&hellip;]<\/p>\n","protected":false},"author":1790,"featured_media":0,"comment_status":"closed","ping_status":"closed","sticky":false,"template":"","format":"standard","meta":{"fifu_image_url":"","fifu_image_alt":"","footnotes":""},"categories":[53,76],"tags":[],"class_list":["post-65367","post","type-post","status-publish","format-standard","hentry","category-algerie","category-regions"],"_links":{"self":[{"href":"https:\/\/linitiative.ca\/International\/wp-json\/wp\/v2\/posts\/65367","targetHints":{"allow":["GET"]}}],"collection":[{"href":"https:\/\/linitiative.ca\/International\/wp-json\/wp\/v2\/posts"}],"about":[{"href":"https:\/\/linitiative.ca\/International\/wp-json\/wp\/v2\/types\/post"}],"author":[{"embeddable":true,"href":"https:\/\/linitiative.ca\/International\/wp-json\/wp\/v2\/users\/1790"}],"replies":[{"embeddable":true,"href":"https:\/\/linitiative.ca\/International\/wp-json\/wp\/v2\/comments?post=65367"}],"version-history":[{"count":0,"href":"https:\/\/linitiative.ca\/International\/wp-json\/wp\/v2\/posts\/65367\/revisions"}],"wp:attachment":[{"href":"https:\/\/linitiative.ca\/International\/wp-json\/wp\/v2\/media?parent=65367"}],"wp:term":[{"taxonomy":"category","embeddable":true,"href":"https:\/\/linitiative.ca\/International\/wp-json\/wp\/v2\/categories?post=65367"},{"taxonomy":"post_tag","embeddable":true,"href":"https:\/\/linitiative.ca\/International\/wp-json\/wp\/v2\/tags?post=65367"}],"curies":[{"name":"wp","href":"https:\/\/api.w.org\/{rel}","templated":true}]}}