{"id":65371,"date":"2019-10-23T20:55:02","date_gmt":"2019-10-24T00:55:02","guid":{"rendered":"https:\/\/linitiative.ca\/International\/ouverture-du-5eme-festival-oujda-national-du-film-amateur\/"},"modified":"2019-10-23T20:55:02","modified_gmt":"2019-10-24T00:55:02","slug":"ouverture-du-5eme-festival-oujda-national-du-film-amateur","status":"publish","type":"post","link":"https:\/\/linitiative.ca\/International\/ouverture-du-5eme-festival-oujda-national-du-film-amateur\/","title":{"rendered":"Ouverture du 5\u00e8me Festival Oujda national du film amateur"},"content":{"rendered":"<p class=\"c1\">La 5\u00e8me \u00e9dition du Festival Oujda national du film amateur (FONFA) s\u2019est ouverte mercredi au th\u00e9\u00e2tre Mohammed VI, dans la capitale de l\u2019Oriental, sous le th\u00e8me \u00abLe cin\u00e9ma amateur : une passion in\u00e9branlable pour une cr\u00e9ativit\u00e9 in\u00e9puisable\u00bb.<\/p>\n<p class=\"c1\">Organis\u00e9 par l\u2019association Message d\u2019Art, ce festival connait la participation de 11 courts m\u00e9trages de r\u00e9alisateurs venus de diff\u00e9rentes villes du Maroc, qui sont en lice pour les prix de cette \u00e9dition et qui seront d\u00e9partag\u00e9s par un jury pr\u00e9sid\u00e9 par le r\u00e9alisateur Hassan Dahani.<\/p>\n<p class=\"c1\">Dans une d\u00e9claration \u00e0 la MAP, le directeur du festival, Azzedine Messaoui, a indiqu\u00e9 que ce rendez-vous cin\u00e9matographique vise \u00e0 encourager les jeunes talents et leur permettre de b\u00e9n\u00e9ficier de l\u2019exp\u00e9rience de cin\u00e9astes et professionnels de renom.<\/p>\n<p class=\"c1\">Les organisateurs ont visionn\u00e9 40 films candidats et s\u00e9lectionn\u00e9 11 courts m\u00e9trages, qui sont en lice pour 6 prix, a-t-il pr\u00e9cis\u00e9, notant que cette \u00e9dition est marqu\u00e9e par des projections de films dans la prison locale d\u2019Oujda et dans des \u00e9tablissements scolaires.<\/p>\n<p class=\"c1\">Le programme de cette \u00e9dition comporte aussi une master class encadr\u00e9e par le r\u00e9alisateur Mohamed Ismail et la projection de films hors comp\u00e9tition de r\u00e9alisateurs de renom, a ajout\u00e9 M. Messaoui, mettant l\u2019accent sur l\u2019hommage qui sera rendu lors de cette \u00e9dition au critique de cin\u00e9ma Ahmed Sijilmassi.<\/p>\n<p class=\"c1\">En outre, des ateliers de formation sur la direction d\u2019acteurs et la r\u00e9alisation sont organis\u00e9s \u00e0 cette occasion au Centre des \u00e9tudes et recherches humaines et sociales d\u2019Oujda (CERHSO), en plus d\u2019une conf\u00e9rence autour du th\u00e8me \u00ab\u00a0Le cin\u00e9ma amateur : entre amateurisme et professionnalisme\u00bb.<\/p>\n<p class=\"c1\">Au programme \u00e9galement une campagne de don de sang et la signature de l\u2019ouvrage d\u2019Ahmed Sijilmassi \u00abFigures du Maroc cin\u00e9matographique\u00bb.<\/p>\n<p>Auteur: Soufiane ELAHMAR<br \/>\n<a href=\"http:\/\/www.mapoujda.ma\/fr\/ouverture-du-5eme-festival-oujda-national-du-film-amateur\/\">Cliquez ici pour lire l&rsquo;article depuis sa source.<\/a><\/p>\n","protected":false},"excerpt":{"rendered":"<p>La 5\u00e8me \u00e9dition du Festival Oujda national du film amateur (FONFA) s\u2019est ouverte mercredi au th\u00e9\u00e2tre Mohammed VI, dans la capitale de l\u2019Oriental, sous le th\u00e8me \u00abLe cin\u00e9ma amateur : une passion in\u00e9branlable pour une cr\u00e9ativit\u00e9 in\u00e9puisable\u00bb. Organis\u00e9 par l\u2019association Message d\u2019Art, ce festival connait la participation de 11 courts m\u00e9trages de r\u00e9alisateurs venus de [&hellip;]<\/p>\n","protected":false},"author":1788,"featured_media":0,"comment_status":"closed","ping_status":"closed","sticky":false,"template":"","format":"standard","meta":{"fifu_image_url":"","fifu_image_alt":"","footnotes":""},"categories":[54,76],"tags":[],"class_list":["post-65371","post","type-post","status-publish","format-standard","hentry","category-maroc","category-regions"],"_links":{"self":[{"href":"https:\/\/linitiative.ca\/International\/wp-json\/wp\/v2\/posts\/65371","targetHints":{"allow":["GET"]}}],"collection":[{"href":"https:\/\/linitiative.ca\/International\/wp-json\/wp\/v2\/posts"}],"about":[{"href":"https:\/\/linitiative.ca\/International\/wp-json\/wp\/v2\/types\/post"}],"author":[{"embeddable":true,"href":"https:\/\/linitiative.ca\/International\/wp-json\/wp\/v2\/users\/1788"}],"replies":[{"embeddable":true,"href":"https:\/\/linitiative.ca\/International\/wp-json\/wp\/v2\/comments?post=65371"}],"version-history":[{"count":0,"href":"https:\/\/linitiative.ca\/International\/wp-json\/wp\/v2\/posts\/65371\/revisions"}],"wp:attachment":[{"href":"https:\/\/linitiative.ca\/International\/wp-json\/wp\/v2\/media?parent=65371"}],"wp:term":[{"taxonomy":"category","embeddable":true,"href":"https:\/\/linitiative.ca\/International\/wp-json\/wp\/v2\/categories?post=65371"},{"taxonomy":"post_tag","embeddable":true,"href":"https:\/\/linitiative.ca\/International\/wp-json\/wp\/v2\/tags?post=65371"}],"curies":[{"name":"wp","href":"https:\/\/api.w.org\/{rel}","templated":true}]}}