{"id":65374,"date":"2019-10-24T07:00:00","date_gmt":"2019-10-24T11:00:00","guid":{"rendered":"https:\/\/linitiative.ca\/International\/espagne-linstabilite-politique-un-frein-a-la-croissance\/"},"modified":"2019-10-24T07:00:00","modified_gmt":"2019-10-24T11:00:00","slug":"espagne-linstabilite-politique-un-frein-a-la-croissance","status":"publish","type":"post","link":"https:\/\/linitiative.ca\/International\/espagne-linstabilite-politique-un-frein-a-la-croissance\/","title":{"rendered":"Espagne: L\u2019instabilit\u00e9 politique, un frein \u00e0 la croissance"},"content":{"rendered":"<div readability=\"34\">\n<p>Ce qui retarde l\u2019adoption des mesures n\u00e9cessaires<\/p>\n<p>Le pays en route pour de nouvelles \u00e9lections l\u00e9gislatives<\/p>\n<\/div>\n<div readability=\"117\">\n<div class=\"dnd-atom-wrapper type-image context-sdl_editor_representation\" contenteditable=\"false\">\n<div class=\"dnd-drop-wrapper image\"><img loading=\"lazy\" decoding=\"async\" typeof=\"foaf:Image\" class=\"img-responsive\" src=\"https:\/\/www.leconomiste.com\/sites\/default\/files\/eco7\/public\/thumbnails\/image\/fmi_europe_020.jpg\" width=\"800\" height=\"355\" alt=\"fmi_europe_020.jpg\" title=\"fmi_europe_020.jpg\"\/><\/div>\n<\/div>\n<p class=\"rtejustify\">En raison du blocage politique, l&rsquo;Espagne (notre plus proche voisin) va organiser le 10 novembre prochain des nouvelles \u00e9lections l\u00e9gislatives anticip\u00e9es. Ce sont les quatri\u00e8mes en quatre ans, apr\u00e8s que les partis politiques ont \u00e9chou\u00e9 \u00e0 se mettre d&rsquo;accord pour former un gouvernement. La situation en Catalogne est d\u2019ailleurs au centre de la campagne \u00e9lectorale dans ce pays.<\/p>\n<p class=\"rtejustify\">L\u2019impact de l\u2019instabilit\u00e9 politique se fait sentir sur le contexte \u00e9conomique. Ce qui retarde l\u2019adoption de mesures pour s\u2019attaquer aux vuln\u00e9rabilit\u00e9s et augmenter la capacit\u00e9 de croissance. En t\u00e9moignent les derniers chiffres macro\u00e9conomiques. Le gouvernement espagnol a r\u00e9vis\u00e9 l\u00e9g\u00e8rement \u00e0 la baisse ses pr\u00e9visions de croissance pour 2019 et 2020 sur fond de ralentissement \u00e9conomique mondial.<\/p>\n<p class=\"rtejustify\">Dans ses pr\u00e9visions budg\u00e9taires quadri-annuelles soumises \u00e0 la Commission europ\u00e9enne, le gouvernement socialiste (qui exp\u00e9die les affaires courantes jusqu&rsquo;aux prochaines \u00e9lections) table sur une croissance de 2,1% cette ann\u00e9e contre 2,2% attendu auparavant. Pour 2020, il mise sur 1,8% contre 1,9% auparavant. La croissance s&rsquo;est \u00e9tablie \u00e0 2,4% l&rsquo;an dernier.<\/p>\n<p class=\"rtejustify\">Malgr\u00e9 le ralentissement provoqu\u00e9 par des facteurs ext\u00e9rieurs et par l&rsquo;incertitude internationale, l&rsquo;Espagne cro\u00eet plus que la moyenne de la zone euro. Dans ses pr\u00e9visions publi\u00e9es en septembre, la Banque centrale europ\u00e9enne (BCE) a indiqu\u00e9 s&rsquo;attendre \u00e0 une croissance de 1,1% cette ann\u00e9e et de 1,2% l\u2019ann\u00e9e prochaine.\u00a0 Les attentes sont \u00e9galement en l\u00e9ger repli, d\u2019apr\u00e8s les derni\u00e8res pr\u00e9visions du FMI (octobre 2019).<\/p>\n<p class=\"rtejustify\">La croissance devrait ralentir progressivement, passant de 2,6% en 2018 \u00e0 2,2% en 2019 et 1,8% en 2020 (0,1 point en dessous des pr\u00e9visions d\u2019avril). Pour l\u2019\u00e9quipe du Fonds, les pays fortement endett\u00e9s, tels que l\u2019Espagne, la France et l\u2019Italie, \u00abdevraient reconstituer progressivement leurs marges de man\u0153uvre budg\u00e9taires, tout en prot\u00e9geant l\u2019investissement\u00bb.<\/p>\n<p class=\"rtejustify\">Du c\u00f4t\u00e9 de la dette publique, elle est rest\u00e9e stable en Espagne au deuxi\u00e8me trimestre, \u00e0 99% du PIB, selon la banque centrale. En valeur absolue, elle a progress\u00e9 \u00e0 1.211 milliards d&rsquo;euros fin juin, contre 1.200 milliards fin mars. La dette de la S\u00e9curit\u00e9 sociale, principalement due au paiement des retraites, a bondi de 39,6% sur un an au deuxi\u00e8me trimestre, \u00e0 49 milliards d&rsquo;euros.<\/p>\n<p class=\"rtejustify\">En pourcentage du PIB, la dette avait d\u00e9cru en 2018, passant de 99,2% au premier trimestre \u00e0 97,6% en fin d&rsquo;ann\u00e9e. Le gouvernement socialiste de Pedro Sanchez a promis de r\u00e9duire la dette \u00e0 96,1% du PIB fin 2019. Mais il se retrouve actuellement confront\u00e9 \u00e0 un ralentissement de l&rsquo;\u00e9conomie.<\/p>\n<p class=\"rtejustify\">Le pays enregistre aussi de mauvais chiffres de l\u2019emploi. Les chiffres du ch\u00f4mage sont traditionnellement moins bons en septembre. Car de nombreux contrats saisonniers estivaux prennent fin, principalement dans le tourisme. L\u2019Espagne d\u00e9tient le record d&rsquo;Europe des contrats temporaires. Les statistiques de cr\u00e9ations d&#8217;emplois sont particuli\u00e8rement en retrait, avec seulement 3.200 nouveaux affili\u00e9s \u00e0 la S\u00e9curit\u00e9 sociale, selon les donn\u00e9es publi\u00e9es par le minist\u00e8re du Travail.<\/p>\n<p class=\"rtejustify\">Environ 13.900 ch\u00f4meurs suppl\u00e9mentaires ont par ailleurs \u00e9t\u00e9 recens\u00e9s, soit une hausse de 0,45% par rapport au mois d&rsquo;ao\u00fbt. \u00abNous sommes dans un contexte de ralentissement du march\u00e9 du travail et de ralentissement de notre \u00e9conomie\u00bb, a reconnu la ministre de l&rsquo;Economie Nadia Calvi\u00f1o.<\/p>\n<p class=\"rtejustify\"><em>F. Z. T.<\/em><\/p>\n<\/div>\n<p>Auteur: hlafriqi<br \/>\n<a href=\"https:\/\/www.leconomiste.com\/article\/1052125-espagne-l-instabilite-politique-un-frein-la-croissance\">Cliquez ici pour lire l&rsquo;article depuis sa source.<\/a><\/p>\n","protected":false},"excerpt":{"rendered":"<p>Ce qui retarde l\u2019adoption des mesures n\u00e9cessaires Le pays en route pour de nouvelles \u00e9lections l\u00e9gislatives En raison du blocage politique, l&rsquo;Espagne (notre plus proche voisin) va organiser le 10 novembre prochain des nouvelles \u00e9lections l\u00e9gislatives anticip\u00e9es. Ce sont les quatri\u00e8mes en quatre ans, apr\u00e8s que les partis politiques ont \u00e9chou\u00e9 \u00e0 se mettre d&rsquo;accord [&hellip;]<\/p>\n","protected":false},"author":1763,"featured_media":65375,"comment_status":"closed","ping_status":"closed","sticky":false,"template":"","format":"standard","meta":{"fifu_image_url":"","fifu_image_alt":"","footnotes":""},"categories":[78,54],"tags":[],"class_list":["post-65374","post","type-post","status-publish","format-standard","has-post-thumbnail","hentry","category-economie","category-maroc"],"_links":{"self":[{"href":"https:\/\/linitiative.ca\/International\/wp-json\/wp\/v2\/posts\/65374","targetHints":{"allow":["GET"]}}],"collection":[{"href":"https:\/\/linitiative.ca\/International\/wp-json\/wp\/v2\/posts"}],"about":[{"href":"https:\/\/linitiative.ca\/International\/wp-json\/wp\/v2\/types\/post"}],"author":[{"embeddable":true,"href":"https:\/\/linitiative.ca\/International\/wp-json\/wp\/v2\/users\/1763"}],"replies":[{"embeddable":true,"href":"https:\/\/linitiative.ca\/International\/wp-json\/wp\/v2\/comments?post=65374"}],"version-history":[{"count":0,"href":"https:\/\/linitiative.ca\/International\/wp-json\/wp\/v2\/posts\/65374\/revisions"}],"wp:featuredmedia":[{"embeddable":true,"href":"https:\/\/linitiative.ca\/International\/wp-json\/"}],"wp:attachment":[{"href":"https:\/\/linitiative.ca\/International\/wp-json\/wp\/v2\/media?parent=65374"}],"wp:term":[{"taxonomy":"category","embeddable":true,"href":"https:\/\/linitiative.ca\/International\/wp-json\/wp\/v2\/categories?post=65374"},{"taxonomy":"post_tag","embeddable":true,"href":"https:\/\/linitiative.ca\/International\/wp-json\/wp\/v2\/tags?post=65374"}],"curies":[{"name":"wp","href":"https:\/\/api.w.org\/{rel}","templated":true}]}}