{"id":65376,"date":"2019-10-24T07:10:00","date_gmt":"2019-10-24T11:10:00","guid":{"rendered":"https:\/\/linitiative.ca\/International\/japon-intronisation-du-nouvel-empereur\/"},"modified":"2019-10-24T07:10:00","modified_gmt":"2019-10-24T11:10:00","slug":"japon-intronisation-du-nouvel-empereur","status":"publish","type":"post","link":"https:\/\/linitiative.ca\/International\/japon-intronisation-du-nouvel-empereur\/","title":{"rendered":"Japon: Intronisation du nouvel empereur"},"content":{"rendered":"<p class=\"rtejustify\">L&#8217;empereur Naruhito du Japon a solennellement proclam\u00e9 mardi 22 octobre son intronisation au cours d&rsquo;une somptueuse c\u00e9r\u00e9monie au palais imp\u00e9rial de Tokyo. Plusieurs chefs d&rsquo;Etat et dignitaires de quelque 180 pays y \u00e9taient pr\u00e9sents. SAR le Prince Moulay Rachid a repr\u00e9sent\u00e9 SM le Roi Mohammed VI \u00e0 cette c\u00e9r\u00e9monie.<br \/>Naruhito, 59 ans, est devenu le 126e souverain du Japon le 1er mai dernier au lendemain de l&rsquo;abdication de son p\u00e8re Akihito pour des raisons de sant\u00e9. Mais la succession sur le tr\u00f4ne du Chrysanth\u00e8me est un long processus, dont le point d&rsquo;orgue est la proclamation officielle de l&rsquo;intronisation. Le d\u00e9fil\u00e9 motoris\u00e9 dans Tokyo, une rare occasion pour le grand public d&rsquo;apercevoir et de saluer le couple imp\u00e9rial, a \u00e9t\u00e9 diff\u00e9r\u00e9 au 10 novembre. Le Premier ministre Shinzo Abe lui a pr\u00e9sent\u00e9 ses f\u00e9licitations au nom de la population.<\/p>\n<p class=\"rtejustify\">\u00a0<\/p>\n<p class=\"rtejustify\">\u00a0<\/p>\n<p>Auteur: hlafriqi<br \/>\n<a href=\"https:\/\/www.leconomiste.com\/article\/1052136-japon-intronisation-du-nouvel-empereur\">Cliquez ici pour lire l&rsquo;article depuis sa source.<\/a><\/p>\n","protected":false},"excerpt":{"rendered":"<p>L&#8217;empereur Naruhito du Japon a solennellement proclam\u00e9 mardi 22 octobre son intronisation au cours d&rsquo;une somptueuse c\u00e9r\u00e9monie au palais imp\u00e9rial de Tokyo. Plusieurs chefs d&rsquo;Etat et dignitaires de quelque 180 pays y \u00e9taient pr\u00e9sents. SAR le Prince Moulay Rachid a repr\u00e9sent\u00e9 SM le Roi Mohammed VI \u00e0 cette c\u00e9r\u00e9monie.Naruhito, 59 ans, est devenu le 126e [&hellip;]<\/p>\n","protected":false},"author":1763,"featured_media":0,"comment_status":"closed","ping_status":"closed","sticky":false,"template":"","format":"standard","meta":{"fifu_image_url":"","fifu_image_alt":"","footnotes":""},"categories":[78,54],"tags":[],"class_list":["post-65376","post","type-post","status-publish","format-standard","hentry","category-economie","category-maroc"],"_links":{"self":[{"href":"https:\/\/linitiative.ca\/International\/wp-json\/wp\/v2\/posts\/65376","targetHints":{"allow":["GET"]}}],"collection":[{"href":"https:\/\/linitiative.ca\/International\/wp-json\/wp\/v2\/posts"}],"about":[{"href":"https:\/\/linitiative.ca\/International\/wp-json\/wp\/v2\/types\/post"}],"author":[{"embeddable":true,"href":"https:\/\/linitiative.ca\/International\/wp-json\/wp\/v2\/users\/1763"}],"replies":[{"embeddable":true,"href":"https:\/\/linitiative.ca\/International\/wp-json\/wp\/v2\/comments?post=65376"}],"version-history":[{"count":0,"href":"https:\/\/linitiative.ca\/International\/wp-json\/wp\/v2\/posts\/65376\/revisions"}],"wp:attachment":[{"href":"https:\/\/linitiative.ca\/International\/wp-json\/wp\/v2\/media?parent=65376"}],"wp:term":[{"taxonomy":"category","embeddable":true,"href":"https:\/\/linitiative.ca\/International\/wp-json\/wp\/v2\/categories?post=65376"},{"taxonomy":"post_tag","embeddable":true,"href":"https:\/\/linitiative.ca\/International\/wp-json\/wp\/v2\/tags?post=65376"}],"curies":[{"name":"wp","href":"https:\/\/api.w.org\/{rel}","templated":true}]}}