{"id":65377,"date":"2019-10-24T07:15:00","date_gmt":"2019-10-24T11:15:00","guid":{"rendered":"https:\/\/linitiative.ca\/International\/budget-bruxelles-demande-des-clarifications\/"},"modified":"2019-10-24T07:15:00","modified_gmt":"2019-10-24T11:15:00","slug":"budget-bruxelles-demande-des-clarifications","status":"publish","type":"post","link":"https:\/\/linitiative.ca\/International\/budget-bruxelles-demande-des-clarifications\/","title":{"rendered":"Budget: Bruxelles demande des clarifications"},"content":{"rendered":"<div class=\"dnd-atom-wrapper type-image context-sdl_editor_representation atom-align-right\" contenteditable=\"false\">\n<div class=\"dnd-drop-wrapper image\"><img loading=\"lazy\" decoding=\"async\" typeof=\"foaf:Image\" class=\"img-responsive\" src=\"https:\/\/www.leconomiste.com\/sites\/default\/files\/eco7\/public\/thumbnails\/image\/france_020.jpg\" width=\"191\" height=\"624\" alt=\"france_020.jpg\" title=\"france_020.jpg\"\/><\/div>\n<\/div>\n<p class=\"rtejustify\">Tout en \u00e9voquant des risques d&rsquo;\u00e9cart avec les r\u00e8gles europ\u00e9ennes, la Commission europ\u00e9enne a demand\u00e9 des clarifications \u00e0 la France et l&rsquo;Italie sur leur projet de budget 2020. L\u2019institution critique le fait que le projet de plan budg\u00e9taire pr\u00e9voit un effort structurel de 0,0% du PIB (Produit Int\u00e9rieur Brut) en valeur nominale.<\/p>\n<p class=\"rtejustify\">Le projet de plan budg\u00e9taire fran\u00e7ais ne respecterait pas non plus le rythme de r\u00e9f\u00e9rence de r\u00e9duction de la dette en 2020. Paris avait d\u00e9voil\u00e9 fin septembre son projet de budget 2020, pr\u00e9voyant un d\u00e9ficit public de 2,2% du PIB, apr\u00e8s 3,1% en 2019. Le gouvernement a d\u00fb toutefois r\u00e9duire ses ambitions en mati\u00e8re d&rsquo;assainissement de finances publiques.<\/p>\n<p class=\"rtejustify\">Pour r\u00e9pondre au mouvement des gilets jaunes, il avait annonc\u00e9 un total de pr\u00e8s de neuf milliards de r\u00e9ductions d&rsquo;imp\u00f4ts, dont la baisse de cinq milliards d&rsquo;euros de l&rsquo;imp\u00f4t sur le revenu pour les m\u00e9nages. De plus, la dette publique de la France devrait \u00e0 peine baisser en pourcentage du PIB, \u00e0 98,7% l&rsquo;an prochain, contre un bond de 98,8% en 2019.<\/p>\n<p class=\"rtejustify\">Hier mardi, l&rsquo;Assembl\u00e9e nationale devait approuver la partie recettes du projet de budget 2020. Juste apr\u00e8s, les d\u00e9put\u00e9s entameront l&rsquo;autre gros morceau du marathon budg\u00e9taire: le projet de budget de la S\u00e9curit\u00e9 sociale.<\/p>\n<p class=\"rtejustify\">Pour l&rsquo;Italie, c&rsquo;est pr\u00e9cis\u00e9ment sa colossale dette publique (la deuxi\u00e8me, en ratio, plus \u00e9lev\u00e9e de la zone euro derri\u00e8re la Gr\u00e8ce: 180%) qui est point\u00e9e du doigt par Bruxelles. Le chef du gouvernement italien, Giuseppe Conte, a aussit\u00f4t r\u00e9agi en promettant de fournir toutes les clarifications \u00e0 l&rsquo;UE.<\/p>\n<p class=\"rtejustify\">Quatre autres pays sont \u00e9galement dans le viseur de la Commission europ\u00e9enne pour leur projet de budget de l&rsquo;an prochain (toutefois dans une moindre mesure). Il s\u2019agit de la Belgique, du Portugal, de l&rsquo;Espagne et de la Finlande.<\/p>\n<p class=\"rtejustify\">\u00a0<\/p>\n<p>Auteur: hlafriqi<br \/>\n<a href=\"https:\/\/www.leconomiste.com\/article\/1052127-budget-bruxelles-demande-des-clarifications\">Cliquez ici pour lire l&rsquo;article depuis sa source.<\/a><\/p>\n","protected":false},"excerpt":{"rendered":"<p>Tout en \u00e9voquant des risques d&rsquo;\u00e9cart avec les r\u00e8gles europ\u00e9ennes, la Commission europ\u00e9enne a demand\u00e9 des clarifications \u00e0 la France et l&rsquo;Italie sur leur projet de budget 2020. L\u2019institution critique le fait que le projet de plan budg\u00e9taire pr\u00e9voit un effort structurel de 0,0% du PIB (Produit Int\u00e9rieur Brut) en valeur nominale. Le projet de [&hellip;]<\/p>\n","protected":false},"author":1763,"featured_media":65378,"comment_status":"closed","ping_status":"closed","sticky":false,"template":"","format":"standard","meta":{"fifu_image_url":"","fifu_image_alt":"","footnotes":""},"categories":[78,54],"tags":[],"class_list":["post-65377","post","type-post","status-publish","format-standard","has-post-thumbnail","hentry","category-economie","category-maroc"],"_links":{"self":[{"href":"https:\/\/linitiative.ca\/International\/wp-json\/wp\/v2\/posts\/65377","targetHints":{"allow":["GET"]}}],"collection":[{"href":"https:\/\/linitiative.ca\/International\/wp-json\/wp\/v2\/posts"}],"about":[{"href":"https:\/\/linitiative.ca\/International\/wp-json\/wp\/v2\/types\/post"}],"author":[{"embeddable":true,"href":"https:\/\/linitiative.ca\/International\/wp-json\/wp\/v2\/users\/1763"}],"replies":[{"embeddable":true,"href":"https:\/\/linitiative.ca\/International\/wp-json\/wp\/v2\/comments?post=65377"}],"version-history":[{"count":0,"href":"https:\/\/linitiative.ca\/International\/wp-json\/wp\/v2\/posts\/65377\/revisions"}],"wp:featuredmedia":[{"embeddable":true,"href":"https:\/\/linitiative.ca\/International\/wp-json\/"}],"wp:attachment":[{"href":"https:\/\/linitiative.ca\/International\/wp-json\/wp\/v2\/media?parent=65377"}],"wp:term":[{"taxonomy":"category","embeddable":true,"href":"https:\/\/linitiative.ca\/International\/wp-json\/wp\/v2\/categories?post=65377"},{"taxonomy":"post_tag","embeddable":true,"href":"https:\/\/linitiative.ca\/International\/wp-json\/wp\/v2\/tags?post=65377"}],"curies":[{"name":"wp","href":"https:\/\/api.w.org\/{rel}","templated":true}]}}