{"id":65379,"date":"2019-10-24T07:30:00","date_gmt":"2019-10-24T11:30:00","guid":{"rendered":"https:\/\/linitiative.ca\/International\/canada-un-deuxieme-mandat-pour-justin-trudeau\/"},"modified":"2019-10-24T07:30:00","modified_gmt":"2019-10-24T11:30:00","slug":"canada-un-deuxieme-mandat-pour-justin-trudeau","status":"publish","type":"post","link":"https:\/\/linitiative.ca\/International\/canada-un-deuxieme-mandat-pour-justin-trudeau\/","title":{"rendered":"Canada: Un deuxi\u00e8me mandat pour Justin Trudeau"},"content":{"rendered":"<div class=\"dnd-atom-wrapper type-image context-sdl_editor_representation atom-align-right\" contenteditable=\"false\" readability=\"31.5\">\n<div class=\"dnd-drop-wrapper image\"><img loading=\"lazy\" decoding=\"async\" typeof=\"foaf:Image\" class=\"img-responsive\" src=\"https:\/\/www.leconomiste.com\/sites\/default\/files\/eco7\/public\/thumbnails\/image\/justin_trudeau_020.jpg\" width=\"396\" height=\"397\" alt=\"justin_trudeau_020.jpg\" title=\"justin_trudeau_020.jpg\"\/><\/div>\n<div class=\"dnd-legend-wrapper\" contenteditable=\"true\" readability=\"8\">\n<p class=\"rtejustify\">Le Premier ministre Justin Trudeau est arriv\u00e9 en t\u00eate des \u00e9lections l\u00e9gislatives au Canada <em>(Ph. AFP)<\/em><\/p>\n<\/div>\n<\/div>\n<p class=\"rtejustify\">Le Premier ministre canadien Justin Trudeau a obtenu un deuxi\u00e8me mandat lundi 21 octobre. Le Parti lib\u00e9ral a remport\u00e9 156 si\u00e8ges \u00e0 la Chambre des communes sur un total de 338 si\u00e8ges, loin de la majorit\u00e9 absolue fix\u00e9e \u00e0 170 si\u00e8ges. Il sera amen\u00e9 \u00e0 solliciter l&rsquo;appui d&rsquo;une ou plusieurs petites formations pour disposer de la majorit\u00e9 au Parlement.<\/p>\n<p class=\"rtejustify\">Alors qu&rsquo;ils \u00e9taient donn\u00e9s au coude-\u00e0-coude avec les lib\u00e9raux par tous les sondages, les conservateurs devraient se contenter d&rsquo;un peu plus de 120 circonscriptions, suivis des ind\u00e9pendantistes du Bloc qu\u00e9b\u00e9cois (32) et du Nouveau Parti d\u00e9mocratique (NPD, gauche) avec 24 si\u00e8ges. Tous les dirigeants des grands partis ont \u00e9t\u00e9 r\u00e9\u00e9lus.<\/p>\n<p class=\"rtejustify\">\u00abCe soir, les Canadiens ont rejet\u00e9 la division, les coupes et l&rsquo;aust\u00e9rit\u00e9. Ils ont vot\u00e9 en faveur d&rsquo;un programme progressiste et d&rsquo;une action forte contre le changement climatique\u00bb, a lanc\u00e9 Justin Trudeau. Tout au long de la campagne, il a d\u00e9fendu son bilan: \u00e9conomie solide, cannabis l\u00e9galis\u00e9, taxe carbone, accueil de dizaines de milliers de r\u00e9fugi\u00e9s syriens, accords de libre-\u00e9change sign\u00e9s avec l&rsquo;Europe ou les Etats-Unis et le Mexique&#8230; Trudeau remporte donc son pari d&rsquo;un deuxi\u00e8me mandat.<\/p>\n<p class=\"rtejustify\">Et ce malgr\u00e9 les nombreux scandales qui ont marqu\u00e9 ses quatre ann\u00e9es au pouvoir et les attaques souvent virulentes de l&rsquo;opposition sur son bilan. Mais il ressort affaibli de ce scrutin pour se maintenir au pouvoir. Et il devra obtenir le soutien d&rsquo;un petit parti, vraisemblablement le NPD de Jagmeet Singh.<\/p>\n<p class=\"rtejustify\">Le dirigeant lib\u00e9ral devra donc entamer de d\u00e9licates discussions en vue d&rsquo;accords ponctuels lors des votes \u00e0 la Chambre. Il devra ensuite former un nouveau gouvernement, r\u00e9diger son programme l\u00e9gislatif puis le soumettre au vote du nouveau Parlement lors du discours du Tr\u00f4ne. C&rsquo;est lors de ce vote de confiance que le nouveau gouvernement minoritaire conna\u00eetra son bapt\u00eame du feu.<\/p>\n<p class=\"rtejustify\">Cette ann\u00e9e, le taux de participation a atteint 65,7% contre 68,3% en 2015. Il \u00e9tait de 61,1% en 2011 et 58,8% en 2008. Ce sont quelque 27,4 millions d&rsquo;\u00e9lecteurs qui \u00e9taient appel\u00e9s aux urnes pour d\u00e9partager les principales forces politiques. Environ 4,7 millions de Canadiens avaient vot\u00e9 par anticipation. Un chiffre en progression de 29% par rapport au scrutin de 2015 durant lequel les lib\u00e9raux avaient remport\u00e9 une large majorit\u00e9.<\/p>\n<p class=\"rtejustify\"><em>F. Z. T. avec agences<\/em><\/p>\n<p>Auteur: hlafriqi<br \/>\n<a href=\"https:\/\/www.leconomiste.com\/article\/1052137-canada-un-deuxieme-mandat-pour-justin-trudeau\">Cliquez ici pour lire l&rsquo;article depuis sa source.<\/a><\/p>\n","protected":false},"excerpt":{"rendered":"<p>Le Premier ministre Justin Trudeau est arriv\u00e9 en t\u00eate des \u00e9lections l\u00e9gislatives au Canada (Ph. AFP) Le Premier ministre canadien Justin Trudeau a obtenu un deuxi\u00e8me mandat lundi 21 octobre. Le Parti lib\u00e9ral a remport\u00e9 156 si\u00e8ges \u00e0 la Chambre des communes sur un total de 338 si\u00e8ges, loin de la majorit\u00e9 absolue fix\u00e9e \u00e0 [&hellip;]<\/p>\n","protected":false},"author":1763,"featured_media":65380,"comment_status":"closed","ping_status":"closed","sticky":false,"template":"","format":"standard","meta":{"fifu_image_url":"","fifu_image_alt":"","footnotes":""},"categories":[78,54],"tags":[],"class_list":["post-65379","post","type-post","status-publish","format-standard","has-post-thumbnail","hentry","category-economie","category-maroc"],"_links":{"self":[{"href":"https:\/\/linitiative.ca\/International\/wp-json\/wp\/v2\/posts\/65379","targetHints":{"allow":["GET"]}}],"collection":[{"href":"https:\/\/linitiative.ca\/International\/wp-json\/wp\/v2\/posts"}],"about":[{"href":"https:\/\/linitiative.ca\/International\/wp-json\/wp\/v2\/types\/post"}],"author":[{"embeddable":true,"href":"https:\/\/linitiative.ca\/International\/wp-json\/wp\/v2\/users\/1763"}],"replies":[{"embeddable":true,"href":"https:\/\/linitiative.ca\/International\/wp-json\/wp\/v2\/comments?post=65379"}],"version-history":[{"count":0,"href":"https:\/\/linitiative.ca\/International\/wp-json\/wp\/v2\/posts\/65379\/revisions"}],"wp:featuredmedia":[{"embeddable":true,"href":"https:\/\/linitiative.ca\/International\/wp-json\/"}],"wp:attachment":[{"href":"https:\/\/linitiative.ca\/International\/wp-json\/wp\/v2\/media?parent=65379"}],"wp:term":[{"taxonomy":"category","embeddable":true,"href":"https:\/\/linitiative.ca\/International\/wp-json\/wp\/v2\/categories?post=65379"},{"taxonomy":"post_tag","embeddable":true,"href":"https:\/\/linitiative.ca\/International\/wp-json\/wp\/v2\/tags?post=65379"}],"curies":[{"name":"wp","href":"https:\/\/api.w.org\/{rel}","templated":true}]}}