{"id":65398,"date":"2019-10-24T14:18:03","date_gmt":"2019-10-24T18:18:03","guid":{"rendered":"https:\/\/linitiative.ca\/International\/cellou-dalein-demande-au-president-conde-denterrer-son-idee-de-3eme-mandat\/"},"modified":"2019-10-24T14:18:03","modified_gmt":"2019-10-24T18:18:03","slug":"cellou-dalein-demande-au-president-conde-denterrer-son-idee-de-3eme-mandat","status":"publish","type":"post","link":"https:\/\/linitiative.ca\/International\/cellou-dalein-demande-au-president-conde-denterrer-son-idee-de-3eme-mandat\/","title":{"rendered":"Cellou Dalein demande au pr\u00e9sident Cond\u00e9 \u00ab d\u2019enterrer \u00bb son id\u00e9e de 3\u00e8me mandat"},"content":{"rendered":"<div readability=\"32\">\n<p>Publi\u00e9 le 24.10.2019 \u00e0 19h18 par APA News<\/p>\n<\/div>\n<div readability=\"58\">\n<p>Dans son allocution \u00e0 la marche du Front national pour la d\u00e9fense de la constitution (FNDC), jeudi \u00e0 Conakry, le chef de file de l\u2019opposition guin\u00e9enne, Cellou Dalein Diallo a demand\u00e9 au pr\u00e9sident Alpha Cond\u00e9 de mette fin \u00e0 son projet de nouvelle constitution en \u00ab enterrant \u00bb son id\u00e9e de 3\u00e8me mandat.Selon l\u2019ancien Premier ministre et pr\u00e9sident de \u00a0l\u2019Union des forces d\u00e9mocratiques de Guin\u00e9e (UFDG), cette nouvelle manifestation du FNDC est une marche \u00ab fun\u00e8bre du 3e mandat \u00bb.<\/p>\n<p>\u00ab Nous sommes au cimeti\u00e8re. Le 3e mandat doit \u00eatre enterr\u00e9 \u00e0 l\u2019esplanade du stade du 28 septembre. Nous attendons le p\u00e8re du 3e mandat. Mais comme il n\u2019est pas l\u00e0, on ne peut pas enterrer son fils en son absence, puisque nous sommes respectueux de nos traditions. Le cadavre est l\u00e0, nous attendons le p\u00e8re pour proc\u00e9der \u00e0 l\u2019enterrement d\u00e9finitif du 3emandat qui est d\u00e9j\u00e0 mort \u00bb, a ironis\u00e9 M. Diallo devant la foule.<\/p>\n<p>A son avis, les Guin\u00e9ens viennent d\u2019envoyer un message fort au chef de l\u2019\u00c9tat et \u00ab j\u2019esp\u00e8re qu\u2019il va faire preuve de sagesse et d\u00e9chiffrer le message et tirer toutes les cons\u00e9quences \u00bb.<\/p>\n<p>Lors de cette marche, les leaders du FNDC ont appel\u00e9 \u00e0 des journ\u00e9es \u00ab ville morte \u00bb les 28 et 29 octobre, et \u00e0 une marche le 30 octobre 2019.<\/p>\n<\/div>\n<p>Auteur: APA News<br \/>\n<a href=\"https:\/\/www.journalducameroun.com\/cellou-dalein-demande-au-president-conde-denterrer-son-idee-de-3eme-mandat\/\">Cliquez ici pour lire l&rsquo;article depuis sa source.<\/a><\/p>\n","protected":false},"excerpt":{"rendered":"<p>Publi\u00e9 le 24.10.2019 \u00e0 19h18 par APA News Dans son allocution \u00e0 la marche du Front national pour la d\u00e9fense de la constitution (FNDC), jeudi \u00e0 Conakry, le chef de file de l\u2019opposition guin\u00e9enne, Cellou Dalein Diallo a demand\u00e9 au pr\u00e9sident Alpha Cond\u00e9 de mette fin \u00e0 son projet de nouvelle constitution en \u00ab enterrant [&hellip;]<\/p>\n","protected":false},"author":1965,"featured_media":0,"comment_status":"closed","ping_status":"closed","sticky":false,"template":"","format":"standard","meta":{"fifu_image_url":"","fifu_image_alt":"","footnotes":""},"categories":[73,82],"tags":[],"class_list":["post-65398","post","type-post","status-publish","format-standard","hentry","category-actualite","category-cameroun"],"_links":{"self":[{"href":"https:\/\/linitiative.ca\/International\/wp-json\/wp\/v2\/posts\/65398","targetHints":{"allow":["GET"]}}],"collection":[{"href":"https:\/\/linitiative.ca\/International\/wp-json\/wp\/v2\/posts"}],"about":[{"href":"https:\/\/linitiative.ca\/International\/wp-json\/wp\/v2\/types\/post"}],"author":[{"embeddable":true,"href":"https:\/\/linitiative.ca\/International\/wp-json\/wp\/v2\/users\/1965"}],"replies":[{"embeddable":true,"href":"https:\/\/linitiative.ca\/International\/wp-json\/wp\/v2\/comments?post=65398"}],"version-history":[{"count":0,"href":"https:\/\/linitiative.ca\/International\/wp-json\/wp\/v2\/posts\/65398\/revisions"}],"wp:attachment":[{"href":"https:\/\/linitiative.ca\/International\/wp-json\/wp\/v2\/media?parent=65398"}],"wp:term":[{"taxonomy":"category","embeddable":true,"href":"https:\/\/linitiative.ca\/International\/wp-json\/wp\/v2\/categories?post=65398"},{"taxonomy":"post_tag","embeddable":true,"href":"https:\/\/linitiative.ca\/International\/wp-json\/wp\/v2\/tags?post=65398"}],"curies":[{"name":"wp","href":"https:\/\/api.w.org\/{rel}","templated":true}]}}