{"id":65401,"date":"2019-10-24T09:34:28","date_gmt":"2019-10-24T13:34:28","guid":{"rendered":"https:\/\/linitiative.ca\/International\/372-milliards-de-fcfa-de-produits-pharmaceutiques-importes-entre-2015-et-2019\/"},"modified":"2019-10-24T09:34:28","modified_gmt":"2019-10-24T13:34:28","slug":"372-milliards-de-fcfa-de-produits-pharmaceutiques-importes-entre-2015-et-2019","status":"publish","type":"post","link":"https:\/\/linitiative.ca\/International\/372-milliards-de-fcfa-de-produits-pharmaceutiques-importes-entre-2015-et-2019\/","title":{"rendered":"372 milliards de FCFA de produits pharmaceutiques import\u00e9s entre 2015 et 2019"},"content":{"rendered":"<div class=\"featured-area featured-area-inner\"><img loading=\"lazy\" decoding=\"async\" width=\"780\" height=\"405\" src=\"https:\/\/i2.wp.com\/ecomatin.net\/wp-content\/uploads\/2019\/10\/ecomatin.net-372-milliards-de-fcfa-de-produits-pharmaceutiques-importes-entre-2015-et-2019-pharmacie.jpg?resize=780%2C405&#038;ssl=1&#038;is-pending-load=1\" class=\"attachment-jannah-image-post size-jannah-image-post wp-post-image jetpack-lazy-image\" alt=\"\" data-attachment-id=\"13322\" data-permalink=\"https:\/\/ecomatin.net\/372-milliards-de-fcfa-de-produits-pharmaceutiques-importes-entre-2015-et-2019\/pharmacie\/\" data-orig-file=\"https:\/\/i2.wp.com\/ecomatin.net\/wp-content\/uploads\/2019\/10\/ecomatin.net-372-milliards-de-fcfa-de-produits-pharmaceutiques-importes-entre-2015-et-2019-pharmacie.jpg?fit=2048%2C1365&#038;ssl=1\" data-orig-size=\"2048,1365\" data-comments-opened=\"0\" data-image-meta=\"{\"aperture\":\"0\",\"credit\":\"\",\"camera\":\"\",\"caption\":\"\",\"created_timestamp\":\"0\",\"copyright\":\"\",\"focal_length\":\"0\",\"iso\":\"0\",\"shutter_speed\":\"0\",\"title\":\"\",\"orientation\":\"0\"}\" data-image-title=\"pharmacie\" data-image-description=\"\" data-medium-file=\"https:\/\/i2.wp.com\/ecomatin.net\/wp-content\/uploads\/2019\/10\/ecomatin.net-372-milliards-de-fcfa-de-produits-pharmaceutiques-importes-entre-2015-et-2019-pharmacie.jpg?fit=300%2C200&#038;ssl=1\" data-large-file=\"https:\/\/i2.wp.com\/ecomatin.net\/wp-content\/uploads\/2019\/10\/ecomatin.net-372-milliards-de-fcfa-de-produits-pharmaceutiques-importes-entre-2015-et-2019-pharmacie.jpg?fit=1024%2C683&#038;ssl=1\" data-lazy-srcset=\"https:\/\/i2.wp.com\/ecomatin.net\/wp-content\/uploads\/2019\/10\/ecomatin.net-372-milliards-de-fcfa-de-produits-pharmaceutiques-importes-entre-2015-et-2019-pharmacie.jpg?resize=780%2C405&#038;ssl=1 780w, https:\/\/i2.wp.com\/ecomatin.net\/wp-content\/uploads\/2019\/10\/ecomatin.net-372-milliards-de-fcfa-de-produits-pharmaceutiques-importes-entre-2015-et-2019-pharmacie.jpg?zoom=2&#038;resize=780%2C405&#038;ssl=1 1560w\" data-lazy-sizes=\"(max-width: 780px) 100vw, 780px\" srcset=\"data:image\/gif;base64,R0lGODlhAQABAIAAAAAAAP\/\/\/yH5BAEAAAAALAAAAAABAAEAAAIBRAA7\"\/><\/div>\n<div class=\"entry-content entry clearfix\" readability=\"59.2844324809\">\n<p>Le volume des produits pharmaceutiques import\u00e9s sur le territoire camerounais a co\u00fbt\u00e9 la somme de <strong>372 milliards de FCFA<\/strong> sur une p\u00e9riode de trois ans, allant de 2015 \u00e0 2017 selon un expos\u00e9 du ministre du Commerce sur <em>\u00ab\u00a0La strat\u00e9gie de promotion des produits camerounais dans l\u2019optique de la r\u00e9duction des importations\u00a0\u00bb.\u00a0<\/em> Ce qui correspond, \u00e0 en croire <strong>Luc Magloire Mbarga Atangana<\/strong>, \u00e0 une importation annuelle estim\u00e9e en moyenne \u00e0 <strong>120 milliards de FCFA<\/strong>.<\/p>\n<hr\/>\n<h5>>> Lire aussi \u2013<a href=\"https:\/\/ecomatin.net\/commerce-exterieur-les-importations-du-cameroun-se-consolident\/\">Commerce ext\u00e9rieur : les importations du Cameroun se consolident<\/a><\/h5>\n<hr\/>\n<p>La plupart de ces m\u00e9dicaments proviennent de l\u2019Union europ\u00e9enne pour des achats estim\u00e9s \u00e0 <strong>80 milliards FCFA<\/strong>. Des continents comme l\u2019Asie et l\u2019Am\u00e9rique absorbent un peu plus de <strong>13 milliards<\/strong> <strong>de FCFA<\/strong>.\u00a0 <em>\u00ab\u00a0Nul doute, ces importations, ont un co\u00fbt \u00e9lev\u00e9 pour notre \u00e9conomie \u00bb,<\/em> d\u00e9plore le membre du gouvernement.<\/p>\n<p>Pour tenter de r\u00e9sorber le probl\u00e8me, son homologue du minist\u00e8re de la Sant\u00e9 publique, <strong>Dr Manaouda Malachi,<\/strong> a sign\u00e9 le 17 juillet 2019 une lettre circulaire relative \u00e0 l\u2019interdiction d\u2019importation directe des produits pharmaceutiques par les pharmaciens d\u2019officine, sans obtention pr\u00e9alable d\u2019une autorisation d\u2019importation du minist\u00e8re de la Sant\u00e9 publique et d\u2019une autorisation de mise sur le march\u00e9 (AMM) dudit produit.<\/p>\n<hr\/>\n<h5>>> Lire aussi \u2013<a href=\"https:\/\/ecomatin.net\/commerce-exterieur-vers-une-limitation-des-importations-dans-les-secteurs-de-lagroalimentaire-le-cosmetique-et-la-cimenterie\/\">Commerce ext\u00e9rieur: vers une limitation des importations dans les secteurs de l\u2019agroalimentaire, le cosm\u00e9tique et la cimenterie<\/a><\/h5>\n<hr\/>\n<p>A cet effet, le Minsante recommande aux diff\u00e9rents acteurs de la cha\u00eene en l\u2019occurrence le Conseil national de l\u2019Ordre des pharmaciens du Cameroun, le Syndicat des pharmaciens d\u2019officines du Cameroun\u2026de mettre fin \u00e0 ces pratiques, qui sont de nature \u00e0 favoriser le trafic, la vente illicite du m\u00e9dicament et le d\u00e9veloppement du secteur informel, sous peine d\u2019une suspension d\u2019agr\u00e9ment pour les contrevenants. Tout en rappelant que l\u2019importation des produits pharmaceutiques rel\u00e8ve de la comp\u00e9tence des \u00e9tablissements de distribution en gros r\u00e9guli\u00e8rement agr\u00e9\u00e9es et assimil\u00e9s.<\/p>\n<div class=\"about-author about-author-box container-wrapper\">\n<div class=\"author-avatar\">\n<p><img decoding=\"async\" src=\"http:\/\/\" alt=\"\"\/><\/p>\n<\/div>\n<p><h4>La R\u00e9daction EcoMatin<\/h4>\n<\/p>\n<\/div>\n<div class=\"awac-wrapper awac widget blog_subscription-2\">\n<h4 class=\"widget-title\">Abonnez-vous \u00e0 notre lettre d&rsquo;information<\/h4>\n<\/div>\n<\/div>\n<div class=\"toggle-post-content clearfix\"><a id=\"toggle-post-button\" class=\"button\" href=\"#\">Afficher plus <\/a><\/div>\n<p>Auteur: EcoMatin<br \/>\n<a href=\"https:\/\/ecomatin.net\/372-milliards-de-fcfa-de-produits-pharmaceutiques-importes-entre-2015-et-2019\/\">Cliquez ici pour lire l&rsquo;article depuis sa source.<\/a><\/p>\n","protected":false},"excerpt":{"rendered":"<p>Le volume des produits pharmaceutiques import\u00e9s sur le territoire camerounais a co\u00fbt\u00e9 la somme de 372 milliards de FCFA sur une p\u00e9riode de trois ans, allant de 2015 \u00e0 2017 selon un expos\u00e9 du ministre du Commerce sur \u00ab\u00a0La strat\u00e9gie de promotion des produits camerounais dans l\u2019optique de la r\u00e9duction des importations\u00a0\u00bb.\u00a0 Ce qui correspond, [&hellip;]<\/p>\n","protected":false},"author":1969,"featured_media":0,"comment_status":"closed","ping_status":"closed","sticky":false,"template":"","format":"standard","meta":{"fifu_image_url":"","fifu_image_alt":"","footnotes":""},"categories":[82,78],"tags":[],"class_list":["post-65401","post","type-post","status-publish","format-standard","hentry","category-cameroun","category-economie"],"_links":{"self":[{"href":"https:\/\/linitiative.ca\/International\/wp-json\/wp\/v2\/posts\/65401","targetHints":{"allow":["GET"]}}],"collection":[{"href":"https:\/\/linitiative.ca\/International\/wp-json\/wp\/v2\/posts"}],"about":[{"href":"https:\/\/linitiative.ca\/International\/wp-json\/wp\/v2\/types\/post"}],"author":[{"embeddable":true,"href":"https:\/\/linitiative.ca\/International\/wp-json\/wp\/v2\/users\/1969"}],"replies":[{"embeddable":true,"href":"https:\/\/linitiative.ca\/International\/wp-json\/wp\/v2\/comments?post=65401"}],"version-history":[{"count":0,"href":"https:\/\/linitiative.ca\/International\/wp-json\/wp\/v2\/posts\/65401\/revisions"}],"wp:attachment":[{"href":"https:\/\/linitiative.ca\/International\/wp-json\/wp\/v2\/media?parent=65401"}],"wp:term":[{"taxonomy":"category","embeddable":true,"href":"https:\/\/linitiative.ca\/International\/wp-json\/wp\/v2\/categories?post=65401"},{"taxonomy":"post_tag","embeddable":true,"href":"https:\/\/linitiative.ca\/International\/wp-json\/wp\/v2\/tags?post=65401"}],"curies":[{"name":"wp","href":"https:\/\/api.w.org\/{rel}","templated":true}]}}