{"id":65403,"date":"2019-10-24T14:18:05","date_gmt":"2019-10-24T18:18:05","guid":{"rendered":"https:\/\/linitiative.ca\/International\/senegal-68-exposants-et-1500-participants-aux-rencontres-africa\/"},"modified":"2019-10-24T14:18:05","modified_gmt":"2019-10-24T18:18:05","slug":"senegal-68-exposants-et-1500-participants-aux-rencontres-africa","status":"publish","type":"post","link":"https:\/\/linitiative.ca\/International\/senegal-68-exposants-et-1500-participants-aux-rencontres-africa\/","title":{"rendered":"S\u00e9n\u00e9gal : 68 exposants et 1500 participants aux \u00ab Rencontres Africa \u00bb"},"content":{"rendered":"<div readability=\"32\">\n<p>Publi\u00e9 le 24.10.2019 \u00e0 19h18 par APA News<\/p>\n<\/div>\n<div readability=\"54\">\n<p>Au total, 68 exposants et plus de 1500 participants venus d\u2019Afrique, d\u2019Europe et d\u2019Am\u00e9rique prennent part, jeudi et vendredi \u00e0 Dakar, \u00e0 l\u2019\u00e9dition 2019 des \u00ab Rencontres Africa \u00bb, a appris APA aupr\u00e8s des organisateurs.Pr\u00e9sidant l\u2019ouverture officielle \u00a0de ces rencontres, le ministre s\u00e9n\u00e9galais de la Sant\u00e9 et de l\u2019Action sociale, Abdoulaye Diouf Sarr a soutenu que \u00ab c\u2019est l\u2019occasion de regarder les opportunit\u00e9s formidables qu\u2019offrent le S\u00e9n\u00e9gal \u00a0en mati\u00e8re d\u2019investissement dans des secteurs assez vari\u00e9s, mais aussi \u00e9changer sur les incoterms 2020 \u00bb.<\/p>\n<p>\u00ab Les Rencontres Africa permettent d\u2019avoir une visibilit\u00e9 parfaite sur le Plan d\u2019action prioritaire 2 du Plan S\u00e9n\u00e9gal Emergent (PAP2) et ses opportunit\u00e9s. Les packages du PAP2 trouveront des partenaires lors de ces rencontres \u00bb, a poursuivi le ministre Abdoulaye Diouf Sarr.<\/p>\n<p>De son c\u00f4t\u00e9, le directeur g\u00e9n\u00e9ral de de l\u2019Agence nationale charg\u00e9e de la promotion de l\u2019investissement et des grands travaux (APIX), Mountaga SY a salu\u00e9 les performances du \u00a0S\u00e9n\u00e9gal qui a gagn\u00e9 en quatre ans 56 places dans le classement \u00ab Doing Business \u00bb.<\/p>\n<\/div>\n<p>Auteur: APA News<br \/>\n<a href=\"https:\/\/www.journalducameroun.com\/senegal-68-exposants-et-1500-participants-aux-rencontres-africa\/\">Cliquez ici pour lire l&rsquo;article depuis sa source.<\/a><\/p>\n","protected":false},"excerpt":{"rendered":"<p>Publi\u00e9 le 24.10.2019 \u00e0 19h18 par APA News Au total, 68 exposants et plus de 1500 participants venus d\u2019Afrique, d\u2019Europe et d\u2019Am\u00e9rique prennent part, jeudi et vendredi \u00e0 Dakar, \u00e0 l\u2019\u00e9dition 2019 des \u00ab Rencontres Africa \u00bb, a appris APA aupr\u00e8s des organisateurs.Pr\u00e9sidant l\u2019ouverture officielle \u00a0de ces rencontres, le ministre s\u00e9n\u00e9galais de la Sant\u00e9 et [&hellip;]<\/p>\n","protected":false},"author":1965,"featured_media":0,"comment_status":"closed","ping_status":"closed","sticky":false,"template":"","format":"standard","meta":{"fifu_image_url":"","fifu_image_alt":"","footnotes":""},"categories":[73,82],"tags":[],"class_list":["post-65403","post","type-post","status-publish","format-standard","hentry","category-actualite","category-cameroun"],"_links":{"self":[{"href":"https:\/\/linitiative.ca\/International\/wp-json\/wp\/v2\/posts\/65403","targetHints":{"allow":["GET"]}}],"collection":[{"href":"https:\/\/linitiative.ca\/International\/wp-json\/wp\/v2\/posts"}],"about":[{"href":"https:\/\/linitiative.ca\/International\/wp-json\/wp\/v2\/types\/post"}],"author":[{"embeddable":true,"href":"https:\/\/linitiative.ca\/International\/wp-json\/wp\/v2\/users\/1965"}],"replies":[{"embeddable":true,"href":"https:\/\/linitiative.ca\/International\/wp-json\/wp\/v2\/comments?post=65403"}],"version-history":[{"count":0,"href":"https:\/\/linitiative.ca\/International\/wp-json\/wp\/v2\/posts\/65403\/revisions"}],"wp:attachment":[{"href":"https:\/\/linitiative.ca\/International\/wp-json\/wp\/v2\/media?parent=65403"}],"wp:term":[{"taxonomy":"category","embeddable":true,"href":"https:\/\/linitiative.ca\/International\/wp-json\/wp\/v2\/categories?post=65403"},{"taxonomy":"post_tag","embeddable":true,"href":"https:\/\/linitiative.ca\/International\/wp-json\/wp\/v2\/tags?post=65403"}],"curies":[{"name":"wp","href":"https:\/\/api.w.org\/{rel}","templated":true}]}}