{"id":65405,"date":"2019-10-24T10:58:07","date_gmt":"2019-10-24T14:58:07","guid":{"rendered":"https:\/\/linitiative.ca\/International\/alexandre-marie-yomo-face-au-defi-de-lenregistrement-des-naissances-en-afrique\/"},"modified":"2019-10-24T10:58:07","modified_gmt":"2019-10-24T14:58:07","slug":"alexandre-marie-yomo-face-au-defi-de-lenregistrement-des-naissances-en-afrique","status":"publish","type":"post","link":"https:\/\/linitiative.ca\/International\/alexandre-marie-yomo-face-au-defi-de-lenregistrement-des-naissances-en-afrique\/","title":{"rendered":"Alexandre Marie Yomo, face au d\u00e9fi de l\u2019enregistrement des naissances en Afrique"},"content":{"rendered":"<div class=\"entry-content entry clearfix\" readability=\"64\">\n<p><a href=\"https:\/\/i0.wp.com\/ecomatin.net\/wp-content\/uploads\/2019\/10\/ecomatin.net-alexandre-marie-yomo-face-au-defi-de-lenregistrement-des-naissances-en-afrique-dg-bunec.jpg?ssl=1\"><\/p>\n<p><img loading=\"lazy\" decoding=\"async\" data-attachment-id=\"13290\" data-permalink=\"https:\/\/ecomatin.net\/alexandre-marie-yomo-face-au-defi-de-lenregistrement-des-naissances-en-afrique\/dg-bunec\/\" data-orig-file=\"https:\/\/i0.wp.com\/ecomatin.net\/wp-content\/uploads\/2019\/10\/ecomatin.net-alexandre-marie-yomo-face-au-defi-de-lenregistrement-des-naissances-en-afrique-dg-bunec.jpg?fit=200%2C200&#038;ssl=1\" data-orig-size=\"200,200\" data-comments-opened=\"0\" data-image-meta=\"{\"aperture\":\"0\",\"credit\":\"\",\"camera\":\"\",\"caption\":\"\",\"created_timestamp\":\"0\",\"copyright\":\"\",\"focal_length\":\"0\",\"iso\":\"0\",\"shutter_speed\":\"0\",\"title\":\"\",\"orientation\":\"0\"}\" data-image-title=\"DG BUNEC\" data-image-description=\"\" data-medium-file=\"https:\/\/i0.wp.com\/ecomatin.net\/wp-content\/uploads\/2019\/10\/ecomatin.net-alexandre-marie-yomo-face-au-defi-de-lenregistrement-des-naissances-en-afrique-dg-bunec.jpg?fit=200%2C200&#038;ssl=1\" data-large-file=\"https:\/\/i0.wp.com\/ecomatin.net\/wp-content\/uploads\/2019\/10\/ecomatin.net-alexandre-marie-yomo-face-au-defi-de-lenregistrement-des-naissances-en-afrique-dg-bunec.jpg?fit=200%2C200&#038;ssl=1\" class=\" wp-image-13290 alignleft\" src=\"https:\/\/i0.wp.com\/ecomatin.net\/wp-content\/uploads\/2019\/10\/ecomatin.net-alexandre-marie-yomo-face-au-defi-de-lenregistrement-des-naissances-en-afrique-dg-bunec.jpg?resize=166%2C164&#038;ssl=1\" alt=\"\" width=\"166\" height=\"164\" srcset=\"https:\/\/i0.wp.com\/ecomatin.net\/wp-content\/uploads\/2019\/10\/ecomatin.net-alexandre-marie-yomo-face-au-defi-de-lenregistrement-des-naissances-en-afrique-dg-bunec.jpg?zoom=2&#038;resize=166%2C164&#038;ssl=1 332w, https:\/\/i0.wp.com\/ecomatin.net\/wp-content\/uploads\/2019\/10\/ecomatin.net-alexandre-marie-yomo-face-au-defi-de-lenregistrement-des-naissances-en-afrique-dg-bunec.jpg?zoom=3&#038;resize=166%2C164&#038;ssl=1 498w\" sizes=\"auto, (max-width: 166px) 100vw, 166px\" data-recalc-dims=\"1\"\/><\/p>\n<p><\/a>L\u2019Afrique ne doit plus compter d\u2019enfants invisibles. Environ <strong>37%<\/strong> d\u2019enfants vivent en Afrique sub-saharienne sans acte naissance, selon le rapport sur l\u2019enregistrement des naissances de l\u2019Unicef.\u00a0 Et sans identit\u00e9 l\u00e9gale, les enfants encourent de grands risques. Ils sont \u00e0 la merci des violences, du travail forc\u00e9, du mariage pr\u00e9coce, de l\u2019emprisonnement abusif, de la s\u00e9paration de leurs proches, etc.<\/p>\n<p>La mission d\u2019<strong>Alexandre Marie Yomo<\/strong>, en tant que nouveau pr\u00e9sident du Comit\u00e9 provisoire des directeurs africains de l\u2019\u00e9tat-civil (organe mis en place par la Commission \u00e9conomique pour l\u2019Afrique) est donc d\u2019adopter avec ses pairs africains une approche int\u00e9gr\u00e9e et novatrice pour l\u2019am\u00e9lioration acc\u00e9l\u00e9r\u00e9e des syst\u00e8mes d\u2019enregistrement des faits d\u2019\u00e9tat-civil et d\u2019\u00e9tablissement des statistiques d\u2019\u00e9tat civil, et des syst\u00e8mes nationaux de gestion de l\u2019identification afin de combler le foss\u00e9 identitaire en Afrique. Au plan national, 2 enfants sur 3 vivent sans acte de naissance. Dans la r\u00e9gion de l\u2019Extr\u00eame-Nord, plus de <strong>400\u00a0000<\/strong> enfants ne poss\u00e8dent pas un acte de naissance, selon une \u00e9tude men\u00e9e \u00e0 Maroua, chef-lieu de cette r\u00e9gion, par le BUNEC en avril 2019.<\/p>\n<p><strong>Alexandre Marie Yomo<\/strong>, par ailleurs directeur g\u00e9n\u00e9ral du BUNEC, a \u00e9t\u00e9 port\u00e9 \u00e0 ce poste \u00e0 l\u2019issue des travaux de la 5<sup>\u00e8me<\/sup> conf\u00e9rence des ministres africains charg\u00e9s de l\u2019enregistrement des faits d\u2019\u00e9tat-civil, qui ont eu lieu du 14 au 18 octobre 2019 \u00e0 Lusaka en Zambie. N\u00e9 le 19 avril 1956 \u00e0 Yaound\u00e9, il a \u00e9t\u00e9 port\u00e9 \u00e0 la t\u00eate du BUNEC par d\u00e9cret pr\u00e9sidentiel le 28 septembre 2015. Il acc\u00e8de \u00e0 cette haute responsabilit\u00e9 apr\u00e8s avoir occup\u00e9 pendant une d\u00e9cennie les fonctions de directeur des affaires politiques au minist\u00e8re de l\u2019Administration territoriale. Il a suivi la mise en \u0153uvre du programme de r\u00e9habilitation de l\u2019\u00e9tat civil du Cameroun de 2010 \u00e0 2017 et a coordonn\u00e9 l\u2019\u00e9valuation compl\u00e9mentaire du syst\u00e8me d\u2019\u00e9tat civil du Cameroun en 2016, ainsi qu\u2019\u00e0 l\u2019\u00e9laboration du plan strat\u00e9gique pour la r\u00e9habilitation de l\u2019\u00e9tat civil au Cameroun en 2017.<\/p>\n<div class=\"about-author about-author-box container-wrapper\">\n<div class=\"author-avatar\">\n<p><img decoding=\"async\" src=\"http:\/\/\" alt=\"\"\/><\/p>\n<\/div>\n<p><h4>La R\u00e9daction EcoMatin<\/h4>\n<\/p>\n<\/div>\n<div class=\"awac-wrapper awac widget blog_subscription-2\">\n<h4 class=\"widget-title\">Abonnez-vous \u00e0 notre lettre d&rsquo;information<\/h4>\n<\/div>\n<\/div>\n<div class=\"toggle-post-content clearfix\"><a id=\"toggle-post-button\" class=\"button\" href=\"#\">Afficher plus <\/a><\/div>\n<p>Auteur: EcoMatin<br \/>\n<a href=\"https:\/\/ecomatin.net\/alexandre-marie-yomo-face-au-defi-de-lenregistrement-des-naissances-en-afrique\/\">Cliquez ici pour lire l&rsquo;article depuis sa source.<\/a><\/p>\n","protected":false},"excerpt":{"rendered":"<p>L\u2019Afrique ne doit plus compter d\u2019enfants invisibles. Environ 37% d\u2019enfants vivent en Afrique sub-saharienne sans acte naissance, selon le rapport sur l\u2019enregistrement des naissances de l\u2019Unicef.\u00a0 Et sans identit\u00e9 l\u00e9gale, les enfants encourent de grands risques. Ils sont \u00e0 la merci des violences, du travail forc\u00e9, du mariage pr\u00e9coce, de l\u2019emprisonnement abusif, de la s\u00e9paration [&hellip;]<\/p>\n","protected":false},"author":1969,"featured_media":0,"comment_status":"closed","ping_status":"closed","sticky":false,"template":"","format":"standard","meta":{"fifu_image_url":"","fifu_image_alt":"","footnotes":""},"categories":[82,78],"tags":[],"class_list":["post-65405","post","type-post","status-publish","format-standard","hentry","category-cameroun","category-economie"],"_links":{"self":[{"href":"https:\/\/linitiative.ca\/International\/wp-json\/wp\/v2\/posts\/65405","targetHints":{"allow":["GET"]}}],"collection":[{"href":"https:\/\/linitiative.ca\/International\/wp-json\/wp\/v2\/posts"}],"about":[{"href":"https:\/\/linitiative.ca\/International\/wp-json\/wp\/v2\/types\/post"}],"author":[{"embeddable":true,"href":"https:\/\/linitiative.ca\/International\/wp-json\/wp\/v2\/users\/1969"}],"replies":[{"embeddable":true,"href":"https:\/\/linitiative.ca\/International\/wp-json\/wp\/v2\/comments?post=65405"}],"version-history":[{"count":0,"href":"https:\/\/linitiative.ca\/International\/wp-json\/wp\/v2\/posts\/65405\/revisions"}],"wp:attachment":[{"href":"https:\/\/linitiative.ca\/International\/wp-json\/wp\/v2\/media?parent=65405"}],"wp:term":[{"taxonomy":"category","embeddable":true,"href":"https:\/\/linitiative.ca\/International\/wp-json\/wp\/v2\/categories?post=65405"},{"taxonomy":"post_tag","embeddable":true,"href":"https:\/\/linitiative.ca\/International\/wp-json\/wp\/v2\/tags?post=65405"}],"curies":[{"name":"wp","href":"https:\/\/api.w.org\/{rel}","templated":true}]}}